{"id":186732,"date":"2021-05-25T13:17:37","date_gmt":"2021-05-25T12:17:37","guid":{"rendered":"https:\/\/www.recom.link\/?p=186732"},"modified":"2021-06-08T13:52:42","modified_gmt":"2021-06-08T12:52:42","slug":"tuzlaci-u-suzama-odali-pocast-ubijenoj-mladosti-kapija-je-rana-koja-ne-zarasta","status":"publish","type":"post","link":"https:\/\/www.recom.link\/bhsc\/tuzlaci-u-suzama-odali-pocast-ubijenoj-mladosti-kapija-je-rana-koja-ne-zarasta\/","title":{"rendered":"Tuzlaci u suzama odali po\u010dast ubijenoj mladosti: Kapija je rana koja ne zarasta"},"content":{"rendered":"<div id=\"excerpt\" class=\"mt-5 md:mt-2 xl:mt-3 mb-5 font-sans font-semibold text-lg lg:text-xl leading-6 md:leading-7\"><strong>Prije ta\u010dno 26 godina uga\u0161en je 71 mladi \u017eivot, a svima njima danas je jo\u0161 jednom odata po\u010dast na mjestu po\u010dinjenog masakra na Kapiji u Tuzli. Gra\u0111ani su poru\u010dili da se stravi\u010dni zlo\u010din ne smije ponoviti, a vlast da je Kapija rana koja ne zarasta.<\/strong><\/div>\n<div class=\"bg-gray-100\"><\/div>\n<p id=\"text\" class=\"break-words mt-3 prose prose-md prose-indigo text-lg lg:text-xl space-y-4 mb-3 leading-6 md:leading-7\">Uz \u010dlanove porodica stradalih, obilje\u017eavanju godi\u0161njice masakra na Kapiji, danas su prisustvovali i uglednici iz javnog i politi\u010dkog \u017eivota Tuzle i Tuzlanskog kantona, Federacije Bosne i Hercegovine, dr\u017eavnog vrha te nevladinog sektora.<\/p>\n<div>\n<p>Gradona\u010delnik Tuzle Jasmin Imamovi\u0107 danas je kazao da se u ovom gradu spomeni\u010dkom i manifestacionom kulturom, zatim knjigama i komemorativnim obilje\u017eavanjem poru\u010duje da gra\u0111ani zaboraviti ne\u0107e masakr na Kapiji.<\/p>\n<p>&#8220;Mladost Tuzle bila je \u017ertva najte\u017eeg mogu\u0107eg zlo\u010dina prije 26 godina. Mi pamtimo i opominjemo ovom manifestacijom, obnovljenim spomen grobljem na Slanoj banji i na\u0161im memorijalnim centrom koji smo otvorili pro\u0161le godine. Ovo se zaboraviti ne mo\u017ee jer je Kapija stra\u0161na kolektivna tragedija i rana koja ne zarasta&#8221;, naglasio je Imamovi\u0107.<\/p>\n<p>Za premijera Tuzlanskog kantona Kadriju Hod\u017ei\u0107a kobnog 25. maja 1995. godine, kada je trebalo da slavimo \u017eivot, pokidan je 71 cvijet.<\/p>\n<p>&#8220;Pokidani su \u017eivoti mladih ljudi. Do\u017eivljena je biolo\u0161ka tragedija. Otpor smo tada davali suzama i dizanjem ruku u nebo. Otpor sada treba da bude izra\u017een brigom za mlade, brigom za kvalitetno obrazovanje, zapo\u0161ljavanje, stvaranje uslova za sigurnost i povjerenje u dru\u0161tvo. To je upravo onaj pijetet koji smo du\u017eni tim ljudima, jer bi upravo oni \u017eeljeli da imaju takvo stanje&#8221;, poru\u010dio je on.<\/p>\n<p>Za stravi\u010dan zlo\u010din na Kapiji pred Sudom Bosne i Hercegovine na 20 godina zatvora osu\u0111en je nekada\u0161nji komandant Takti\u010dke grupe Ozren Novak \u0110uki\u0107, a kako je navedeno u presudi, on je naredio da se topovskim projektilima ga\u0111aju civilni ciljevi u Tuzli.<\/p>\n<p>Iako bi trebao biti iza zatvorksih re\u0161etaka, to se jo\u0161 uvijek nije dogodilo, \u0161to posebno poga\u0111a Tuzlake.<\/p>\n<p>&#8220;Njega Srbija dr\u017ei tamo i mi od njihove vlasti zahtjevamo da predaju ratnog zlo\u010dinca BiH te da on odslu\u017ei kaznu. To je sramota koja se doga\u0111a. Ako ga ne predaju zna\u010di da negiraju zlo\u010din, a to je prijetnja novim zlo\u010dinom. Nadamo se da na Balkanu mo\u017ee biti mira i pomirenja, ali neka svi ratni zlo\u010dinci zavr\u0161e u zatvoru&#8221;, poru\u010dio je gradona\u010delnik Tuzle.<\/p>\n<p>Ve\u010deras ta\u010dno u 20 sati i 55 minuta u Tuzli \u0107e se oglasiti i sirena za uzbunu, koja je jo\u0161 jedan znak na prisje\u0107anje na stravi\u010dni doga\u0111aj u kojem je prosje\u010dna dob smrtno stradalih ne\u0161to ni\u017ea od 24 godine.<\/p>\n<\/div>\n<p>&nbsp;<\/p>\n<hr \/>\n<p><em>Ovaj tekst je preuzet sa portala <a href=\"https:\/\/www.klix.ba\/vijesti\/bih\/tuzlaci-u-suzama-odali-pocast-ubijenoj-mladosti-kapija-je-rana-koja-ne-zarasta\/210525081\" target=\"_blank\" rel=\"noopener\">klix.ba.<\/a><\/em><\/p>\n","protected":false},"excerpt":{"rendered":"Prije ta\u010dno 26 godina uga\u0161en je 71 mladi \u017eivot, a svima njima danas je jo\u0161 jednom odata po\u010dast na mjestu&#8230; ","protected":false},"author":8,"featured_media":186738,"comment_status":"closed","ping_status":"open","sticky":false,"template":"","format":"standard","meta":{"_acf_changed":false,"footnotes":""},"categories":[1789],"tags":[3452,3677,3676,3678,1912],"class_list":["post-186732","post","type-post","status-publish","format-standard","has-post-thumbnail","hentry","category-memorijalizacija","tag-godisnjica","tag-jasmin-imamovic","tag-kapija","tag-ozren-novak-dukic","tag-tuzla"],"acf":[],"yoast_head":"<!-- This site is optimized with the Yoast SEO plugin v25.6 - https:\/\/yoast.com\/wordpress\/plugins\/seo\/ -->\n<title>Godi\u0161njica masakra na Kapiji - REKOM ~ KOMRA ~ RECOM -<\/title>\n<meta name=\"description\" content=\"Prije ta\u010dno 26 godina uga\u0161en je 71 mladi \u017eivot, a svima njima danas je jo\u0161 jednom odata po\u010dast na mjestu po\u010dinjenog masakra na Kapiji u Tuzli.\" \/>\n<meta name=\"robots\" content=\"index, follow, max-snippet:-1, max-image-preview:large, max-video-preview:-1\" \/>\n<link rel=\"canonical\" href=\"https:\/\/www.recom.link\/bhsc\/tuzlaci-u-suzama-odali-pocast-ubijenoj-mladosti-kapija-je-rana-koja-ne-zarasta\/\" \/>\n<meta property=\"og:locale\" content=\"en_US\" \/>\n<meta property=\"og:type\" content=\"article\" \/>\n<meta property=\"og:title\" content=\"Godi\u0161njica masakra na Kapiji - REKOM ~ KOMRA ~ RECOM -\" \/>\n<meta property=\"og:description\" content=\"Prije ta\u010dno 26 godina uga\u0161en je 71 mladi \u017eivot, a svima njima danas je jo\u0161 jednom odata po\u010dast na mjestu po\u010dinjenog masakra na Kapiji u Tuzli.\" \/>\n<meta property=\"og:url\" content=\"https:\/\/www.recom.link\/bhsc\/tuzlaci-u-suzama-odali-pocast-ubijenoj-mladosti-kapija-je-rana-koja-ne-zarasta\/\" \/>\n<meta property=\"og:site_name\" content=\"REKOM ~ KOMRA ~ RECOM\" \/>\n<meta property=\"article:publisher\" content=\"https:\/\/www.facebook.com\/ZaREKOM.PerKOMRA.ForRECOM\/\" \/>\n<meta property=\"article:published_time\" content=\"2021-05-25T12:17:37+00:00\" \/>\n<meta property=\"article:modified_time\" content=\"2021-06-08T12:52:42+00:00\" \/>\n<meta property=\"og:image\" content=\"https:\/\/www.recom.link\/wp-content\/uploads\/2021\/05\/Tuzla.png\" \/>\n\t<meta property=\"og:image:width\" content=\"1198\" \/>\n\t<meta property=\"og:image:height\" content=\"788\" \/>\n\t<meta property=\"og:image:type\" content=\"image\/png\" \/>\n<meta name=\"author\" content=\"Recom Editor\" \/>\n<meta name=\"twitter:card\" content=\"summary_large_image\" \/>\n<meta name=\"twitter:creator\" content=\"@REKOM_KOMRA\" \/>\n<meta name=\"twitter:site\" content=\"@REKOM_KOMRA\" \/>\n<meta name=\"twitter:label1\" content=\"Written by\" \/>\n\t<meta name=\"twitter:data1\" content=\"Recom Editor\" \/>\n\t<meta name=\"twitter:label2\" content=\"Est. reading time\" \/>\n\t<meta name=\"twitter:data2\" content=\"2 minutes\" \/>\n<script type=\"application\/ld+json\" class=\"yoast-schema-graph\">{\"@context\":\"https:\/\/schema.org\",\"@graph\":[{\"@type\":\"WebPage\",\"@id\":\"https:\/\/www.recom.link\/bhsc\/tuzlaci-u-suzama-odali-pocast-ubijenoj-mladosti-kapija-je-rana-koja-ne-zarasta\/\",\"url\":\"https:\/\/www.recom.link\/bhsc\/tuzlaci-u-suzama-odali-pocast-ubijenoj-mladosti-kapija-je-rana-koja-ne-zarasta\/\",\"name\":\"Godi\u0161njica masakra na Kapiji - REKOM ~ KOMRA ~ RECOM -\",\"isPartOf\":{\"@id\":\"https:\/\/www.recom.link\/en\/#website\"},\"primaryImageOfPage\":{\"@id\":\"https:\/\/www.recom.link\/bhsc\/tuzlaci-u-suzama-odali-pocast-ubijenoj-mladosti-kapija-je-rana-koja-ne-zarasta\/#primaryimage\"},\"image\":{\"@id\":\"https:\/\/www.recom.link\/bhsc\/tuzlaci-u-suzama-odali-pocast-ubijenoj-mladosti-kapija-je-rana-koja-ne-zarasta\/#primaryimage\"},\"thumbnailUrl\":\"https:\/\/www.recom.link\/wp-content\/uploads\/2021\/05\/Tuzla.png\",\"datePublished\":\"2021-05-25T12:17:37+00:00\",\"dateModified\":\"2021-06-08T12:52:42+00:00\",\"author\":{\"@id\":\"https:\/\/www.recom.link\/en\/#\/schema\/person\/0b0fce47cdf986c8b4194146b69999a3\"},\"description\":\"Prije ta\u010dno 26 godina uga\u0161en je 71 mladi \u017eivot, a svima njima danas je jo\u0161 jednom odata po\u010dast na mjestu po\u010dinjenog masakra na Kapiji u Tuzli.\",\"breadcrumb\":{\"@id\":\"https:\/\/www.recom.link\/bhsc\/tuzlaci-u-suzama-odali-pocast-ubijenoj-mladosti-kapija-je-rana-koja-ne-zarasta\/#breadcrumb\"},\"inLanguage\":\"bhsc\",\"potentialAction\":[{\"@type\":\"ReadAction\",\"target\":[\"https:\/\/www.recom.link\/bhsc\/tuzlaci-u-suzama-odali-pocast-ubijenoj-mladosti-kapija-je-rana-koja-ne-zarasta\/\"]}]},{\"@type\":\"ImageObject\",\"inLanguage\":\"bhsc\",\"@id\":\"https:\/\/www.recom.link\/bhsc\/tuzlaci-u-suzama-odali-pocast-ubijenoj-mladosti-kapija-je-rana-koja-ne-zarasta\/#primaryimage\",\"url\":\"https:\/\/www.recom.link\/wp-content\/uploads\/2021\/05\/Tuzla.png\",\"contentUrl\":\"https:\/\/www.recom.link\/wp-content\/uploads\/2021\/05\/Tuzla.png\",\"width\":1198,\"height\":788,\"caption\":\"masakra na Kapiji\"},{\"@type\":\"BreadcrumbList\",\"@id\":\"https:\/\/www.recom.link\/bhsc\/tuzlaci-u-suzama-odali-pocast-ubijenoj-mladosti-kapija-je-rana-koja-ne-zarasta\/#breadcrumb\",\"itemListElement\":[{\"@type\":\"ListItem\",\"position\":1,\"name\":\"Home\",\"item\":\"https:\/\/www.recom.link\/en\/\"},{\"@type\":\"ListItem\",\"position\":2,\"name\":\"Tuzlaci u suzama odali po\u010dast ubijenoj mladosti: Kapija je rana koja ne zarasta\"}]},{\"@type\":\"WebSite\",\"@id\":\"https:\/\/www.recom.link\/en\/#website\",\"url\":\"https:\/\/www.recom.link\/en\/\",\"name\":\"REKOM ~ KOMRA ~ RECOM\",\"description\":\"\",\"potentialAction\":[{\"@type\":\"SearchAction\",\"target\":{\"@type\":\"EntryPoint\",\"urlTemplate\":\"https:\/\/www.recom.link\/en\/?s={search_term_string}\"},\"query-input\":{\"@type\":\"PropertyValueSpecification\",\"valueRequired\":true,\"valueName\":\"search_term_string\"}}],\"inLanguage\":\"bhsc\"},{\"@type\":\"Person\",\"@id\":\"https:\/\/www.recom.link\/en\/#\/schema\/person\/0b0fce47cdf986c8b4194146b69999a3\",\"name\":\"Recom Editor\",\"image\":{\"@type\":\"ImageObject\",\"inLanguage\":\"bhsc\",\"@id\":\"https:\/\/www.recom.link\/en\/#\/schema\/person\/image\/\",\"url\":\"https:\/\/secure.gravatar.com\/avatar\/b345ee03975bccfc62280b0fd1ffd916?s=96&d=mm&r=g\",\"contentUrl\":\"https:\/\/secure.gravatar.com\/avatar\/b345ee03975bccfc62280b0fd1ffd916?s=96&d=mm&r=g\",\"caption\":\"Recom Editor\"},\"url\":\"https:\/\/www.recom.link\/bhsc\/author\/jelanag\/\"}]}<\/script>\n<!-- \/ Yoast SEO plugin. -->","yoast_head_json":{"title":"Godi\u0161njica masakra na Kapiji - REKOM ~ KOMRA ~ RECOM -","description":"Prije ta\u010dno 26 godina uga\u0161en je 71 mladi \u017eivot, a svima njima danas je jo\u0161 jednom odata po\u010dast na mjestu po\u010dinjenog masakra na Kapiji u Tuzli.","robots":{"index":"index","follow":"follow","max-snippet":"max-snippet:-1","max-image-preview":"max-image-preview:large","max-video-preview":"max-video-preview:-1"},"canonical":"https:\/\/www.recom.link\/bhsc\/tuzlaci-u-suzama-odali-pocast-ubijenoj-mladosti-kapija-je-rana-koja-ne-zarasta\/","og_locale":"en_US","og_type":"article","og_title":"Godi\u0161njica masakra na Kapiji - REKOM ~ KOMRA ~ RECOM -","og_description":"Prije ta\u010dno 26 godina uga\u0161en je 71 mladi \u017eivot, a svima njima danas je jo\u0161 jednom odata po\u010dast na mjestu po\u010dinjenog masakra na Kapiji u Tuzli.","og_url":"https:\/\/www.recom.link\/bhsc\/tuzlaci-u-suzama-odali-pocast-ubijenoj-mladosti-kapija-je-rana-koja-ne-zarasta\/","og_site_name":"REKOM ~ KOMRA ~ RECOM","article_publisher":"https:\/\/www.facebook.com\/ZaREKOM.PerKOMRA.ForRECOM\/","article_published_time":"2021-05-25T12:17:37+00:00","article_modified_time":"2021-06-08T12:52:42+00:00","og_image":[{"width":1198,"height":788,"url":"https:\/\/www.recom.link\/wp-content\/uploads\/2021\/05\/Tuzla.png","type":"image\/png"}],"author":"Recom Editor","twitter_card":"summary_large_image","twitter_creator":"@REKOM_KOMRA","twitter_site":"@REKOM_KOMRA","twitter_misc":{"Written by":"Recom Editor","Est. reading time":"2 minutes"},"schema":{"@context":"https:\/\/schema.org","@graph":[{"@type":"WebPage","@id":"https:\/\/www.recom.link\/bhsc\/tuzlaci-u-suzama-odali-pocast-ubijenoj-mladosti-kapija-je-rana-koja-ne-zarasta\/","url":"https:\/\/www.recom.link\/bhsc\/tuzlaci-u-suzama-odali-pocast-ubijenoj-mladosti-kapija-je-rana-koja-ne-zarasta\/","name":"Godi\u0161njica masakra na Kapiji - REKOM ~ KOMRA ~ RECOM -","isPartOf":{"@id":"https:\/\/www.recom.link\/en\/#website"},"primaryImageOfPage":{"@id":"https:\/\/www.recom.link\/bhsc\/tuzlaci-u-suzama-odali-pocast-ubijenoj-mladosti-kapija-je-rana-koja-ne-zarasta\/#primaryimage"},"image":{"@id":"https:\/\/www.recom.link\/bhsc\/tuzlaci-u-suzama-odali-pocast-ubijenoj-mladosti-kapija-je-rana-koja-ne-zarasta\/#primaryimage"},"thumbnailUrl":"https:\/\/www.recom.link\/wp-content\/uploads\/2021\/05\/Tuzla.png","datePublished":"2021-05-25T12:17:37+00:00","dateModified":"2021-06-08T12:52:42+00:00","author":{"@id":"https:\/\/www.recom.link\/en\/#\/schema\/person\/0b0fce47cdf986c8b4194146b69999a3"},"description":"Prije ta\u010dno 26 godina uga\u0161en je 71 mladi \u017eivot, a svima njima danas je jo\u0161 jednom odata po\u010dast na mjestu po\u010dinjenog masakra na Kapiji u Tuzli.","breadcrumb":{"@id":"https:\/\/www.recom.link\/bhsc\/tuzlaci-u-suzama-odali-pocast-ubijenoj-mladosti-kapija-je-rana-koja-ne-zarasta\/#breadcrumb"},"inLanguage":"bhsc","potentialAction":[{"@type":"ReadAction","target":["https:\/\/www.recom.link\/bhsc\/tuzlaci-u-suzama-odali-pocast-ubijenoj-mladosti-kapija-je-rana-koja-ne-zarasta\/"]}]},{"@type":"ImageObject","inLanguage":"bhsc","@id":"https:\/\/www.recom.link\/bhsc\/tuzlaci-u-suzama-odali-pocast-ubijenoj-mladosti-kapija-je-rana-koja-ne-zarasta\/#primaryimage","url":"https:\/\/www.recom.link\/wp-content\/uploads\/2021\/05\/Tuzla.png","contentUrl":"https:\/\/www.recom.link\/wp-content\/uploads\/2021\/05\/Tuzla.png","width":1198,"height":788,"caption":"masakra na Kapiji"},{"@type":"BreadcrumbList","@id":"https:\/\/www.recom.link\/bhsc\/tuzlaci-u-suzama-odali-pocast-ubijenoj-mladosti-kapija-je-rana-koja-ne-zarasta\/#breadcrumb","itemListElement":[{"@type":"ListItem","position":1,"name":"Home","item":"https:\/\/www.recom.link\/en\/"},{"@type":"ListItem","position":2,"name":"Tuzlaci u suzama odali po\u010dast ubijenoj mladosti: Kapija je rana koja ne zarasta"}]},{"@type":"WebSite","@id":"https:\/\/www.recom.link\/en\/#website","url":"https:\/\/www.recom.link\/en\/","name":"REKOM ~ KOMRA ~ RECOM","description":"","potentialAction":[{"@type":"SearchAction","target":{"@type":"EntryPoint","urlTemplate":"https:\/\/www.recom.link\/en\/?s={search_term_string}"},"query-input":{"@type":"PropertyValueSpecification","valueRequired":true,"valueName":"search_term_string"}}],"inLanguage":"bhsc"},{"@type":"Person","@id":"https:\/\/www.recom.link\/en\/#\/schema\/person\/0b0fce47cdf986c8b4194146b69999a3","name":"Recom Editor","image":{"@type":"ImageObject","inLanguage":"bhsc","@id":"https:\/\/www.recom.link\/en\/#\/schema\/person\/image\/","url":"https:\/\/secure.gravatar.com\/avatar\/b345ee03975bccfc62280b0fd1ffd916?s=96&d=mm&r=g","contentUrl":"https:\/\/secure.gravatar.com\/avatar\/b345ee03975bccfc62280b0fd1ffd916?s=96&d=mm&r=g","caption":"Recom Editor"},"url":"https:\/\/www.recom.link\/bhsc\/author\/jelanag\/"}]}},"_links":{"self":[{"href":"https:\/\/www.recom.link\/bhsc\/wp-json\/wp\/v2\/posts\/186732"}],"collection":[{"href":"https:\/\/www.recom.link\/bhsc\/wp-json\/wp\/v2\/posts"}],"about":[{"href":"https:\/\/www.recom.link\/bhsc\/wp-json\/wp\/v2\/types\/post"}],"author":[{"embeddable":true,"href":"https:\/\/www.recom.link\/bhsc\/wp-json\/wp\/v2\/users\/8"}],"replies":[{"embeddable":true,"href":"https:\/\/www.recom.link\/bhsc\/wp-json\/wp\/v2\/comments?post=186732"}],"version-history":[{"count":4,"href":"https:\/\/www.recom.link\/bhsc\/wp-json\/wp\/v2\/posts\/186732\/revisions"}],"predecessor-version":[{"id":186746,"href":"https:\/\/www.recom.link\/bhsc\/wp-json\/wp\/v2\/posts\/186732\/revisions\/186746"}],"wp:featuredmedia":[{"embeddable":true,"href":"https:\/\/www.recom.link\/bhsc\/wp-json\/wp\/v2\/media\/186738"}],"wp:attachment":[{"href":"https:\/\/www.recom.link\/bhsc\/wp-json\/wp\/v2\/media?parent=186732"}],"wp:term":[{"taxonomy":"category","embeddable":true,"href":"https:\/\/www.recom.link\/bhsc\/wp-json\/wp\/v2\/categories?post=186732"},{"taxonomy":"post_tag","embeddable":true,"href":"https:\/\/www.recom.link\/bhsc\/wp-json\/wp\/v2\/tags?post=186732"}],"curies":[{"name":"wp","href":"https:\/\/api.w.org\/{rel}","templated":true}]}}