{"id":186658,"date":"2021-05-20T09:10:06","date_gmt":"2021-05-20T08:10:06","guid":{"rendered":"https:\/\/www.recom.link\/?p=186658"},"modified":"2021-07-12T10:17:24","modified_gmt":"2021-07-12T09:17:24","slug":"ljudske-zrtve-i-mesta-zatocenja","status":"publish","type":"post","link":"https:\/\/www.recom.link\/bhsc\/ljudske-zrtve-i-mesta-zatocenja\/","title":{"rendered":"Ljudske \u017ertve i mesta zato\u010denja 1991-2001, istra\u017eivanje"},"content":{"rendered":"<p><strong>REKOM mre\u017ea pomirenja nastavlja sa dokumentovanjem ljudskih gubitaka i mesta zato\u010denja, s verom da \u0107e neki novi lideri razumeti da je u pitanju obaveza dr\u017eava, naslednica biv\u0161e Jugoslavije, da zajedni\u010dki popi\u0161u 130.000 \u017ertava, onih koji su izgubili \u017eivot, ra\u010dunaju\u0107i i nestale, u ratovima u periodu 1991\u20132001. godine.<\/strong><\/p>\n<p>&nbsp;<\/p>\n<p>Od decembra 2019. godine, REKOM mre\u017ea pomirenja (biv\u0161a Koalicija za REKOM) nastavlja sa dokumentovanjem ratnih \u017ertava u politi\u010dkoj klimi u kojoj vi\u0161e nema podr\u0161ke lidera<br \/>\ni institucija za uspostavljanje me\u0111udr\u017eavne komisije za popis \u017ertava i ratnih zlo\u010dina (REKOM). Protekle godine, na\u0161 fokus je bio na dokumentovanju ljudskih \u017ertava u ratu u Hrvatskoj, otmica i nestanaka na Kosovu i zato\u010deni\u010dkih objekata u BiH koji se navode u raznim izvorima, a nisu obuhva\u0107eni su\u0111enjima pred MKTJ i doma\u0107im sudovima, kao i na stvaranju evidencije zato\u010deni\u010dkih objekata \u010dije je postojanje utvr\u0111eno sudskim presudama.<\/p>\n<p>Documenta je u protekloj godini svoje istra\u017eivanje sprovodila u Osje\u010dko-baranjskoj \u017eupaniji, u kojoj je stradalo oko 2.100 osoba. Uzimanjem izjava od \u010dlanova porodica i o\u010devidaca i na osnovu saznanja iz druge ruke, prikupili su relevantne podatke o okolnostima smrti ili nestanku 1.391 \u017ertve.<\/p>\n<p>U 2020. godini, Fond za humanitarno pravo (FHP) i Fond za humanitarno pravo Kosovo (FHPK) istra\u017eivanje ljudskih \u017ertava na Kosovu ograni\u010dili su na osobe nestale u periodu 1998\u20132000. godine, iz tri razloga: da bi podacima o svakoj pojedina\u010dnoj nestaloj osobi demistifikovali politi\u010dku pri\u010du o nestalima isklju\u010divo kao o broju etni\u010dkih \u017ertava, da bi javnost, kako u Srbiji tako i na Kosovu, podstakli na solidarnost i saose\u0107anje sa porodicama svih nestalih, i da bi izvr\u0161ili dodatni pritisak na institucije da obelodane lokacije masovnih grobnica i podatke o preme\u0161tanju tela. Rezultati istra\u017eivanja nedvosmisleno ukazuju na to da je osnovni razlog za\u0161to se godinama ne smanjuje broj nestalih, posebno u slu\u010dajevima grupnih nestanaka, politi\u010dke prirode \u2013 u vlasti u Srbiji su politi\u010dke partije (SNS i SPS) koje skrivanjem masovnih grobnica \u0161tite od krivi\u010dne odgovornosti generale VJ\/MUP, \u010dlanove SNS-a i SPS-a ili bliske tim partijama, u \u010dijim su zonama odgovornosti za vreme NATO bombardovanja po\u010dinjeni masovni zlo\u010dini, a na Kosovu je predsednik bio Hashim Ta\u00e7i, koga su u novembru Kosovska specijalizovana ve\u0107a optu\u017eila za ratne zlo\u010dine.<\/p>\n<p>Udru\u017eenje Tranzicijska pravda, odgovornost i sje\u0107anje u BiH (TPOS) i Centar za demokratiju i tranzicionu pravdu (CDTP) mapiranjem evidencija o zato\u010deni\u010dkim objektima ustanovili su da vi\u0161e razli\u010ditih izvora navodi da je za vreme rata u BiH postojalo oko 1.500 logora, zatvora i drugih zato\u010deni\u010dkih objekata u kojima su zatvarani civili i vojnici. Sudskim presudama je utvr\u0111eno postojanje izme\u0111u 300 i 350 zato\u010deni\u010dkih objekata, me\u0111u kojima su predratni zatvori, istra\u017eni zatvori, kao i razni javni i privatni objekti koji su pretvarani u zato\u010deni\u010dke objekte.<\/p>\n<p>TPOS i CDTP su terenskim istra\u017eivanjem dodatno dokumentovali uslove u oko 300 zato\u010deni\u010dkih objekata koji su bili predmet su\u0111enja pred MKTJ i doma\u0107im sudovima, ali i postojanje jo\u0161 oko 200 zato\u010deni\u010dkih objekata koji nisu bili predmet su\u0111enja za ratne zlo\u010dine i uslove u njima. Uzimanjem izjava biv\u0161ih zato\u010denika i sagovornika koji raspola\u017eu relevantnim informacijama o zato\u010davanju civila, istra\u017eiva\u010di TPOS-a i CDTP-a su ustanovili da vi\u0161e od 100 objekata koji se u raznim izvorima navode kao mesta zato\u010davanja nisu bili zato\u010deni\u010dki objekti nego su kori\u0161\u0107eni za ispitivanje, u neke objekte su zato\u010denici dovo\u0111eni iz zatvora radi obavljanja prinudnih poslova, a neki objekti su se javljali pod dva ili tri razli\u010dita imena.<\/p>\n<p>&nbsp;<\/p>\n<p><strong>Istra\u017eivanje <em>Ljudske \u017ertve i mesta zato\u010denja 1991-2001.<\/em> mo\u017eete preuzeti <a href=\"https:\/\/www.recom.link\/wp-content\/uploads\/2021\/05\/Ljudske-zrtve.pdf\" target=\"_blank\" rel=\"noopener\">OVDE<\/a>.<\/strong><\/p>\n","protected":false},"excerpt":{"rendered":"REKOM mre\u017ea pomirenja nastavlja sa dokumentovanjem ljudskih gubitaka i mesta zato\u010denja, s verom da \u0107e neki novi lideri razumeti da&#8230; ","protected":false},"author":8,"featured_media":186659,"comment_status":"closed","ping_status":"open","sticky":false,"template":"","format":"standard","meta":{"_acf_changed":false,"footnotes":""},"categories":[2353],"tags":[3450,2511,1875,2617,3239,984,3662,3588,1648,2540,1578],"class_list":["post-186658","post","type-post","status-publish","format-standard","has-post-thumbnail","hentry","category-dokumentiranje-ratnih-zrtava-i-mjesta-zatocenja-podrska-osnivanju-rekom","tag-cdtp","tag-documenta-bhsc","tag-fhp","tag-fhp-kosovo","tag-istrazivanje","tag-kosovo","tag-ljudske-zrve","tag-mesta-zatocenja-u-bih","tag-nestali","tag-rekom-mreza-pomirenja","tag-tpos"],"acf":[],"yoast_head":"<!-- This site is optimized with the Yoast SEO plugin v25.6 - https:\/\/yoast.com\/wordpress\/plugins\/seo\/ -->\n<title>- Ljudske \u017ertve i mesta zato\u010denja 1991-2001, istra\u017eivanje -<\/title>\n<meta name=\"description\" content=\"REKOM mre\u017ea pomirenja nastavlja sa dokumentovanjem ljudskih gubitaka i mesta zato\u010denja.\" \/>\n<meta name=\"robots\" content=\"index, follow, max-snippet:-1, max-image-preview:large, max-video-preview:-1\" \/>\n<link rel=\"canonical\" href=\"https:\/\/www.recom.link\/bhsc\/ljudske-zrtve-i-mesta-zatocenja\/\" \/>\n<meta property=\"og:locale\" content=\"en_US\" \/>\n<meta property=\"og:type\" content=\"article\" \/>\n<meta property=\"og:title\" content=\"- Ljudske \u017ertve i mesta zato\u010denja 1991-2001, istra\u017eivanje -\" \/>\n<meta property=\"og:description\" content=\"REKOM mre\u017ea pomirenja nastavlja sa dokumentovanjem ljudskih gubitaka i mesta zato\u010denja.\" \/>\n<meta property=\"og:url\" content=\"https:\/\/www.recom.link\/bhsc\/ljudske-zrtve-i-mesta-zatocenja\/\" \/>\n<meta property=\"og:site_name\" content=\"REKOM ~ KOMRA ~ RECOM\" \/>\n<meta property=\"article:publisher\" content=\"https:\/\/www.facebook.com\/ZaREKOM.PerKOMRA.ForRECOM\/\" \/>\n<meta property=\"article:published_time\" content=\"2021-05-20T08:10:06+00:00\" \/>\n<meta property=\"article:modified_time\" content=\"2021-07-12T09:17:24+00:00\" \/>\n<meta property=\"og:image\" content=\"https:\/\/www.recom.link\/wp-content\/uploads\/2021\/05\/Ljudske-zrtve.png\" \/>\n\t<meta property=\"og:image:width\" content=\"546\" \/>\n\t<meta property=\"og:image:height\" content=\"430\" \/>\n\t<meta property=\"og:image:type\" content=\"image\/png\" \/>\n<meta name=\"author\" content=\"Recom Editor\" \/>\n<meta name=\"twitter:card\" content=\"summary_large_image\" \/>\n<meta name=\"twitter:creator\" content=\"@REKOM_KOMRA\" \/>\n<meta name=\"twitter:site\" content=\"@REKOM_KOMRA\" \/>\n<meta name=\"twitter:label1\" content=\"Written by\" \/>\n\t<meta name=\"twitter:data1\" content=\"Recom Editor\" \/>\n\t<meta name=\"twitter:label2\" content=\"Est. reading time\" \/>\n\t<meta name=\"twitter:data2\" content=\"3 minutes\" \/>\n<script type=\"application\/ld+json\" class=\"yoast-schema-graph\">{\"@context\":\"https:\/\/schema.org\",\"@graph\":[{\"@type\":\"WebPage\",\"@id\":\"https:\/\/www.recom.link\/bhsc\/ljudske-zrtve-i-mesta-zatocenja\/\",\"url\":\"https:\/\/www.recom.link\/bhsc\/ljudske-zrtve-i-mesta-zatocenja\/\",\"name\":\"- Ljudske \u017ertve i mesta zato\u010denja 1991-2001, istra\u017eivanje -\",\"isPartOf\":{\"@id\":\"https:\/\/www.recom.link\/en\/#website\"},\"primaryImageOfPage\":{\"@id\":\"https:\/\/www.recom.link\/bhsc\/ljudske-zrtve-i-mesta-zatocenja\/#primaryimage\"},\"image\":{\"@id\":\"https:\/\/www.recom.link\/bhsc\/ljudske-zrtve-i-mesta-zatocenja\/#primaryimage\"},\"thumbnailUrl\":\"https:\/\/www.recom.link\/wp-content\/uploads\/2021\/05\/Ljudske-zrtve.png\",\"datePublished\":\"2021-05-20T08:10:06+00:00\",\"dateModified\":\"2021-07-12T09:17:24+00:00\",\"author\":{\"@id\":\"https:\/\/www.recom.link\/en\/#\/schema\/person\/0b0fce47cdf986c8b4194146b69999a3\"},\"description\":\"REKOM mre\u017ea pomirenja nastavlja sa dokumentovanjem ljudskih gubitaka i mesta zato\u010denja.\",\"breadcrumb\":{\"@id\":\"https:\/\/www.recom.link\/bhsc\/ljudske-zrtve-i-mesta-zatocenja\/#breadcrumb\"},\"inLanguage\":\"bhsc\",\"potentialAction\":[{\"@type\":\"ReadAction\",\"target\":[\"https:\/\/www.recom.link\/bhsc\/ljudske-zrtve-i-mesta-zatocenja\/\"]}]},{\"@type\":\"ImageObject\",\"inLanguage\":\"bhsc\",\"@id\":\"https:\/\/www.recom.link\/bhsc\/ljudske-zrtve-i-mesta-zatocenja\/#primaryimage\",\"url\":\"https:\/\/www.recom.link\/wp-content\/uploads\/2021\/05\/Ljudske-zrtve.png\",\"contentUrl\":\"https:\/\/www.recom.link\/wp-content\/uploads\/2021\/05\/Ljudske-zrtve.png\",\"width\":546,\"height\":430,\"caption\":\"Ljudske \u017ertve i mesta zato\u010denja\"},{\"@type\":\"BreadcrumbList\",\"@id\":\"https:\/\/www.recom.link\/bhsc\/ljudske-zrtve-i-mesta-zatocenja\/#breadcrumb\",\"itemListElement\":[{\"@type\":\"ListItem\",\"position\":1,\"name\":\"Home\",\"item\":\"https:\/\/www.recom.link\/en\/\"},{\"@type\":\"ListItem\",\"position\":2,\"name\":\"Ljudske \u017ertve i mesta zato\u010denja 1991-2001, istra\u017eivanje\"}]},{\"@type\":\"WebSite\",\"@id\":\"https:\/\/www.recom.link\/en\/#website\",\"url\":\"https:\/\/www.recom.link\/en\/\",\"name\":\"REKOM ~ KOMRA ~ RECOM\",\"description\":\"\",\"potentialAction\":[{\"@type\":\"SearchAction\",\"target\":{\"@type\":\"EntryPoint\",\"urlTemplate\":\"https:\/\/www.recom.link\/en\/?s={search_term_string}\"},\"query-input\":{\"@type\":\"PropertyValueSpecification\",\"valueRequired\":true,\"valueName\":\"search_term_string\"}}],\"inLanguage\":\"bhsc\"},{\"@type\":\"Person\",\"@id\":\"https:\/\/www.recom.link\/en\/#\/schema\/person\/0b0fce47cdf986c8b4194146b69999a3\",\"name\":\"Recom Editor\",\"image\":{\"@type\":\"ImageObject\",\"inLanguage\":\"bhsc\",\"@id\":\"https:\/\/www.recom.link\/en\/#\/schema\/person\/image\/\",\"url\":\"https:\/\/secure.gravatar.com\/avatar\/b345ee03975bccfc62280b0fd1ffd916?s=96&d=mm&r=g\",\"contentUrl\":\"https:\/\/secure.gravatar.com\/avatar\/b345ee03975bccfc62280b0fd1ffd916?s=96&d=mm&r=g\",\"caption\":\"Recom Editor\"},\"url\":\"https:\/\/www.recom.link\/bhsc\/author\/jelanag\/\"}]}<\/script>\n<!-- \/ Yoast SEO plugin. -->","yoast_head_json":{"title":"- Ljudske \u017ertve i mesta zato\u010denja 1991-2001, istra\u017eivanje -","description":"REKOM mre\u017ea pomirenja nastavlja sa dokumentovanjem ljudskih gubitaka i mesta zato\u010denja.","robots":{"index":"index","follow":"follow","max-snippet":"max-snippet:-1","max-image-preview":"max-image-preview:large","max-video-preview":"max-video-preview:-1"},"canonical":"https:\/\/www.recom.link\/bhsc\/ljudske-zrtve-i-mesta-zatocenja\/","og_locale":"en_US","og_type":"article","og_title":"- Ljudske \u017ertve i mesta zato\u010denja 1991-2001, istra\u017eivanje -","og_description":"REKOM mre\u017ea pomirenja nastavlja sa dokumentovanjem ljudskih gubitaka i mesta zato\u010denja.","og_url":"https:\/\/www.recom.link\/bhsc\/ljudske-zrtve-i-mesta-zatocenja\/","og_site_name":"REKOM ~ KOMRA ~ RECOM","article_publisher":"https:\/\/www.facebook.com\/ZaREKOM.PerKOMRA.ForRECOM\/","article_published_time":"2021-05-20T08:10:06+00:00","article_modified_time":"2021-07-12T09:17:24+00:00","og_image":[{"width":546,"height":430,"url":"https:\/\/www.recom.link\/wp-content\/uploads\/2021\/05\/Ljudske-zrtve.png","type":"image\/png"}],"author":"Recom Editor","twitter_card":"summary_large_image","twitter_creator":"@REKOM_KOMRA","twitter_site":"@REKOM_KOMRA","twitter_misc":{"Written by":"Recom Editor","Est. reading time":"3 minutes"},"schema":{"@context":"https:\/\/schema.org","@graph":[{"@type":"WebPage","@id":"https:\/\/www.recom.link\/bhsc\/ljudske-zrtve-i-mesta-zatocenja\/","url":"https:\/\/www.recom.link\/bhsc\/ljudske-zrtve-i-mesta-zatocenja\/","name":"- Ljudske \u017ertve i mesta zato\u010denja 1991-2001, istra\u017eivanje -","isPartOf":{"@id":"https:\/\/www.recom.link\/en\/#website"},"primaryImageOfPage":{"@id":"https:\/\/www.recom.link\/bhsc\/ljudske-zrtve-i-mesta-zatocenja\/#primaryimage"},"image":{"@id":"https:\/\/www.recom.link\/bhsc\/ljudske-zrtve-i-mesta-zatocenja\/#primaryimage"},"thumbnailUrl":"https:\/\/www.recom.link\/wp-content\/uploads\/2021\/05\/Ljudske-zrtve.png","datePublished":"2021-05-20T08:10:06+00:00","dateModified":"2021-07-12T09:17:24+00:00","author":{"@id":"https:\/\/www.recom.link\/en\/#\/schema\/person\/0b0fce47cdf986c8b4194146b69999a3"},"description":"REKOM mre\u017ea pomirenja nastavlja sa dokumentovanjem ljudskih gubitaka i mesta zato\u010denja.","breadcrumb":{"@id":"https:\/\/www.recom.link\/bhsc\/ljudske-zrtve-i-mesta-zatocenja\/#breadcrumb"},"inLanguage":"bhsc","potentialAction":[{"@type":"ReadAction","target":["https:\/\/www.recom.link\/bhsc\/ljudske-zrtve-i-mesta-zatocenja\/"]}]},{"@type":"ImageObject","inLanguage":"bhsc","@id":"https:\/\/www.recom.link\/bhsc\/ljudske-zrtve-i-mesta-zatocenja\/#primaryimage","url":"https:\/\/www.recom.link\/wp-content\/uploads\/2021\/05\/Ljudske-zrtve.png","contentUrl":"https:\/\/www.recom.link\/wp-content\/uploads\/2021\/05\/Ljudske-zrtve.png","width":546,"height":430,"caption":"Ljudske \u017ertve i mesta zato\u010denja"},{"@type":"BreadcrumbList","@id":"https:\/\/www.recom.link\/bhsc\/ljudske-zrtve-i-mesta-zatocenja\/#breadcrumb","itemListElement":[{"@type":"ListItem","position":1,"name":"Home","item":"https:\/\/www.recom.link\/en\/"},{"@type":"ListItem","position":2,"name":"Ljudske \u017ertve i mesta zato\u010denja 1991-2001, istra\u017eivanje"}]},{"@type":"WebSite","@id":"https:\/\/www.recom.link\/en\/#website","url":"https:\/\/www.recom.link\/en\/","name":"REKOM ~ KOMRA ~ RECOM","description":"","potentialAction":[{"@type":"SearchAction","target":{"@type":"EntryPoint","urlTemplate":"https:\/\/www.recom.link\/en\/?s={search_term_string}"},"query-input":{"@type":"PropertyValueSpecification","valueRequired":true,"valueName":"search_term_string"}}],"inLanguage":"bhsc"},{"@type":"Person","@id":"https:\/\/www.recom.link\/en\/#\/schema\/person\/0b0fce47cdf986c8b4194146b69999a3","name":"Recom Editor","image":{"@type":"ImageObject","inLanguage":"bhsc","@id":"https:\/\/www.recom.link\/en\/#\/schema\/person\/image\/","url":"https:\/\/secure.gravatar.com\/avatar\/b345ee03975bccfc62280b0fd1ffd916?s=96&d=mm&r=g","contentUrl":"https:\/\/secure.gravatar.com\/avatar\/b345ee03975bccfc62280b0fd1ffd916?s=96&d=mm&r=g","caption":"Recom Editor"},"url":"https:\/\/www.recom.link\/bhsc\/author\/jelanag\/"}]}},"_links":{"self":[{"href":"https:\/\/www.recom.link\/bhsc\/wp-json\/wp\/v2\/posts\/186658"}],"collection":[{"href":"https:\/\/www.recom.link\/bhsc\/wp-json\/wp\/v2\/posts"}],"about":[{"href":"https:\/\/www.recom.link\/bhsc\/wp-json\/wp\/v2\/types\/post"}],"author":[{"embeddable":true,"href":"https:\/\/www.recom.link\/bhsc\/wp-json\/wp\/v2\/users\/8"}],"replies":[{"embeddable":true,"href":"https:\/\/www.recom.link\/bhsc\/wp-json\/wp\/v2\/comments?post=186658"}],"version-history":[{"count":4,"href":"https:\/\/www.recom.link\/bhsc\/wp-json\/wp\/v2\/posts\/186658\/revisions"}],"predecessor-version":[{"id":186675,"href":"https:\/\/www.recom.link\/bhsc\/wp-json\/wp\/v2\/posts\/186658\/revisions\/186675"}],"wp:featuredmedia":[{"embeddable":true,"href":"https:\/\/www.recom.link\/bhsc\/wp-json\/wp\/v2\/media\/186659"}],"wp:attachment":[{"href":"https:\/\/www.recom.link\/bhsc\/wp-json\/wp\/v2\/media?parent=186658"}],"wp:term":[{"taxonomy":"category","embeddable":true,"href":"https:\/\/www.recom.link\/bhsc\/wp-json\/wp\/v2\/categories?post=186658"},{"taxonomy":"post_tag","embeddable":true,"href":"https:\/\/www.recom.link\/bhsc\/wp-json\/wp\/v2\/tags?post=186658"}],"curies":[{"name":"wp","href":"https:\/\/api.w.org\/{rel}","templated":true}]}}