{"id":186584,"date":"2021-05-10T17:06:26","date_gmt":"2021-05-10T16:06:26","guid":{"rendered":"https:\/\/www.recom.link\/?p=186584"},"modified":"2021-05-10T17:06:40","modified_gmt":"2021-05-10T16:06:40","slug":"obiljezena-26-obljetnica-bljeska-milanovic-stigao-s-vojnim-vrhom-a-plenkovic-s-ministrima-suzdrzali-se-od-nastavka-sukoba","status":"publish","type":"post","link":"https:\/\/www.recom.link\/bhsc\/obiljezena-26-obljetnica-bljeska-milanovic-stigao-s-vojnim-vrhom-a-plenkovic-s-ministrima-suzdrzali-se-od-nastavka-sukoba\/","title":{"rendered":"Obilje\u017eena 26. obljetnica Bljeska, Milanovi\u0107 stigao s vojnim vrhom, a Plenkovi\u0107 s ministrima, suzdr\u017eali se od nastavka sukoba"},"content":{"rendered":"<p><strong><span class=\"item__author-label card__author-label\">Pi\u0161e: <\/span><span id=\"authorname\" class=\"item__author-name\">PSD, HINA<\/span><\/strong><\/p>\n<p><strong>\u010citanjem imena poginulih hrvatskih branitelja u Oku\u010danima je po\u010delo obilje\u017eavanje vojno-redarstvene akcije (VRO) &#8220;Bljesak&#8221; kojom je prije 26 godina od okupacije oslobo\u0111ena zapadna Slavonija, pi\u0161e\u00a0<a href=\"https:\/\/www.jutarnji.hr\/vijesti\/hrvatska\/hrvatska-obiljezava-26-godisnjicu-bljeska-milanovic-s-vojnim-vrhom-plenkovic-s-ministrima-15069674\" target=\"_blank\" rel=\"noopener\">jutarnji.hr<\/a>.<\/strong><\/p>\n<p>&nbsp;<\/p>\n<p>&#8220;Bljeskom&#8221; su u manje od 32 sata Hrvatske snage s oko 7200 vojnika i policajaca oslobodile zapadnu Slavoniju odnosno oko 600 \u010detvornih kilometara hrvatskog teritorija koji je \u010detiri godine bio okupiran.<\/p>\n<p>Sve\u010dano obilje\u017eavanje odr\u017eava se kod spomen-obilje\u017eja &#8220;Kristalna kocka vedrine\u201c na koji su kadeti MORH-a i MUP-a polo\u017eili ru\u017ee u spomen na poginule.<\/p>\n<p>Imena poginulih pro\u010ditao je\u00a0Kre\u0161imir \u0160imi\u0107, sin poginulog hrvatskog branitelja, a molitvu je predvodio vojni ordinarij, mons.\u00a0Jure Bogdan.<\/p>\n<p>Sukladno aktualnim preporukama Hrvatskog zavoda za javno zdravstvo, ovogodi\u0161nje obilje\u017eavanje provodi se uz sukcesivni dolazak izaslanstava koja \u0107e u \u010dast poginulih branitelja polagati vijence na spomen-obilje\u017eje u razmacima od 30 minuta.<\/p>\n<div class=\"item__related\">\n<p>Prvi su vijenac polo\u017eili \u010dlanovi obitelji poginulih te braniteljskih udruga, a potom sukcesivno dolaze predstavnici dr\u017eavnog vrha.<\/p>\n<p>&nbsp;<\/p>\n<p><strong>Milanovi\u0107: Vje\u010dna zahvalnost hrvatskim junacima i herojima<br \/>\n<\/strong><\/p>\n<p>Predsjednik Republike\u00a0Zoran Milanovi\u0107, prema protokolu, polo\u017eio je vijenac i zapalio svije\u0107u u 9.30 sati.<\/p>\n<p>&#8211; Na dana\u0161nji dan prije sad ve\u0107 puno godina hrvatski junaci su odlu\u010dno\u0161\u0107u, znanjem strpljenjem i hrabro\u0161\u0107u oslobodili ovaj dio Hrvatske, i nakon akcije &#8220;Maslenica&#8221; 1993. godine omogu\u0107ili da se nekoliko mjeseci kasnije, u kolovozu 1995. godine, Hrvatska kona\u010dno spoji i oslobodi, rekao je u subotu u Oku\u010danima predsjednik Milanovi\u0107 nakon \u0161to je s izaslanstvom polo\u017eio vijenac kod spomenika &#8220;Kristalna kocka vedrine&#8221;.<\/p>\n<p>&#8211; To je bilo malo dobrih i malo hrabri ljudi, istaknuo je predsjednik Republike Milanovi\u0107.<\/p>\n<div class=\"itemFullText\">\n<p>&#8211; Radilo se o stotinama, mo\u017eda tisu\u0107ama ljudi. Mi ostali smo bili na Zrinjevcu, \u017denevi, kadrovskim slu\u017ebama, a ovdje se borio, i na drugim boji\u0161tima Hrvatske, mali broj ljudi. I njima vje\u010dna hvala i slava hrvatskim herojima. \u017divjeli!, poru\u010dio je predsjednik Republike.<\/p>\n<p>&nbsp;<\/p>\n<p><strong>Jandrokovi\u0107: Bljesak slomio kralje\u017enicu projektu Velike Srbije<\/strong><\/p>\n<p>U 10 sati vijenac je polo\u017eilo izaslanstvo Hrvatskoga sabora na \u010delu s predsjednikom Sabora\u00a0Gordanom Jandrokovi\u0107em.<\/p>\n<p>&#8211; Do\u0161ao sam iskazati po\u0161tovanje herojima, vojnicima i policajcima. Bljesak je slomio kralje\u017enicu projektu Velike Srbije i pokazali agresoru \u0161to \u0107e se kasnije dogoditi u briljantnoj akciji Oluja. Posebno hvala onima koji su dali \u017eivot za hrvtasku domekraciju &#8211; kazao je.<\/p>\n<p>Nije htio komentirati sukob na relaciji Pantov\u010dak-Banski dvori.<\/p>\n<p>&#8211; Na dana\u0161nji dan ne \u017eelim komentrati podjele, nego zahvaliti zaslu\u017enima. Danas svi moramo biti zajedno i zahvaliti onima koji su nas doveli do slobode, predsjedniku\u00a0Tu\u0111manu\u00a0i onima koji su dali sve sve za na\u0161u sloobodu. Prostor za polemike postoji drugim danima, danas je dan ponosa i slave. Do\u0161li smo iskazati po\u0161tovanje vojnicima, braniteljima i policajcima, to je najva\u017enije &#8211; poru\u010dio je Jandrokovi\u0107.<\/p>\n<p>&nbsp;<\/p>\n<p><strong>Plenkovi\u0107: zahvala svima koji su dali najvi\u0161e za hrvatsku slobodu<br \/>\n<\/strong><\/p>\n<p><strong>U 10.30 vijenac je polo\u017eio premijer Andrej Plenkovi\u0107 uz kojega su bili podpredsjednik Vlade i ministar hrvatskih branitelja Tomo Medved, potpredsednik Vlade i ministar unutra\u0161njih poslova Davor Bo\u017einovi\u0107, ministar obrane Mario Bano\u017ei\u0107 i ministar rada, mirovinskog sustava, obitelji i socijalne politike Josip Aladrovi\u0107.<\/strong><\/p>\n<p>&#8211; Do\u0161li smo jo\u0161 jednom odati po\u010dast hrvatskim herojima, na\u0161im braniteljima. Ovdje je 51 kocka vedrine u spomen onima koji su dali svoj \u017eivot za hrvatsku slobodu po\u010detkom svibnja 1995. \u017delim zahvaliti svima njima, njihovim suborcima, obiteljima poginulih branitelja, onima koji su ranjeni. \u017delim zahvaliti potpredsjedniku Vlade i ministru braniteljima Tomi Medvedu koji je potaknuo da se u Oku\u010danima napravi spomenik onima koji su dali \u017eivot za Hrvatsku. Na\u0161a Vlada je donijela jedinstveni zakon o hrvatskim braniteljima, odlu\u010dili smo popuniti odre\u0111ene praznine, ispraviti stvari koje nisu bile dobre, to \u010dinimo stoga \u0161to smo uvjereni da je Domovinski rat temelj hrvatske dr\u017eave, da je sloboda koju su branitelji dali Hrvatima najva\u017enija vrijednost koju moramo njegovati i \u010duvati te po\u0161tovati njihovu \u017ertvu. Stoga \u0107emo u budu\u0107nosti u\u010diniti sve za dignitet Domovinskog rata, za po\u0161tovanje hrvatskih branitelja i njihovih obitelji. Zahvaljujem svima koji su dali najvi\u0161e za hrvatsku slobodu, rekao je premijer.<\/p>\n<p>Upitan je li ova godi\u0161njica pro\u0161la u sjeni sukoba premijera s predsjednikom Milanovi\u0107em, Plenkovi\u0107 je rekao da nije trenutak da se o tome danas govori.<\/p>\n<p>&#8211; Bitno je da smo danas ipak svi tu, za razliku od lani, zaklju\u010dio je.<\/p>\n<\/div>\n<hr \/>\n<div class=\"item__tags\"><em>Ovaj tekst je preuzet sa portala <a href=\"https:\/\/slobodnadalmacija.hr\/vijesti\/hrvatska\/pocelo-obiljezavanje-26-obljetnice-bljeska-milanovic-stigao-s-vojnim-vrhom-a-plenkovic-s-ministrima-1095388\" target=\"_blank\" rel=\"noopener\">slobodnadalmacija.hr.<\/a><\/em><\/div>\n<\/div>\n","protected":false},"excerpt":{"rendered":"Pi\u0161e: PSD, HINA \u010citanjem imena poginulih hrvatskih branitelja u Oku\u010danima je po\u010delo obilje\u017eavanje vojno-redarstvene akcije (VRO) &#8220;Bljesak&#8221; kojom je prije&#8230; ","protected":false},"author":8,"featured_media":186585,"comment_status":"closed","ping_status":"open","sticky":true,"template":"","format":"standard","meta":{"_acf_changed":false,"footnotes":""},"categories":[1789],"tags":[2525,3645,3452,3646,2347],"class_list":["post-186584","post","type-post","status-publish","format-standard","has-post-thumbnail","hentry","category-memorijalizacija","tag-andrej-plenkovic","tag-bljesak","tag-godisnjica","tag-gordan-jandrokovic","tag-zoran-milanovic"],"acf":[],"yoast_head":"<!-- This site is optimized with the Yoast SEO plugin v25.6 - https:\/\/yoast.com\/wordpress\/plugins\/seo\/ -->\n<title>Obljetnica Bljeska - REKOM ~ KOMRA ~ RECOM -<\/title>\n<meta name=\"description\" content=\"\u010citanjem imena poginulih hrvatskih branitelja u Oku\u010danima je po\u010delo obilje\u017eavanje vojno-redarstvene akcije (VRO) &quot;Bljesak&quot;.\" \/>\n<meta name=\"robots\" content=\"index, follow, max-snippet:-1, max-image-preview:large, max-video-preview:-1\" \/>\n<link rel=\"canonical\" href=\"https:\/\/www.recom.link\/bhsc\/obiljezena-26-obljetnica-bljeska-milanovic-stigao-s-vojnim-vrhom-a-plenkovic-s-ministrima-suzdrzali-se-od-nastavka-sukoba\/\" \/>\n<meta property=\"og:locale\" content=\"en_US\" \/>\n<meta property=\"og:type\" content=\"article\" \/>\n<meta property=\"og:title\" content=\"Obljetnica Bljeska - REKOM ~ KOMRA ~ RECOM -\" \/>\n<meta property=\"og:description\" content=\"\u010citanjem imena poginulih hrvatskih branitelja u Oku\u010danima je po\u010delo obilje\u017eavanje vojno-redarstvene akcije (VRO) &quot;Bljesak&quot;.\" \/>\n<meta property=\"og:url\" content=\"https:\/\/www.recom.link\/bhsc\/obiljezena-26-obljetnica-bljeska-milanovic-stigao-s-vojnim-vrhom-a-plenkovic-s-ministrima-suzdrzali-se-od-nastavka-sukoba\/\" \/>\n<meta property=\"og:site_name\" content=\"REKOM ~ KOMRA ~ RECOM\" \/>\n<meta property=\"article:publisher\" content=\"https:\/\/www.facebook.com\/ZaREKOM.PerKOMRA.ForRECOM\/\" \/>\n<meta property=\"article:published_time\" content=\"2021-05-10T16:06:26+00:00\" \/>\n<meta property=\"article:modified_time\" content=\"2021-05-10T16:06:40+00:00\" \/>\n<meta property=\"og:image\" content=\"https:\/\/www.recom.link\/wp-content\/uploads\/2021\/05\/Milanovic.png\" \/>\n\t<meta property=\"og:image:width\" content=\"910\" \/>\n\t<meta property=\"og:image:height\" content=\"572\" \/>\n\t<meta property=\"og:image:type\" content=\"image\/png\" \/>\n<meta name=\"author\" content=\"Recom Editor\" \/>\n<meta name=\"twitter:card\" content=\"summary_large_image\" \/>\n<meta name=\"twitter:creator\" content=\"@REKOM_KOMRA\" \/>\n<meta name=\"twitter:site\" content=\"@REKOM_KOMRA\" \/>\n<meta name=\"twitter:label1\" content=\"Written by\" \/>\n\t<meta name=\"twitter:data1\" content=\"Recom Editor\" \/>\n\t<meta name=\"twitter:label2\" content=\"Est. reading time\" \/>\n\t<meta name=\"twitter:data2\" content=\"3 minutes\" \/>\n<script type=\"application\/ld+json\" class=\"yoast-schema-graph\">{\"@context\":\"https:\/\/schema.org\",\"@graph\":[{\"@type\":\"WebPage\",\"@id\":\"https:\/\/www.recom.link\/bhsc\/obiljezena-26-obljetnica-bljeska-milanovic-stigao-s-vojnim-vrhom-a-plenkovic-s-ministrima-suzdrzali-se-od-nastavka-sukoba\/\",\"url\":\"https:\/\/www.recom.link\/bhsc\/obiljezena-26-obljetnica-bljeska-milanovic-stigao-s-vojnim-vrhom-a-plenkovic-s-ministrima-suzdrzali-se-od-nastavka-sukoba\/\",\"name\":\"Obljetnica Bljeska - REKOM ~ KOMRA ~ RECOM -\",\"isPartOf\":{\"@id\":\"https:\/\/www.recom.link\/en\/#website\"},\"primaryImageOfPage\":{\"@id\":\"https:\/\/www.recom.link\/bhsc\/obiljezena-26-obljetnica-bljeska-milanovic-stigao-s-vojnim-vrhom-a-plenkovic-s-ministrima-suzdrzali-se-od-nastavka-sukoba\/#primaryimage\"},\"image\":{\"@id\":\"https:\/\/www.recom.link\/bhsc\/obiljezena-26-obljetnica-bljeska-milanovic-stigao-s-vojnim-vrhom-a-plenkovic-s-ministrima-suzdrzali-se-od-nastavka-sukoba\/#primaryimage\"},\"thumbnailUrl\":\"https:\/\/www.recom.link\/wp-content\/uploads\/2021\/05\/Milanovic.png\",\"datePublished\":\"2021-05-10T16:06:26+00:00\",\"dateModified\":\"2021-05-10T16:06:40+00:00\",\"author\":{\"@id\":\"https:\/\/www.recom.link\/en\/#\/schema\/person\/0b0fce47cdf986c8b4194146b69999a3\"},\"description\":\"\u010citanjem imena poginulih hrvatskih branitelja u Oku\u010danima je po\u010delo obilje\u017eavanje vojno-redarstvene akcije (VRO) \\\"Bljesak\\\".\",\"breadcrumb\":{\"@id\":\"https:\/\/www.recom.link\/bhsc\/obiljezena-26-obljetnica-bljeska-milanovic-stigao-s-vojnim-vrhom-a-plenkovic-s-ministrima-suzdrzali-se-od-nastavka-sukoba\/#breadcrumb\"},\"inLanguage\":\"bhsc\",\"potentialAction\":[{\"@type\":\"ReadAction\",\"target\":[\"https:\/\/www.recom.link\/bhsc\/obiljezena-26-obljetnica-bljeska-milanovic-stigao-s-vojnim-vrhom-a-plenkovic-s-ministrima-suzdrzali-se-od-nastavka-sukoba\/\"]}]},{\"@type\":\"ImageObject\",\"inLanguage\":\"bhsc\",\"@id\":\"https:\/\/www.recom.link\/bhsc\/obiljezena-26-obljetnica-bljeska-milanovic-stigao-s-vojnim-vrhom-a-plenkovic-s-ministrima-suzdrzali-se-od-nastavka-sukoba\/#primaryimage\",\"url\":\"https:\/\/www.recom.link\/wp-content\/uploads\/2021\/05\/Milanovic.png\",\"contentUrl\":\"https:\/\/www.recom.link\/wp-content\/uploads\/2021\/05\/Milanovic.png\",\"width\":910,\"height\":572,\"caption\":\"Bljesak\"},{\"@type\":\"BreadcrumbList\",\"@id\":\"https:\/\/www.recom.link\/bhsc\/obiljezena-26-obljetnica-bljeska-milanovic-stigao-s-vojnim-vrhom-a-plenkovic-s-ministrima-suzdrzali-se-od-nastavka-sukoba\/#breadcrumb\",\"itemListElement\":[{\"@type\":\"ListItem\",\"position\":1,\"name\":\"Home\",\"item\":\"https:\/\/www.recom.link\/en\/\"},{\"@type\":\"ListItem\",\"position\":2,\"name\":\"Obilje\u017eena 26. obljetnica Bljeska, Milanovi\u0107 stigao s vojnim vrhom, a Plenkovi\u0107 s ministrima, suzdr\u017eali se od nastavka sukoba\"}]},{\"@type\":\"WebSite\",\"@id\":\"https:\/\/www.recom.link\/en\/#website\",\"url\":\"https:\/\/www.recom.link\/en\/\",\"name\":\"REKOM ~ KOMRA ~ RECOM\",\"description\":\"\",\"potentialAction\":[{\"@type\":\"SearchAction\",\"target\":{\"@type\":\"EntryPoint\",\"urlTemplate\":\"https:\/\/www.recom.link\/en\/?s={search_term_string}\"},\"query-input\":{\"@type\":\"PropertyValueSpecification\",\"valueRequired\":true,\"valueName\":\"search_term_string\"}}],\"inLanguage\":\"bhsc\"},{\"@type\":\"Person\",\"@id\":\"https:\/\/www.recom.link\/en\/#\/schema\/person\/0b0fce47cdf986c8b4194146b69999a3\",\"name\":\"Recom Editor\",\"image\":{\"@type\":\"ImageObject\",\"inLanguage\":\"bhsc\",\"@id\":\"https:\/\/www.recom.link\/en\/#\/schema\/person\/image\/\",\"url\":\"https:\/\/secure.gravatar.com\/avatar\/b345ee03975bccfc62280b0fd1ffd916?s=96&d=mm&r=g\",\"contentUrl\":\"https:\/\/secure.gravatar.com\/avatar\/b345ee03975bccfc62280b0fd1ffd916?s=96&d=mm&r=g\",\"caption\":\"Recom Editor\"},\"url\":\"https:\/\/www.recom.link\/bhsc\/author\/jelanag\/\"}]}<\/script>\n<!-- \/ Yoast SEO plugin. -->","yoast_head_json":{"title":"Obljetnica Bljeska - REKOM ~ KOMRA ~ RECOM -","description":"\u010citanjem imena poginulih hrvatskih branitelja u Oku\u010danima je po\u010delo obilje\u017eavanje vojno-redarstvene akcije (VRO) \"Bljesak\".","robots":{"index":"index","follow":"follow","max-snippet":"max-snippet:-1","max-image-preview":"max-image-preview:large","max-video-preview":"max-video-preview:-1"},"canonical":"https:\/\/www.recom.link\/bhsc\/obiljezena-26-obljetnica-bljeska-milanovic-stigao-s-vojnim-vrhom-a-plenkovic-s-ministrima-suzdrzali-se-od-nastavka-sukoba\/","og_locale":"en_US","og_type":"article","og_title":"Obljetnica Bljeska - REKOM ~ KOMRA ~ RECOM -","og_description":"\u010citanjem imena poginulih hrvatskih branitelja u Oku\u010danima je po\u010delo obilje\u017eavanje vojno-redarstvene akcije (VRO) \"Bljesak\".","og_url":"https:\/\/www.recom.link\/bhsc\/obiljezena-26-obljetnica-bljeska-milanovic-stigao-s-vojnim-vrhom-a-plenkovic-s-ministrima-suzdrzali-se-od-nastavka-sukoba\/","og_site_name":"REKOM ~ KOMRA ~ RECOM","article_publisher":"https:\/\/www.facebook.com\/ZaREKOM.PerKOMRA.ForRECOM\/","article_published_time":"2021-05-10T16:06:26+00:00","article_modified_time":"2021-05-10T16:06:40+00:00","og_image":[{"width":910,"height":572,"url":"https:\/\/www.recom.link\/wp-content\/uploads\/2021\/05\/Milanovic.png","type":"image\/png"}],"author":"Recom Editor","twitter_card":"summary_large_image","twitter_creator":"@REKOM_KOMRA","twitter_site":"@REKOM_KOMRA","twitter_misc":{"Written by":"Recom Editor","Est. reading time":"3 minutes"},"schema":{"@context":"https:\/\/schema.org","@graph":[{"@type":"WebPage","@id":"https:\/\/www.recom.link\/bhsc\/obiljezena-26-obljetnica-bljeska-milanovic-stigao-s-vojnim-vrhom-a-plenkovic-s-ministrima-suzdrzali-se-od-nastavka-sukoba\/","url":"https:\/\/www.recom.link\/bhsc\/obiljezena-26-obljetnica-bljeska-milanovic-stigao-s-vojnim-vrhom-a-plenkovic-s-ministrima-suzdrzali-se-od-nastavka-sukoba\/","name":"Obljetnica Bljeska - REKOM ~ KOMRA ~ RECOM -","isPartOf":{"@id":"https:\/\/www.recom.link\/en\/#website"},"primaryImageOfPage":{"@id":"https:\/\/www.recom.link\/bhsc\/obiljezena-26-obljetnica-bljeska-milanovic-stigao-s-vojnim-vrhom-a-plenkovic-s-ministrima-suzdrzali-se-od-nastavka-sukoba\/#primaryimage"},"image":{"@id":"https:\/\/www.recom.link\/bhsc\/obiljezena-26-obljetnica-bljeska-milanovic-stigao-s-vojnim-vrhom-a-plenkovic-s-ministrima-suzdrzali-se-od-nastavka-sukoba\/#primaryimage"},"thumbnailUrl":"https:\/\/www.recom.link\/wp-content\/uploads\/2021\/05\/Milanovic.png","datePublished":"2021-05-10T16:06:26+00:00","dateModified":"2021-05-10T16:06:40+00:00","author":{"@id":"https:\/\/www.recom.link\/en\/#\/schema\/person\/0b0fce47cdf986c8b4194146b69999a3"},"description":"\u010citanjem imena poginulih hrvatskih branitelja u Oku\u010danima je po\u010delo obilje\u017eavanje vojno-redarstvene akcije (VRO) \"Bljesak\".","breadcrumb":{"@id":"https:\/\/www.recom.link\/bhsc\/obiljezena-26-obljetnica-bljeska-milanovic-stigao-s-vojnim-vrhom-a-plenkovic-s-ministrima-suzdrzali-se-od-nastavka-sukoba\/#breadcrumb"},"inLanguage":"bhsc","potentialAction":[{"@type":"ReadAction","target":["https:\/\/www.recom.link\/bhsc\/obiljezena-26-obljetnica-bljeska-milanovic-stigao-s-vojnim-vrhom-a-plenkovic-s-ministrima-suzdrzali-se-od-nastavka-sukoba\/"]}]},{"@type":"ImageObject","inLanguage":"bhsc","@id":"https:\/\/www.recom.link\/bhsc\/obiljezena-26-obljetnica-bljeska-milanovic-stigao-s-vojnim-vrhom-a-plenkovic-s-ministrima-suzdrzali-se-od-nastavka-sukoba\/#primaryimage","url":"https:\/\/www.recom.link\/wp-content\/uploads\/2021\/05\/Milanovic.png","contentUrl":"https:\/\/www.recom.link\/wp-content\/uploads\/2021\/05\/Milanovic.png","width":910,"height":572,"caption":"Bljesak"},{"@type":"BreadcrumbList","@id":"https:\/\/www.recom.link\/bhsc\/obiljezena-26-obljetnica-bljeska-milanovic-stigao-s-vojnim-vrhom-a-plenkovic-s-ministrima-suzdrzali-se-od-nastavka-sukoba\/#breadcrumb","itemListElement":[{"@type":"ListItem","position":1,"name":"Home","item":"https:\/\/www.recom.link\/en\/"},{"@type":"ListItem","position":2,"name":"Obilje\u017eena 26. obljetnica Bljeska, Milanovi\u0107 stigao s vojnim vrhom, a Plenkovi\u0107 s ministrima, suzdr\u017eali se od nastavka sukoba"}]},{"@type":"WebSite","@id":"https:\/\/www.recom.link\/en\/#website","url":"https:\/\/www.recom.link\/en\/","name":"REKOM ~ KOMRA ~ RECOM","description":"","potentialAction":[{"@type":"SearchAction","target":{"@type":"EntryPoint","urlTemplate":"https:\/\/www.recom.link\/en\/?s={search_term_string}"},"query-input":{"@type":"PropertyValueSpecification","valueRequired":true,"valueName":"search_term_string"}}],"inLanguage":"bhsc"},{"@type":"Person","@id":"https:\/\/www.recom.link\/en\/#\/schema\/person\/0b0fce47cdf986c8b4194146b69999a3","name":"Recom Editor","image":{"@type":"ImageObject","inLanguage":"bhsc","@id":"https:\/\/www.recom.link\/en\/#\/schema\/person\/image\/","url":"https:\/\/secure.gravatar.com\/avatar\/b345ee03975bccfc62280b0fd1ffd916?s=96&d=mm&r=g","contentUrl":"https:\/\/secure.gravatar.com\/avatar\/b345ee03975bccfc62280b0fd1ffd916?s=96&d=mm&r=g","caption":"Recom Editor"},"url":"https:\/\/www.recom.link\/bhsc\/author\/jelanag\/"}]}},"_links":{"self":[{"href":"https:\/\/www.recom.link\/bhsc\/wp-json\/wp\/v2\/posts\/186584"}],"collection":[{"href":"https:\/\/www.recom.link\/bhsc\/wp-json\/wp\/v2\/posts"}],"about":[{"href":"https:\/\/www.recom.link\/bhsc\/wp-json\/wp\/v2\/types\/post"}],"author":[{"embeddable":true,"href":"https:\/\/www.recom.link\/bhsc\/wp-json\/wp\/v2\/users\/8"}],"replies":[{"embeddable":true,"href":"https:\/\/www.recom.link\/bhsc\/wp-json\/wp\/v2\/comments?post=186584"}],"version-history":[{"count":1,"href":"https:\/\/www.recom.link\/bhsc\/wp-json\/wp\/v2\/posts\/186584\/revisions"}],"predecessor-version":[{"id":186590,"href":"https:\/\/www.recom.link\/bhsc\/wp-json\/wp\/v2\/posts\/186584\/revisions\/186590"}],"wp:featuredmedia":[{"embeddable":true,"href":"https:\/\/www.recom.link\/bhsc\/wp-json\/wp\/v2\/media\/186585"}],"wp:attachment":[{"href":"https:\/\/www.recom.link\/bhsc\/wp-json\/wp\/v2\/media?parent=186584"}],"wp:term":[{"taxonomy":"category","embeddable":true,"href":"https:\/\/www.recom.link\/bhsc\/wp-json\/wp\/v2\/categories?post=186584"},{"taxonomy":"post_tag","embeddable":true,"href":"https:\/\/www.recom.link\/bhsc\/wp-json\/wp\/v2\/tags?post=186584"}],"curies":[{"name":"wp","href":"https:\/\/api.w.org\/{rel}","templated":true}]}}