{"id":186567,"date":"2021-05-10T15:02:55","date_gmt":"2021-05-10T14:02:55","guid":{"rendered":"https:\/\/www.recom.link\/?p=186567"},"modified":"2021-06-15T12:11:16","modified_gmt":"2021-06-15T11:11:16","slug":"obiljezavanje-godisnjice-desavanja-u-dobrovoljackoj-ulici-u-sarajevu","status":"publish","type":"post","link":"https:\/\/www.recom.link\/bhsc\/obiljezavanje-godisnjice-desavanja-u-dobrovoljackoj-ulici-u-sarajevu\/","title":{"rendered":"Obilje\u017eavanje godi\u0161njice de\u0161avanja u Dobrovolja\u010dkoj ulici u Sarajevu"},"content":{"rendered":"<p><strong>Pripadnici bora\u010dkog udru\u017eenja Zelene beretke okupili su se u ponedjeljak, 3. maja, u biv\u0161oj Dobrovolja\u010dkoj ulici u Sarajevu, danas ulici Hamdije Kre\u0161evljakovi\u0107a, kako bi odali po\u010dast suborcima i gra\u0111anima stradalim u ovoj ulici prije 29 godina.<\/strong><\/p>\n<p>&nbsp;<\/p>\n<p>Prije 29 godina na ovom mjestu do\u0161lo je do incidenta izme\u0111u vojnika Jugoslavenske narodne armije u povla\u010denju i pripadnika Teritorijalne odbrane Republike BiH u kojem je ubijeno \u0161est osoba.<\/p>\n<p>Tog je dana trebala biti izvr\u0161ena razmjena vojnika JNA iz Kasarne Bistrik u zamjenu za zarobljenog predsjednika Predsjedni\u0161tva BiH Aliju Izetbegovi\u0107a kojeg je dan ranije JNA zarobila na aerodromu na povratku iz Lisabona.<\/p>\n<p>&#8220;Drugog i tre\u0107eg maja biv\u0161a JNA pokazala svoje pravo lice, a i ranije su Zelene beretke znale \u0161ta se sprema. Drugog maja biv\u0161a JNA potpomognuta raznim paravojnim jedinicama i SDS-om \u017eestoko je napala Sarajevo. \u017deljeli su pokazati da je ovakva dr\u017eava nemogu\u0107a. Ipak, na\u0161e patriotske snage uspjele su poraziti \u010detvrtu najve\u0107u vojnu silu u Europi&#8221;, kazao je Vahid Ali\u0107, predsjednik udru\u017eenja Zelene beretke Stari Grad Sarajevo.<\/p>\n<p>Naglasio je da je 3. maj klju\u010dan dan u odbrani Sarajeva tokom rata.<\/p>\n<p>Okupljeni su polo\u017eili cvije\u0107e i u\u010denjem Fatihe i minutom \u0161utnje odali po\u010dast braniteljima Sarajeva.<\/p>\n<p>Prije 29 godina u koloni u Dobrovolja\u010dkoj bio je i biv\u0161i predsjednik Predsjedni\u0161tva BiH Alija Izetbegovi\u0107.<\/p>\n<p>Nedugo nakon polaska, kolona je presje\u010dena i zaustavljena u dana\u0161njoj ulici Hamdije Kre\u0161evljakovi\u0107a.<\/p>\n<p>I pored dokumentirane naredbe generala Jovana Divjaka da se vatra obustavi, pripadnici Teritorijalne odbrane BiH ubili su \u0161est osoba iz kolone, a njih oko 170 zarobili.<\/p>\n<p>Ta\u010dan broj poginulih u Dobrovolja\u010dkoj varira izme\u0111u \u0161est i sedam. U jednom od intervjua Milutin Kukanjac, nekada\u0161nji komandant Druge vojne oblasti, kazao je da je tog dana, 3. maja 1992., smrtno stradalo \u0161est osoba. Prema podacima Tu\u017eiteljstva BiH, smrtno je stradalo sedam, a ranjeno 14 osoba.<\/p>\n<p>Tu\u017eiteljstvo BiH je 2012. obustavilo istragu protiv 14 osoba za slu\u010daj &#8220;Dobrovolja\u010dka&#8221;.<\/p>\n<p>Me\u0111u njima su bili general Armije RBiH Jovan Divjak i ratni \u010dlan Predsjedni\u0161tva RBiH Ejup Gani\u0107. O Dobrovolja\u010dkoj stav je dao i Ha\u0161ki sud koji je ustanovio kako je kolona JNA u Dobrovolja\u010dkoj ulici bila legitimna vojna meta.<\/p>\n<p>&nbsp;<\/p>\n<hr \/>\n<p><em>Ovaj tekst je preuzet sa portala <a href=\"https:\/\/www.slobodnaevropa.org\/a\/dobrovoljacka-ulica-sarajevo-jna-armija-bih-jovan-divjak-izetbegovic\/31235416.html\" target=\"_blank\" rel=\"noopener\">slobodnaevropa.org.<\/a><\/em><\/p>\n","protected":false},"excerpt":{"rendered":"Pripadnici bora\u010dkog udru\u017eenja Zelene beretke okupili su se u ponedjeljak, 3. maja, u biv\u0161oj Dobrovolja\u010dkoj ulici u Sarajevu, danas ulici&#8230; ","protected":false},"author":8,"featured_media":186571,"comment_status":"closed","ping_status":"open","sticky":false,"template":"","format":"standard","meta":{"_acf_changed":false,"footnotes":""},"categories":[1789],"tags":[3640,3452,1842,2433,3644,3643],"class_list":["post-186567","post","type-post","status-publish","format-standard","has-post-thumbnail","hentry","category-memorijalizacija","tag-dobrovoljacka","tag-godisnjica","tag-jna","tag-sarajevo-1992","tag-vahid-alic","tag-zelene-beretke"],"acf":[],"yoast_head":"<!-- This site is optimized with the Yoast SEO plugin v25.6 - https:\/\/yoast.com\/wordpress\/plugins\/seo\/ -->\n<title>Obilje\u017eavanje godi\u0161njice de\u0161avanja u Dobrovolja\u010dkoj ulici u Sarajevu -<\/title>\n<meta name=\"description\" content=\"Pripadnici bora\u010dkog udru\u017eenja Zelene beretke okupili su se u ponedjeljak, 3. maja, u biv\u0161oj Dobrovolja\u010dkoj ulici u Sarajevu, kako bi odali po\u010dast suborcima i gra\u0111anima stradalim u ovoj ulici prije 29 godina.\" \/>\n<meta name=\"robots\" content=\"index, follow, max-snippet:-1, max-image-preview:large, max-video-preview:-1\" \/>\n<link rel=\"canonical\" href=\"https:\/\/www.recom.link\/bhsc\/obiljezavanje-godisnjice-desavanja-u-dobrovoljackoj-ulici-u-sarajevu\/\" \/>\n<meta property=\"og:locale\" content=\"en_US\" \/>\n<meta property=\"og:type\" content=\"article\" \/>\n<meta property=\"og:title\" content=\"Obilje\u017eavanje godi\u0161njice de\u0161avanja u Dobrovolja\u010dkoj ulici u Sarajevu -\" \/>\n<meta property=\"og:description\" content=\"Pripadnici bora\u010dkog udru\u017eenja Zelene beretke okupili su se u ponedjeljak, 3. maja, u biv\u0161oj Dobrovolja\u010dkoj ulici u Sarajevu, kako bi odali po\u010dast suborcima i gra\u0111anima stradalim u ovoj ulici prije 29 godina.\" \/>\n<meta property=\"og:url\" content=\"https:\/\/www.recom.link\/bhsc\/obiljezavanje-godisnjice-desavanja-u-dobrovoljackoj-ulici-u-sarajevu\/\" \/>\n<meta property=\"og:site_name\" content=\"REKOM ~ KOMRA ~ RECOM\" \/>\n<meta property=\"article:publisher\" content=\"https:\/\/www.facebook.com\/ZaREKOM.PerKOMRA.ForRECOM\/\" \/>\n<meta property=\"article:published_time\" content=\"2021-05-10T14:02:55+00:00\" \/>\n<meta property=\"article:modified_time\" content=\"2021-06-15T11:11:16+00:00\" \/>\n<meta property=\"og:image\" content=\"https:\/\/www.recom.link\/wp-content\/uploads\/2021\/05\/DobSE.png\" \/>\n\t<meta property=\"og:image:width\" content=\"1021\" \/>\n\t<meta property=\"og:image:height\" content=\"488\" \/>\n\t<meta property=\"og:image:type\" content=\"image\/png\" \/>\n<meta name=\"author\" content=\"Recom Editor\" \/>\n<meta name=\"twitter:card\" content=\"summary_large_image\" \/>\n<meta name=\"twitter:creator\" content=\"@REKOM_KOMRA\" \/>\n<meta name=\"twitter:site\" content=\"@REKOM_KOMRA\" \/>\n<meta name=\"twitter:label1\" content=\"Written by\" \/>\n\t<meta name=\"twitter:data1\" content=\"Recom Editor\" \/>\n\t<meta name=\"twitter:label2\" content=\"Est. reading time\" \/>\n\t<meta name=\"twitter:data2\" content=\"2 minutes\" \/>\n<script type=\"application\/ld+json\" class=\"yoast-schema-graph\">{\"@context\":\"https:\/\/schema.org\",\"@graph\":[{\"@type\":\"WebPage\",\"@id\":\"https:\/\/www.recom.link\/bhsc\/obiljezavanje-godisnjice-desavanja-u-dobrovoljackoj-ulici-u-sarajevu\/\",\"url\":\"https:\/\/www.recom.link\/bhsc\/obiljezavanje-godisnjice-desavanja-u-dobrovoljackoj-ulici-u-sarajevu\/\",\"name\":\"Obilje\u017eavanje godi\u0161njice de\u0161avanja u Dobrovolja\u010dkoj ulici u Sarajevu -\",\"isPartOf\":{\"@id\":\"https:\/\/www.recom.link\/en\/#website\"},\"primaryImageOfPage\":{\"@id\":\"https:\/\/www.recom.link\/bhsc\/obiljezavanje-godisnjice-desavanja-u-dobrovoljackoj-ulici-u-sarajevu\/#primaryimage\"},\"image\":{\"@id\":\"https:\/\/www.recom.link\/bhsc\/obiljezavanje-godisnjice-desavanja-u-dobrovoljackoj-ulici-u-sarajevu\/#primaryimage\"},\"thumbnailUrl\":\"https:\/\/www.recom.link\/wp-content\/uploads\/2021\/05\/DobSE.png\",\"datePublished\":\"2021-05-10T14:02:55+00:00\",\"dateModified\":\"2021-06-15T11:11:16+00:00\",\"author\":{\"@id\":\"https:\/\/www.recom.link\/en\/#\/schema\/person\/0b0fce47cdf986c8b4194146b69999a3\"},\"description\":\"Pripadnici bora\u010dkog udru\u017eenja Zelene beretke okupili su se u ponedjeljak, 3. maja, u biv\u0161oj Dobrovolja\u010dkoj ulici u Sarajevu, kako bi odali po\u010dast suborcima i gra\u0111anima stradalim u ovoj ulici prije 29 godina.\",\"breadcrumb\":{\"@id\":\"https:\/\/www.recom.link\/bhsc\/obiljezavanje-godisnjice-desavanja-u-dobrovoljackoj-ulici-u-sarajevu\/#breadcrumb\"},\"inLanguage\":\"bhsc\",\"potentialAction\":[{\"@type\":\"ReadAction\",\"target\":[\"https:\/\/www.recom.link\/bhsc\/obiljezavanje-godisnjice-desavanja-u-dobrovoljackoj-ulici-u-sarajevu\/\"]}]},{\"@type\":\"ImageObject\",\"inLanguage\":\"bhsc\",\"@id\":\"https:\/\/www.recom.link\/bhsc\/obiljezavanje-godisnjice-desavanja-u-dobrovoljackoj-ulici-u-sarajevu\/#primaryimage\",\"url\":\"https:\/\/www.recom.link\/wp-content\/uploads\/2021\/05\/DobSE.png\",\"contentUrl\":\"https:\/\/www.recom.link\/wp-content\/uploads\/2021\/05\/DobSE.png\",\"width\":1021,\"height\":488,\"caption\":\"Dobrovolja\u010dkoj ulici u Sarajevu\"},{\"@type\":\"BreadcrumbList\",\"@id\":\"https:\/\/www.recom.link\/bhsc\/obiljezavanje-godisnjice-desavanja-u-dobrovoljackoj-ulici-u-sarajevu\/#breadcrumb\",\"itemListElement\":[{\"@type\":\"ListItem\",\"position\":1,\"name\":\"Home\",\"item\":\"https:\/\/www.recom.link\/en\/\"},{\"@type\":\"ListItem\",\"position\":2,\"name\":\"Obilje\u017eavanje godi\u0161njice de\u0161avanja u Dobrovolja\u010dkoj ulici u Sarajevu\"}]},{\"@type\":\"WebSite\",\"@id\":\"https:\/\/www.recom.link\/en\/#website\",\"url\":\"https:\/\/www.recom.link\/en\/\",\"name\":\"REKOM ~ KOMRA ~ RECOM\",\"description\":\"\",\"potentialAction\":[{\"@type\":\"SearchAction\",\"target\":{\"@type\":\"EntryPoint\",\"urlTemplate\":\"https:\/\/www.recom.link\/en\/?s={search_term_string}\"},\"query-input\":{\"@type\":\"PropertyValueSpecification\",\"valueRequired\":true,\"valueName\":\"search_term_string\"}}],\"inLanguage\":\"bhsc\"},{\"@type\":\"Person\",\"@id\":\"https:\/\/www.recom.link\/en\/#\/schema\/person\/0b0fce47cdf986c8b4194146b69999a3\",\"name\":\"Recom Editor\",\"image\":{\"@type\":\"ImageObject\",\"inLanguage\":\"bhsc\",\"@id\":\"https:\/\/www.recom.link\/en\/#\/schema\/person\/image\/\",\"url\":\"https:\/\/secure.gravatar.com\/avatar\/b345ee03975bccfc62280b0fd1ffd916?s=96&d=mm&r=g\",\"contentUrl\":\"https:\/\/secure.gravatar.com\/avatar\/b345ee03975bccfc62280b0fd1ffd916?s=96&d=mm&r=g\",\"caption\":\"Recom Editor\"},\"url\":\"https:\/\/www.recom.link\/bhsc\/author\/jelanag\/\"}]}<\/script>\n<!-- \/ Yoast SEO plugin. -->","yoast_head_json":{"title":"Obilje\u017eavanje godi\u0161njice de\u0161avanja u Dobrovolja\u010dkoj ulici u Sarajevu -","description":"Pripadnici bora\u010dkog udru\u017eenja Zelene beretke okupili su se u ponedjeljak, 3. maja, u biv\u0161oj Dobrovolja\u010dkoj ulici u Sarajevu, kako bi odali po\u010dast suborcima i gra\u0111anima stradalim u ovoj ulici prije 29 godina.","robots":{"index":"index","follow":"follow","max-snippet":"max-snippet:-1","max-image-preview":"max-image-preview:large","max-video-preview":"max-video-preview:-1"},"canonical":"https:\/\/www.recom.link\/bhsc\/obiljezavanje-godisnjice-desavanja-u-dobrovoljackoj-ulici-u-sarajevu\/","og_locale":"en_US","og_type":"article","og_title":"Obilje\u017eavanje godi\u0161njice de\u0161avanja u Dobrovolja\u010dkoj ulici u Sarajevu -","og_description":"Pripadnici bora\u010dkog udru\u017eenja Zelene beretke okupili su se u ponedjeljak, 3. maja, u biv\u0161oj Dobrovolja\u010dkoj ulici u Sarajevu, kako bi odali po\u010dast suborcima i gra\u0111anima stradalim u ovoj ulici prije 29 godina.","og_url":"https:\/\/www.recom.link\/bhsc\/obiljezavanje-godisnjice-desavanja-u-dobrovoljackoj-ulici-u-sarajevu\/","og_site_name":"REKOM ~ KOMRA ~ RECOM","article_publisher":"https:\/\/www.facebook.com\/ZaREKOM.PerKOMRA.ForRECOM\/","article_published_time":"2021-05-10T14:02:55+00:00","article_modified_time":"2021-06-15T11:11:16+00:00","og_image":[{"width":1021,"height":488,"url":"https:\/\/www.recom.link\/wp-content\/uploads\/2021\/05\/DobSE.png","type":"image\/png"}],"author":"Recom Editor","twitter_card":"summary_large_image","twitter_creator":"@REKOM_KOMRA","twitter_site":"@REKOM_KOMRA","twitter_misc":{"Written by":"Recom Editor","Est. reading time":"2 minutes"},"schema":{"@context":"https:\/\/schema.org","@graph":[{"@type":"WebPage","@id":"https:\/\/www.recom.link\/bhsc\/obiljezavanje-godisnjice-desavanja-u-dobrovoljackoj-ulici-u-sarajevu\/","url":"https:\/\/www.recom.link\/bhsc\/obiljezavanje-godisnjice-desavanja-u-dobrovoljackoj-ulici-u-sarajevu\/","name":"Obilje\u017eavanje godi\u0161njice de\u0161avanja u Dobrovolja\u010dkoj ulici u Sarajevu -","isPartOf":{"@id":"https:\/\/www.recom.link\/en\/#website"},"primaryImageOfPage":{"@id":"https:\/\/www.recom.link\/bhsc\/obiljezavanje-godisnjice-desavanja-u-dobrovoljackoj-ulici-u-sarajevu\/#primaryimage"},"image":{"@id":"https:\/\/www.recom.link\/bhsc\/obiljezavanje-godisnjice-desavanja-u-dobrovoljackoj-ulici-u-sarajevu\/#primaryimage"},"thumbnailUrl":"https:\/\/www.recom.link\/wp-content\/uploads\/2021\/05\/DobSE.png","datePublished":"2021-05-10T14:02:55+00:00","dateModified":"2021-06-15T11:11:16+00:00","author":{"@id":"https:\/\/www.recom.link\/en\/#\/schema\/person\/0b0fce47cdf986c8b4194146b69999a3"},"description":"Pripadnici bora\u010dkog udru\u017eenja Zelene beretke okupili su se u ponedjeljak, 3. maja, u biv\u0161oj Dobrovolja\u010dkoj ulici u Sarajevu, kako bi odali po\u010dast suborcima i gra\u0111anima stradalim u ovoj ulici prije 29 godina.","breadcrumb":{"@id":"https:\/\/www.recom.link\/bhsc\/obiljezavanje-godisnjice-desavanja-u-dobrovoljackoj-ulici-u-sarajevu\/#breadcrumb"},"inLanguage":"bhsc","potentialAction":[{"@type":"ReadAction","target":["https:\/\/www.recom.link\/bhsc\/obiljezavanje-godisnjice-desavanja-u-dobrovoljackoj-ulici-u-sarajevu\/"]}]},{"@type":"ImageObject","inLanguage":"bhsc","@id":"https:\/\/www.recom.link\/bhsc\/obiljezavanje-godisnjice-desavanja-u-dobrovoljackoj-ulici-u-sarajevu\/#primaryimage","url":"https:\/\/www.recom.link\/wp-content\/uploads\/2021\/05\/DobSE.png","contentUrl":"https:\/\/www.recom.link\/wp-content\/uploads\/2021\/05\/DobSE.png","width":1021,"height":488,"caption":"Dobrovolja\u010dkoj ulici u Sarajevu"},{"@type":"BreadcrumbList","@id":"https:\/\/www.recom.link\/bhsc\/obiljezavanje-godisnjice-desavanja-u-dobrovoljackoj-ulici-u-sarajevu\/#breadcrumb","itemListElement":[{"@type":"ListItem","position":1,"name":"Home","item":"https:\/\/www.recom.link\/en\/"},{"@type":"ListItem","position":2,"name":"Obilje\u017eavanje godi\u0161njice de\u0161avanja u Dobrovolja\u010dkoj ulici u Sarajevu"}]},{"@type":"WebSite","@id":"https:\/\/www.recom.link\/en\/#website","url":"https:\/\/www.recom.link\/en\/","name":"REKOM ~ KOMRA ~ RECOM","description":"","potentialAction":[{"@type":"SearchAction","target":{"@type":"EntryPoint","urlTemplate":"https:\/\/www.recom.link\/en\/?s={search_term_string}"},"query-input":{"@type":"PropertyValueSpecification","valueRequired":true,"valueName":"search_term_string"}}],"inLanguage":"bhsc"},{"@type":"Person","@id":"https:\/\/www.recom.link\/en\/#\/schema\/person\/0b0fce47cdf986c8b4194146b69999a3","name":"Recom Editor","image":{"@type":"ImageObject","inLanguage":"bhsc","@id":"https:\/\/www.recom.link\/en\/#\/schema\/person\/image\/","url":"https:\/\/secure.gravatar.com\/avatar\/b345ee03975bccfc62280b0fd1ffd916?s=96&d=mm&r=g","contentUrl":"https:\/\/secure.gravatar.com\/avatar\/b345ee03975bccfc62280b0fd1ffd916?s=96&d=mm&r=g","caption":"Recom Editor"},"url":"https:\/\/www.recom.link\/bhsc\/author\/jelanag\/"}]}},"_links":{"self":[{"href":"https:\/\/www.recom.link\/bhsc\/wp-json\/wp\/v2\/posts\/186567"}],"collection":[{"href":"https:\/\/www.recom.link\/bhsc\/wp-json\/wp\/v2\/posts"}],"about":[{"href":"https:\/\/www.recom.link\/bhsc\/wp-json\/wp\/v2\/types\/post"}],"author":[{"embeddable":true,"href":"https:\/\/www.recom.link\/bhsc\/wp-json\/wp\/v2\/users\/8"}],"replies":[{"embeddable":true,"href":"https:\/\/www.recom.link\/bhsc\/wp-json\/wp\/v2\/comments?post=186567"}],"version-history":[{"count":1,"href":"https:\/\/www.recom.link\/bhsc\/wp-json\/wp\/v2\/posts\/186567\/revisions"}],"predecessor-version":[{"id":186576,"href":"https:\/\/www.recom.link\/bhsc\/wp-json\/wp\/v2\/posts\/186567\/revisions\/186576"}],"wp:featuredmedia":[{"embeddable":true,"href":"https:\/\/www.recom.link\/bhsc\/wp-json\/wp\/v2\/media\/186571"}],"wp:attachment":[{"href":"https:\/\/www.recom.link\/bhsc\/wp-json\/wp\/v2\/media?parent=186567"}],"wp:term":[{"taxonomy":"category","embeddable":true,"href":"https:\/\/www.recom.link\/bhsc\/wp-json\/wp\/v2\/categories?post=186567"},{"taxonomy":"post_tag","embeddable":true,"href":"https:\/\/www.recom.link\/bhsc\/wp-json\/wp\/v2\/tags?post=186567"}],"curies":[{"name":"wp","href":"https:\/\/api.w.org\/{rel}","templated":true}]}}