{"id":185846,"date":"2020-11-23T11:13:47","date_gmt":"2020-11-23T10:13:47","guid":{"rendered":"https:\/\/www.recom.link\/?p=185846"},"modified":"2020-12-08T13:27:34","modified_gmt":"2020-12-08T12:27:34","slug":"konacno-naknada-civilnim-zrtvama-rata","status":"publish","type":"post","link":"https:\/\/www.recom.link\/bhsc\/konacno-naknada-civilnim-zrtvama-rata\/","title":{"rendered":"Hrvatska: Kona\u010dno naknada civilnim \u017ertvama rata"},"content":{"rendered":"<p><strong>Hrvatska planira da usvoji zakon koji \u0107e omogu\u0107iti civilnim \u017ertvama rata da dobiju naknadu, mada stru\u010dnjaci upozoravaju da bi neke kategorije mogle biti izostavljene.<\/strong><\/p>\n<p>Dvadeset i pet godina nakon zavr\u0161etka rata u Hrvatskoj kona\u010dno je izra\u0111en zakon koji \u0107e utvrditi prava civilnih \u017ertava sukoba, roditelja dece koja su ubijena, dece roditelja koji su ubijeni i porodica nestalih osoba. Hrvatska vlada o\u010dekuje da ga Skup\u0161tina usvoji do kraja godine.<\/p>\n<p>Zakonom se ozbezbe\u0111uje nov\u010dana naknada ljudima koji su u ratu postali invalidi i onima koji su izgubili \u010dlanove porodice, a finansijski \u0107e pomo\u0107i i kupovinu odre\u0111enih pomagala poput proteze.<\/p>\n<p>Branka Vierda iz Inicijative mladih za ljudska prava ka\u017ee da je ovo, uprkos dugogodi\u0161njem odlaganju, dobra vest.<\/p>\n<p>\u201eCjelovito zakonsko rje\u0161enje koje regulira ostvarenje prava i stjecanje statusa odre\u0111enoj specifi\u010dnoj skupini \u2013 civilnim \u017ertvama rata dugo se o\u010dekivalo i vrijedno je da se donosi pa i 25 godina nakon kraja rata\u201d, ka\u017ee Vierda za BIRN.<\/p>\n<p>Onlajn javna rasprava o nacrtu zakona odr\u017eana je pro\u0161le subote. Brojne organizacije koje su bile uklju\u010dene u ovo pitanje pozdravile su dono\u0161enje nacrta, mada su neke upozorile da je mogu\u0107e da nekim \u017ertvama budu uskra\u0107ena prava na nov\u010danu naknadu, ortopedska pomagala i prioritet prilikom zapo\u0161ljavanja i sme\u0161taj u domovima za negu.<\/p>\n<p>&nbsp;<\/p>\n<p><strong>Noga i ruka civila vrede kao noga i ruka branitelja<\/strong><\/p>\n<p>Julijana Rosandi\u0107, predsednica Zajednice udru\u017eenja hrvatskih civilnih stradalnika Domovinskog rata, izjavila je u oktobru za Ve\u010dernji list da je zadovoljna nacrtom zakona, napominju\u0107i da je \u201ekrucijalno va\u017eno \u0161to on predvi\u0111a naknadu za gubitak \u010dlana obitelji\u201c.<\/p>\n<p>Prema novom zakonu, porodice civila koji su nestali u ratu, ali koji jo\u0161 nisu slu\u017ebeno progla\u0161eni mrtvima, mo\u0107i \u0107e da tra\u017ee naknadu \u010dak i u slu\u010dajevima kada za njih nije izdat smrtni list.<\/p>\n<p>\u201eDo\u0161lo je i do boljih uvjeta za osobe s invaliditetom, naime uspjeli smo se dogovoriti da noga i ruka branitelja bude vrednovana kao noga i ruka civila\u201d, dodaje Rosandi\u0107.<\/p>\n<p>Ona je i sama ranjena tokom rata, zajedno sa \u010dlanovima porodice, kada su srpske snage iz susedne Bosne i Hercegovine granatirale Slavonski Brod, gde su oni \u017eiveli.<\/p>\n<p>Prema novom zakonu, osobe sa invaliditetom koje su ranjene u ratu, u zavisnosti od invaliditeta, mo\u0107i \u0107e dobiti mese\u010dnu naknadu od 114 do 3824 kuna (od 19 do 506 evra).<\/p>\n<p>Rosandi\u0107, pored Ombudsmana i nevladinih organizacija, godinama poziva hrvatske vlasti da donesu ovakav zakon, jer postoje zakoni koji reguli\u0161u prava vojnih i civilnih invalida i \u017ertava ratnog seksualnog nasilja, ali ne i zakon koji reguli\u0161e prava civilnih \u017ertava rata.<\/p>\n<p>Me\u0111utim, Vierda smatra da je potrebna \u201esveobuhvatna strategija\u201d koja \u0107e se baviti svim pitanjima proiza\u0161lim iz rata 1990-ih, a ne samo niz zakona.<\/p>\n<p>Neki u\u010desnici javne rasprave su upozorili da \u0107e u nekim slu\u010dajevima biti te\u0161ko na papiru dokazati da \u017ertve ispunjavaju uslove za primanje naknade.<\/p>\n<p>Ako \u017ertva tra\u017ei naknadu na osnovu bolesti ili povrede uzrokovane ratom (zbog eksplozije, pucnjave, zatvaranje u logoru), ona to mora dokazati medicinskom dokumentacijom koja je pribavljena u vreme povrede, tokom osloba\u0111anja iz zarobljeni\u0161tva ili u roku od 30 dana nakon toga.<\/p>\n<p>Zagreba\u010dka nevladina organizacija Centar za mirovne studije je tokom javne rasprave istakla da \u201ene smatra realnim da su sve civilne \u017ertve rata u roku od trideset dana nakon zlostavljanja imale priliku do\u0107i do medicinske dokumentacije\u201d.<\/p>\n<p>Zato je ova nevladina organizacija predlo\u017eila \u201euvo\u0111enje alternativnih na\u010dina koji nedvojbeno pokazuju na\u010din nastanka traume\/ozljeda poput iskaza svjedoka, medijskih zapisa, izvje\u0161taja me\u0111unarodnih i nevladinih organizacija i sl\u201d.<\/p>\n<p>Vierda napominje da ratne izbeglice, raseljene osobe i povratnici nisu uklju\u010deni u trenutni nacrt zakona, mada veruje da \u0107e kona\u010dna verzija zakona doneti koristi \u201eve\u0107em broju \u017ertava nego \u0161to je nacrtom prijedloga predvi\u0111eno\u201d.<\/p>\n<p>\u201eNadamo se da \u0107e zastupnici i zastupnice Hrvatskog sabora u raspravu biti uklju\u010deni i uklju\u010dene na konstruktivan na\u010din imaju\u0107i u vidu da odre\u0111ene grupe ljudi koje jesu civilne \u017ertve rata, u ovoj fazi, nacrtom prijedloga Zakona o civilnim stradalnicima iz Domovinskog rata, nisu obuhva\u0107ene\u201d, dodaje ona.<\/p>\n<p>&nbsp;<\/p>\n<p><strong>Sve \u017ertve su obuhva\u0107ene, ali postoje izuzeci<\/strong><\/p>\n<p>Ivica Akmad\u017ea, generalni sekretar Ministarstva branitelja, u oktobru je za Ve\u010dernji list objasnio da \u0107e zakon obezbediti prava \u201esvim stradalnicima\u201d. On \u0107e va\u017eiti kako za hrvatske dr\u017eavljane, tako i za strance ako su \u201eu trenutku stradavanja imali prebivali\u0161te ili boravi\u0161te na teritoriju RH\u201c, odnosno ako ta prava ve\u0107 ne ostvaruju od dr\u017eave \u010diji su dr\u017eavljani ili gde prebivaju.<\/p>\n<p>\u201eNo zakon striktno navodi kako prava ne mogu ostvariti pripadnici, pomaga\u010di ili suradnici neprijateljskih vojnih i paravojnih postrojbi koji su sudjelovali u oru\u017eanoj agresiji na RH, kao ni \u010dlanovi njihovih obitelji temeljem njihova stradavanja\u201c, rekao je Akmad\u017ea.<\/p>\n<p>Ali neki posmatra\u010di upozoravaju da bi srpski civili mogli imati pote\u0161ko\u0107a da doka\u017eu da nisu pomagali ili sara\u0111ivali sa \u201eneprijateljem\u201d.<\/p>\n<p>\u201eSmatramo potrebnim preciznije odrediti pojmove pomaga\u010da ili suradnika neprijateljskih vojnih i paravojnih postrojbi, kao i u kojem postupku i temeljem kakve odluke \u0107e se utvrditi da je neka osoba bila pomaga\u010d ili suradnik neprijateljskih vojnih i paravojnih postrojbi koje su sudjelovale u oru\u017eanoj agresiji na Hrvatsku\u201c, komentarisali su iz kancelarije pravobranioca tokom onlajn javne rasprave.<\/p>\n<p>Zakon tako\u0111e defini\u0161e da je civilni invalid Domovinskog rata, izme\u0111u ostalog, \u201eosoba kojoj je organizam o\u0161te\u0107en za najmanje 20% zbog rane ili ozljede koju je dobila uslijed zato\u010denja u logoru, zatvoru ili drugom neprijateljskom objektu od strane pripadnika, pomaga\u010da, suradnika neprijateljskih vojnih i paravojnih formacija\u201c.<\/p>\n<p>Vierda isti\u010de da \u0107e ova definicija isklju\u010diti \u017ertve \u201ekoje su bile zato\u010dene i mu\u010dene u zato\u010deni\u010dkim objektima pod kontrolom hrvatskih snaga\u201d.<\/p>\n<p>Navela je primere logora Lora u Splitu, vojnog zatvora Kerestinec kod Zagreba i Zagreba\u010dki sajam, gde su zlostavljani uglavnom srpski ratni zarobljenici i civili.<\/p>\n<p>Predrag Fred Mati\u0107, hrvatski poslanik u Evropskom parlamentu i biv\u0161i ministar branitelja, pozdravio je zakon jer su u \u201esvakom ratu civilne \u017ertve zapravo najve\u0107e \u017ertve \u201d.<\/p>\n<p>\u201eVojnik kada uzme pu\u0161ku u ruku, onda i zna otprilike \u0161ta ga mo\u017ee \u010dekati i \u010dega se prihvatio, a civili su stvarno nevine \u017ertve, kolateralne \u017ertve\u201d, isti\u010de Mati\u0107 za BIRN.<\/p>\n<p>On dodaje da je sli\u010dan zakon pripremio 2014. godine, ali da predlog nikada nije ugledao svetlost dana zbog <a href=\"https:\/\/balkaninsight.com\/2016\/04\/26\/kraj-osamnaestomjese%C4%8Dnog-prosvjeda-hrvatskih-branitelja-04-26-2016\/?lang=sr\" target=\"_blank\" rel=\"noopener noreferrer\">18-mese\u010dnog protesta hrvatskih branitelja<\/a> koji su postavili veliki \u0161ator ispred ministarstva, a koji su podr\u017eali desni\u010darski politi\u010dari.<\/p>\n<p>Neki branitelji i desni\u010dari su smatrali da u tom zakonu nije bilo jasno nagla\u0161eno da su Srbi devedesetih godina zapo\u010deli oru\u017eanu agresiju na Hrvatsku i da bi neki od agresora mogli imati koristi od predlo\u017eenog zakona, jer je Mati\u0107 imao nameru da njime obuhvati sve \u017ertve rata, uklju\u010duju\u0107i i Srbe.<\/p>\n<p>\u201eRekli su: \u2018Fred, izjedna\u010dava\u0161 \u017ertvu i agresora\u201c, prise\u0107a se Mati\u0107.<\/p>\n<p>Biv\u0161i ministar obja\u0161njava da je sproveo anketu uz pomo\u0107 nevladinih organizacija koje su utvrdile da je broj civilnih \u017ertava rata u Hrvatskoj oko 10.000.<\/p>\n<p>\u201eTu dolazimo do \u2018catcha\u2019, jer, ugrubo govorim brojke, 9,000 \u017ertava su Hrvati, ali na\u017ealost, to govorim pod navodnicima, i tisu\u0107u \u017ertava je me\u0111u srpskim stanovni\u0161tvom \u2013 \u0161to je bilo crvena krpa za te braniteljske udruge\u201d, nagla\u0161ava on.<\/p>\n<p>Mati\u0107 isti\u010de da sve civilne \u017ertve treba tretirati jednako. \u201eTata Jovo, ako je bio \u010detnik, on nema nikakva prava od ove dr\u017eave, ali njegov sin, mali Jovica, ako mu je granata otkinula nogu, njemu hrvatska dr\u017eava treba dati protezu koja mu treba\u201c, navodi on kao primer.<\/p>\n<p>\u201eAko \u0107e Jovica ispa\u0161tati zbog tate Jove, mi se nismo pomakli od nule\u201d, zaklju\u010duje on.<\/p>\n<p>&nbsp;<\/p>\n<p><strong>Anja Vladisavljevic<\/strong><\/p>\n<div class=\"btText\">\n<hr \/>\n<p><em>Ovaj tekst je preuzet sa portala <a href=\"https:\/\/balkaninsight.com\/2020\/11\/20\/hrvatska-konacno-naknada-civilnim-zrtvama-rata\/?lang=sr\" target=\"_blank\" rel=\"noopener noreferrer\">balkaninsight.com<\/a>.<\/em><\/p>\n<\/div>\n","protected":false},"excerpt":{"rendered":"Hrvatska planira da usvoji zakon koji \u0107e omogu\u0107iti civilnim \u017ertvama rata da dobiju naknadu, mada stru\u010dnjaci upozoravaju da bi neke&#8230; ","protected":false},"author":8,"featured_media":185847,"comment_status":"closed","ping_status":"open","sticky":false,"template":"","format":"standard","meta":{"_acf_changed":false,"footnotes":""},"categories":[422],"tags":[2507,2903,1048,3485,2907,3484],"class_list":["post-185846","post","type-post","status-publish","format-standard","has-post-thumbnail","hentry","category-vesti-bhsc","tag-branka-vierda","tag-civilne-zrtve-rata","tag-hrvatska","tag-julijana-rosandic","tag-predrag-matic-fred","tag-zakon"],"acf":[],"yoast_head":"<!-- This site is optimized with the Yoast SEO plugin v25.6 - https:\/\/yoast.com\/wordpress\/plugins\/seo\/ -->\n<title>Kona\u010dno naknada civilnim \u017ertvama rata REKOM ~ KOMRA ~ RECOM<\/title>\n<meta name=\"description\" content=\"Hrvatska planira da usvoji zakon koji \u0107e omogu\u0107iti civilnim \u017ertvama rata da dobiju naknadu.\" \/>\n<meta name=\"robots\" content=\"index, follow, max-snippet:-1, max-image-preview:large, max-video-preview:-1\" \/>\n<link rel=\"canonical\" href=\"https:\/\/www.recom.link\/bhsc\/konacno-naknada-civilnim-zrtvama-rata\/\" \/>\n<meta property=\"og:locale\" content=\"en_US\" \/>\n<meta property=\"og:type\" content=\"article\" \/>\n<meta property=\"og:title\" content=\"Kona\u010dno naknada civilnim \u017ertvama rata REKOM ~ KOMRA ~ RECOM\" \/>\n<meta property=\"og:description\" content=\"Hrvatska planira da usvoji zakon koji \u0107e omogu\u0107iti civilnim \u017ertvama rata da dobiju naknadu.\" \/>\n<meta property=\"og:url\" content=\"https:\/\/www.recom.link\/bhsc\/konacno-naknada-civilnim-zrtvama-rata\/\" \/>\n<meta property=\"og:site_name\" content=\"REKOM ~ KOMRA ~ RECOM\" \/>\n<meta property=\"article:publisher\" content=\"https:\/\/www.facebook.com\/ZaREKOM.PerKOMRA.ForRECOM\/\" \/>\n<meta property=\"article:published_time\" content=\"2020-11-23T10:13:47+00:00\" \/>\n<meta property=\"article:modified_time\" content=\"2020-12-08T12:27:34+00:00\" \/>\n<meta property=\"og:image\" content=\"https:\/\/www.recom.link\/wp-content\/uploads\/2020\/11\/h_56296063-1280x1014-1.jpg\" \/>\n\t<meta property=\"og:image:width\" content=\"1280\" \/>\n\t<meta property=\"og:image:height\" content=\"1014\" \/>\n\t<meta property=\"og:image:type\" content=\"image\/jpeg\" \/>\n<meta name=\"author\" content=\"Recom Editor\" \/>\n<meta name=\"twitter:card\" content=\"summary_large_image\" \/>\n<meta name=\"twitter:creator\" content=\"@REKOM_KOMRA\" \/>\n<meta name=\"twitter:site\" content=\"@REKOM_KOMRA\" \/>\n<meta name=\"twitter:label1\" content=\"Written by\" \/>\n\t<meta name=\"twitter:data1\" content=\"Recom Editor\" \/>\n\t<meta name=\"twitter:label2\" content=\"Est. reading time\" \/>\n\t<meta name=\"twitter:data2\" content=\"7 minutes\" \/>\n<script type=\"application\/ld+json\" class=\"yoast-schema-graph\">{\"@context\":\"https:\/\/schema.org\",\"@graph\":[{\"@type\":\"WebPage\",\"@id\":\"https:\/\/www.recom.link\/bhsc\/konacno-naknada-civilnim-zrtvama-rata\/\",\"url\":\"https:\/\/www.recom.link\/bhsc\/konacno-naknada-civilnim-zrtvama-rata\/\",\"name\":\"Kona\u010dno naknada civilnim \u017ertvama rata REKOM ~ KOMRA ~ RECOM\",\"isPartOf\":{\"@id\":\"https:\/\/www.recom.link\/en\/#website\"},\"primaryImageOfPage\":{\"@id\":\"https:\/\/www.recom.link\/bhsc\/konacno-naknada-civilnim-zrtvama-rata\/#primaryimage\"},\"image\":{\"@id\":\"https:\/\/www.recom.link\/bhsc\/konacno-naknada-civilnim-zrtvama-rata\/#primaryimage\"},\"thumbnailUrl\":\"https:\/\/www.recom.link\/wp-content\/uploads\/2020\/11\/h_56296063-1280x1014-1.jpg\",\"datePublished\":\"2020-11-23T10:13:47+00:00\",\"dateModified\":\"2020-12-08T12:27:34+00:00\",\"author\":{\"@id\":\"https:\/\/www.recom.link\/en\/#\/schema\/person\/0b0fce47cdf986c8b4194146b69999a3\"},\"description\":\"Hrvatska planira da usvoji zakon koji \u0107e omogu\u0107iti civilnim \u017ertvama rata da dobiju naknadu.\",\"breadcrumb\":{\"@id\":\"https:\/\/www.recom.link\/bhsc\/konacno-naknada-civilnim-zrtvama-rata\/#breadcrumb\"},\"inLanguage\":\"bhsc\",\"potentialAction\":[{\"@type\":\"ReadAction\",\"target\":[\"https:\/\/www.recom.link\/bhsc\/konacno-naknada-civilnim-zrtvama-rata\/\"]}]},{\"@type\":\"ImageObject\",\"inLanguage\":\"bhsc\",\"@id\":\"https:\/\/www.recom.link\/bhsc\/konacno-naknada-civilnim-zrtvama-rata\/#primaryimage\",\"url\":\"https:\/\/www.recom.link\/wp-content\/uploads\/2020\/11\/h_56296063-1280x1014-1.jpg\",\"contentUrl\":\"https:\/\/www.recom.link\/wp-content\/uploads\/2020\/11\/h_56296063-1280x1014-1.jpg\",\"width\":1280,\"height\":1014,\"caption\":\"kona\u010dno naknada civilnim \u017ertvama rata\"},{\"@type\":\"BreadcrumbList\",\"@id\":\"https:\/\/www.recom.link\/bhsc\/konacno-naknada-civilnim-zrtvama-rata\/#breadcrumb\",\"itemListElement\":[{\"@type\":\"ListItem\",\"position\":1,\"name\":\"Home\",\"item\":\"https:\/\/www.recom.link\/en\/\"},{\"@type\":\"ListItem\",\"position\":2,\"name\":\"Hrvatska: Kona\u010dno naknada civilnim \u017ertvama rata\"}]},{\"@type\":\"WebSite\",\"@id\":\"https:\/\/www.recom.link\/en\/#website\",\"url\":\"https:\/\/www.recom.link\/en\/\",\"name\":\"REKOM ~ KOMRA ~ RECOM\",\"description\":\"\",\"potentialAction\":[{\"@type\":\"SearchAction\",\"target\":{\"@type\":\"EntryPoint\",\"urlTemplate\":\"https:\/\/www.recom.link\/en\/?s={search_term_string}\"},\"query-input\":{\"@type\":\"PropertyValueSpecification\",\"valueRequired\":true,\"valueName\":\"search_term_string\"}}],\"inLanguage\":\"bhsc\"},{\"@type\":\"Person\",\"@id\":\"https:\/\/www.recom.link\/en\/#\/schema\/person\/0b0fce47cdf986c8b4194146b69999a3\",\"name\":\"Recom Editor\",\"image\":{\"@type\":\"ImageObject\",\"inLanguage\":\"bhsc\",\"@id\":\"https:\/\/www.recom.link\/en\/#\/schema\/person\/image\/\",\"url\":\"https:\/\/secure.gravatar.com\/avatar\/b345ee03975bccfc62280b0fd1ffd916?s=96&d=mm&r=g\",\"contentUrl\":\"https:\/\/secure.gravatar.com\/avatar\/b345ee03975bccfc62280b0fd1ffd916?s=96&d=mm&r=g\",\"caption\":\"Recom Editor\"},\"url\":\"https:\/\/www.recom.link\/bhsc\/author\/jelanag\/\"}]}<\/script>\n<!-- \/ Yoast SEO plugin. -->","yoast_head_json":{"title":"Kona\u010dno naknada civilnim \u017ertvama rata REKOM ~ KOMRA ~ RECOM","description":"Hrvatska planira da usvoji zakon koji \u0107e omogu\u0107iti civilnim \u017ertvama rata da dobiju naknadu.","robots":{"index":"index","follow":"follow","max-snippet":"max-snippet:-1","max-image-preview":"max-image-preview:large","max-video-preview":"max-video-preview:-1"},"canonical":"https:\/\/www.recom.link\/bhsc\/konacno-naknada-civilnim-zrtvama-rata\/","og_locale":"en_US","og_type":"article","og_title":"Kona\u010dno naknada civilnim \u017ertvama rata REKOM ~ KOMRA ~ RECOM","og_description":"Hrvatska planira da usvoji zakon koji \u0107e omogu\u0107iti civilnim \u017ertvama rata da dobiju naknadu.","og_url":"https:\/\/www.recom.link\/bhsc\/konacno-naknada-civilnim-zrtvama-rata\/","og_site_name":"REKOM ~ KOMRA ~ RECOM","article_publisher":"https:\/\/www.facebook.com\/ZaREKOM.PerKOMRA.ForRECOM\/","article_published_time":"2020-11-23T10:13:47+00:00","article_modified_time":"2020-12-08T12:27:34+00:00","og_image":[{"width":1280,"height":1014,"url":"https:\/\/www.recom.link\/wp-content\/uploads\/2020\/11\/h_56296063-1280x1014-1.jpg","type":"image\/jpeg"}],"author":"Recom Editor","twitter_card":"summary_large_image","twitter_creator":"@REKOM_KOMRA","twitter_site":"@REKOM_KOMRA","twitter_misc":{"Written by":"Recom Editor","Est. reading time":"7 minutes"},"schema":{"@context":"https:\/\/schema.org","@graph":[{"@type":"WebPage","@id":"https:\/\/www.recom.link\/bhsc\/konacno-naknada-civilnim-zrtvama-rata\/","url":"https:\/\/www.recom.link\/bhsc\/konacno-naknada-civilnim-zrtvama-rata\/","name":"Kona\u010dno naknada civilnim \u017ertvama rata REKOM ~ KOMRA ~ RECOM","isPartOf":{"@id":"https:\/\/www.recom.link\/en\/#website"},"primaryImageOfPage":{"@id":"https:\/\/www.recom.link\/bhsc\/konacno-naknada-civilnim-zrtvama-rata\/#primaryimage"},"image":{"@id":"https:\/\/www.recom.link\/bhsc\/konacno-naknada-civilnim-zrtvama-rata\/#primaryimage"},"thumbnailUrl":"https:\/\/www.recom.link\/wp-content\/uploads\/2020\/11\/h_56296063-1280x1014-1.jpg","datePublished":"2020-11-23T10:13:47+00:00","dateModified":"2020-12-08T12:27:34+00:00","author":{"@id":"https:\/\/www.recom.link\/en\/#\/schema\/person\/0b0fce47cdf986c8b4194146b69999a3"},"description":"Hrvatska planira da usvoji zakon koji \u0107e omogu\u0107iti civilnim \u017ertvama rata da dobiju naknadu.","breadcrumb":{"@id":"https:\/\/www.recom.link\/bhsc\/konacno-naknada-civilnim-zrtvama-rata\/#breadcrumb"},"inLanguage":"bhsc","potentialAction":[{"@type":"ReadAction","target":["https:\/\/www.recom.link\/bhsc\/konacno-naknada-civilnim-zrtvama-rata\/"]}]},{"@type":"ImageObject","inLanguage":"bhsc","@id":"https:\/\/www.recom.link\/bhsc\/konacno-naknada-civilnim-zrtvama-rata\/#primaryimage","url":"https:\/\/www.recom.link\/wp-content\/uploads\/2020\/11\/h_56296063-1280x1014-1.jpg","contentUrl":"https:\/\/www.recom.link\/wp-content\/uploads\/2020\/11\/h_56296063-1280x1014-1.jpg","width":1280,"height":1014,"caption":"kona\u010dno naknada civilnim \u017ertvama rata"},{"@type":"BreadcrumbList","@id":"https:\/\/www.recom.link\/bhsc\/konacno-naknada-civilnim-zrtvama-rata\/#breadcrumb","itemListElement":[{"@type":"ListItem","position":1,"name":"Home","item":"https:\/\/www.recom.link\/en\/"},{"@type":"ListItem","position":2,"name":"Hrvatska: Kona\u010dno naknada civilnim \u017ertvama rata"}]},{"@type":"WebSite","@id":"https:\/\/www.recom.link\/en\/#website","url":"https:\/\/www.recom.link\/en\/","name":"REKOM ~ KOMRA ~ RECOM","description":"","potentialAction":[{"@type":"SearchAction","target":{"@type":"EntryPoint","urlTemplate":"https:\/\/www.recom.link\/en\/?s={search_term_string}"},"query-input":{"@type":"PropertyValueSpecification","valueRequired":true,"valueName":"search_term_string"}}],"inLanguage":"bhsc"},{"@type":"Person","@id":"https:\/\/www.recom.link\/en\/#\/schema\/person\/0b0fce47cdf986c8b4194146b69999a3","name":"Recom Editor","image":{"@type":"ImageObject","inLanguage":"bhsc","@id":"https:\/\/www.recom.link\/en\/#\/schema\/person\/image\/","url":"https:\/\/secure.gravatar.com\/avatar\/b345ee03975bccfc62280b0fd1ffd916?s=96&d=mm&r=g","contentUrl":"https:\/\/secure.gravatar.com\/avatar\/b345ee03975bccfc62280b0fd1ffd916?s=96&d=mm&r=g","caption":"Recom Editor"},"url":"https:\/\/www.recom.link\/bhsc\/author\/jelanag\/"}]}},"_links":{"self":[{"href":"https:\/\/www.recom.link\/bhsc\/wp-json\/wp\/v2\/posts\/185846"}],"collection":[{"href":"https:\/\/www.recom.link\/bhsc\/wp-json\/wp\/v2\/posts"}],"about":[{"href":"https:\/\/www.recom.link\/bhsc\/wp-json\/wp\/v2\/types\/post"}],"author":[{"embeddable":true,"href":"https:\/\/www.recom.link\/bhsc\/wp-json\/wp\/v2\/users\/8"}],"replies":[{"embeddable":true,"href":"https:\/\/www.recom.link\/bhsc\/wp-json\/wp\/v2\/comments?post=185846"}],"version-history":[{"count":5,"href":"https:\/\/www.recom.link\/bhsc\/wp-json\/wp\/v2\/posts\/185846\/revisions"}],"predecessor-version":[{"id":185856,"href":"https:\/\/www.recom.link\/bhsc\/wp-json\/wp\/v2\/posts\/185846\/revisions\/185856"}],"wp:featuredmedia":[{"embeddable":true,"href":"https:\/\/www.recom.link\/bhsc\/wp-json\/wp\/v2\/media\/185847"}],"wp:attachment":[{"href":"https:\/\/www.recom.link\/bhsc\/wp-json\/wp\/v2\/media?parent=185846"}],"wp:term":[{"taxonomy":"category","embeddable":true,"href":"https:\/\/www.recom.link\/bhsc\/wp-json\/wp\/v2\/categories?post=185846"},{"taxonomy":"post_tag","embeddable":true,"href":"https:\/\/www.recom.link\/bhsc\/wp-json\/wp\/v2\/tags?post=185846"}],"curies":[{"name":"wp","href":"https:\/\/api.w.org\/{rel}","templated":true}]}}