{"id":185738,"date":"2020-10-24T14:49:50","date_gmt":"2020-10-24T13:49:50","guid":{"rendered":"https:\/\/www.recom.link\/?p=185738"},"modified":"2020-11-20T15:50:29","modified_gmt":"2020-11-20T14:50:29","slug":"rekom-debata-o-politikama-pamcenja-i-praksama-secanja","status":"publish","type":"post","link":"https:\/\/www.recom.link\/bhsc\/rekom-debata-o-politikama-pamcenja-i-praksama-secanja\/","title":{"rendered":"REKOM mre\u017ea pomirenja: Debata o politikama pam\u0107enja i praksama se\u0107anja"},"content":{"rendered":"<p>Fond za humanitarno pravo Kosovo je u ime REKOM mre\u017ee pomirenja 22. oktobra 2020. godine organizovao onlajn debatu na temu politika pam\u0107enja i praksi se\u0107anja u Jugoisto\u010dnoj Evropi. Panelistkinje i panelisti, Ana Milo\u0161evi\u0107, Vjeran Pavlakovi\u0107, Naum Trajanovski i Venera \u00c7o\u00e7aj, nastojali su da odgovore na pitanja o dinamici politike se\u0107anja i perspektivama za zajedni\u010dku viziju budu\u0107nosti postjugoslovenskog prostora. Debatu je otvorila i moderirala Vjollca Krasniqi.<\/p>\n<p>Ana Milo\u0161evi\u0107 je, pozivaju\u0107i se na zbornik <em>Europeanisation and Memory Politics in the Western Balkans<\/em> koji je uredila zajedno sa Tamarom Tro\u0161t, govorila o uticaju procesa evropskih integracija na politike se\u0107anja na Zapadnom Balkanu. Kako ne postoji jedinstveno evropsko se\u0107anje, ve\u0107 samo politike se\u0107anja koje Evropska unija oblikuje u skladu sa svojim politi\u010dkim interesima, proces evropskih integracija balkanskih zemalja obele\u017een je selektivnim i takti\u010dkim usvajanjem iskustava vezanih za evropsku pro\u0161lost odnosno selektivnom evropeizacijom se\u0107anja.<\/p>\n<p>Govore\u0107i o komemorativnim praksama u Hrvatskoj, Vjeran Pavlakovi\u0107 se u svom izlaganju bavi politikama se\u0107anja u odnosu na Drugi svetski i \u201eDomovinski\u201c rat. Komemoracije vidi kao priliku da predstavnici dr\u017eavnog vrha, u zavisnosti od na\u010dina na koji u ovim prilikama govore o pro\u0161losti, konstrui\u0161u zvani\u010dno se\u0107anje. Tako konstruisane etni\u010dki i ideolo\u0161ki suprotstavljene verzije\u00a0 kolektivnog\u00a0 se\u0107anja uti\u010du ne samo na me\u0111uetni\u010dke odnose u Hrvatskoj, ve\u0107 i na odnose u regionu. Kao va\u017ene \u010dinioce kolektivnog se\u0107anja prepoznaje medije i spomeni\u010dku kulturu. Izlaganje zaklju\u010duje optimisti\u010dnim pogledom na ovogodi\u0161nji zaokret u komemoraciji \u017ertava \u201eOluje\u201c, u kome vidi priliku da se prevazi\u0111u etni\u010dki jednostrane politike se\u0107anja.<\/p>\n<p>Naum Trajanovski tuma\u010di na koji na\u010din nedavne politi\u010dke promene u Severnoj Makedoniji uti\u010du na makedonsko-bugarske i makedonsko-gr\u010dke odnose. U cilju dobrosusedskih odnosa izme\u0111u Severne Makedonije i Bugarske, neophodno je uneti promene u \u0161kolske programe istorije i zvani\u010dnu politiku se\u0107anja, s obzirom na to da u Bugarskoj i Makedoniji trenutno postoje dva paralelna i donekle suprotstavljena narativa o zajedni\u010dkoj pro\u0161losti. Razli\u010dite interpretacije pro\u0161losti u Severnoj Makedoniji i Gr\u010dkoj najvidljivije su kada se uzme u obzir novonastala spomeni\u010dka kultura u Severnoj Makedoniji, utemeljena na helenisti\u010dkom nasle\u0111u, kao i upotreba toponima Makedonija, koji u Gr\u010dkoj i Severnoj Makedoniji ima razli\u010dito zna\u010denje.<\/p>\n<p>Izlaganje Venere \u00c7o\u00e7aj ti\u010de se politike se\u0107anja na Kosovu. Zvani\u010dna politika se\u0107anja na Kosovu nastaje u etnonacionalnim okvirima i u velikoj se meri oslanja na herojski narativ o oslobodiocima Kosova, \u0161to je \u010desto instrumentalizovano u dnevnopoliti\u010dke svrhe. Kosovska politika se\u0107anja se gradi paralelno, kroz zvani\u010dne inicijative izgradnje spomenika i imenovanja ulica i institucija po istaknutim borcima OVK, ali i kroz akcije pojedinaca, naj\u010de\u0161\u0107e \u010dlanova porodica poginulih. \u00c7o\u00e7aj isti\u010de potrebu da kosovske komemorativne prakse iza\u0111u iz etnonacionalnih okvira. Kako im se ne pridaje zna\u010dajna uloga u okvirima zvani\u010dne \u201eherojske\u201c politike se\u0107anja, etni\u010dke manjine i \u017eene su \u010desto nevidljive u kosovskom javnom \u017eivotu. Ipak, postoje primeri gra\u0111anskih inicijativa i inicijativa organizacija civilnog dru\u0161tva koje nastoje da uklju\u010de iskustva \u017eena i manjina u komemorativne prakse.<\/p>\n<p>Snimak debate na engleskom jeziku mo\u017eete pogledati na YouTube kanalu REKOM mre\u017ee pomirenja.<\/p>\n<p>&nbsp;<\/p>\n<p><iframe loading=\"lazy\" src=\"https:\/\/www.youtube.com\/embed\/QDQfhbrJfdA\" width=\"560\" height=\"315\" frameborder=\"0\" allowfullscreen=\"allowfullscreen\"><\/iframe><\/p>\n<p>&nbsp;<\/p>\n<p><strong>Ana Milo\u0161evi\u0107<\/strong> je istra\u017eiva\u010dica na KU Lueven. Bavi se politikama se\u0107anja na Zapadnom Balkanu, s posebnim fokusom na Hrvatsku i Srbiju.<\/p>\n<p><strong>Vjeran Pavlakovi\u0107<\/strong> je istra\u017eiva\u010d i predava\u010d na Univezitetu u Rijeci. Oblast njegovog istra\u017eivanja su politike se\u0107anja i tranziciona pravda u biv\u0161oj Jugoslaviji.<\/p>\n<p><strong>Naum Trajanovski<\/strong> je doktorand na Insitutu za filozofiju i sociologiju Poljske akademije nauka. Bavi se politikama se\u0107anja u Severnoj Makedoniji.<\/p>\n<p><strong>Venera \u00c7o\u00e7aj<\/strong> je doktorandkinja Evropskog instituta u Londonu. Njeno istra\u017eivanje se ti\u010de seksualnog nasilja u ratu i rodno zasnovanog nasilja u Hrvatskoj, BiH i\u00a0 na Kosovu.<\/p>\n","protected":false},"excerpt":{"rendered":"Fond za humanitarno pravo Kosovo je u ime REKOM mre\u017ee pomirenja 22. oktobra 2020. godine organizovao onlajn debatu na temu&#8230; ","protected":false},"author":8,"featured_media":185752,"comment_status":"closed","ping_status":"open","sticky":false,"template":"","format":"standard","meta":{"_acf_changed":false,"footnotes":""},"categories":[1921],"tags":[2523,2697,2540],"class_list":["post-185738","post","type-post","status-publish","format-standard","has-post-thumbnail","hentry","category-debate-bhsc-3","tag-debata","tag-fond-za-humanitarno-pravo-kosovo","tag-rekom-mreza-pomirenja"],"acf":[],"yoast_head":"<!-- This site is optimized with the Yoast SEO plugin v25.6 - https:\/\/yoast.com\/wordpress\/plugins\/seo\/ -->\n<title>REKOM: Debata o politikama pam\u0107enja i praksama se\u0107anja -<\/title>\n<meta name=\"description\" content=\"Fond za humanitarno pravo Kosovo je u ime REKOM mre\u017ee pomirenja 22. oktobra 2020. godine organizovao onlajn debatu na temu politika pam\u0107enja i praksi se\u0107anja u Jugoisto\u010dnoj Evropi.\" \/>\n<meta name=\"robots\" content=\"index, follow, max-snippet:-1, max-image-preview:large, max-video-preview:-1\" \/>\n<link rel=\"canonical\" href=\"https:\/\/www.recom.link\/bhsc\/rekom-debata-o-politikama-pamcenja-i-praksama-secanja\/\" \/>\n<meta property=\"og:locale\" content=\"en_US\" \/>\n<meta property=\"og:type\" content=\"article\" \/>\n<meta property=\"og:title\" content=\"REKOM: Debata o politikama pam\u0107enja i praksama se\u0107anja -\" \/>\n<meta property=\"og:description\" content=\"Fond za humanitarno pravo Kosovo je u ime REKOM mre\u017ee pomirenja 22. oktobra 2020. godine organizovao onlajn debatu na temu politika pam\u0107enja i praksi se\u0107anja u Jugoisto\u010dnoj Evropi.\" \/>\n<meta property=\"og:url\" content=\"https:\/\/www.recom.link\/bhsc\/rekom-debata-o-politikama-pamcenja-i-praksama-secanja\/\" \/>\n<meta property=\"og:site_name\" content=\"REKOM ~ KOMRA ~ RECOM\" \/>\n<meta property=\"article:publisher\" content=\"https:\/\/www.facebook.com\/ZaREKOM.PerKOMRA.ForRECOM\/\" \/>\n<meta property=\"article:published_time\" content=\"2020-10-24T13:49:50+00:00\" \/>\n<meta property=\"article:modified_time\" content=\"2020-11-20T14:50:29+00:00\" \/>\n<meta property=\"og:image\" content=\"https:\/\/www.recom.link\/wp-content\/uploads\/2020\/10\/Hvataj-4.png\" \/>\n\t<meta property=\"og:image:width\" content=\"1190\" \/>\n\t<meta property=\"og:image:height\" content=\"508\" \/>\n\t<meta property=\"og:image:type\" content=\"image\/png\" \/>\n<meta name=\"author\" content=\"Recom Editor\" \/>\n<meta name=\"twitter:card\" content=\"summary_large_image\" \/>\n<meta name=\"twitter:creator\" content=\"@REKOM_KOMRA\" \/>\n<meta name=\"twitter:site\" content=\"@REKOM_KOMRA\" \/>\n<meta name=\"twitter:label1\" content=\"Written by\" \/>\n\t<meta name=\"twitter:data1\" content=\"Recom Editor\" \/>\n\t<meta name=\"twitter:label2\" content=\"Est. reading time\" \/>\n\t<meta name=\"twitter:data2\" content=\"3 minutes\" \/>\n<script type=\"application\/ld+json\" class=\"yoast-schema-graph\">{\"@context\":\"https:\/\/schema.org\",\"@graph\":[{\"@type\":\"WebPage\",\"@id\":\"https:\/\/www.recom.link\/bhsc\/rekom-debata-o-politikama-pamcenja-i-praksama-secanja\/\",\"url\":\"https:\/\/www.recom.link\/bhsc\/rekom-debata-o-politikama-pamcenja-i-praksama-secanja\/\",\"name\":\"REKOM: Debata o politikama pam\u0107enja i praksama se\u0107anja -\",\"isPartOf\":{\"@id\":\"https:\/\/www.recom.link\/en\/#website\"},\"primaryImageOfPage\":{\"@id\":\"https:\/\/www.recom.link\/bhsc\/rekom-debata-o-politikama-pamcenja-i-praksama-secanja\/#primaryimage\"},\"image\":{\"@id\":\"https:\/\/www.recom.link\/bhsc\/rekom-debata-o-politikama-pamcenja-i-praksama-secanja\/#primaryimage\"},\"thumbnailUrl\":\"https:\/\/www.recom.link\/wp-content\/uploads\/2020\/10\/Hvataj-4.png\",\"datePublished\":\"2020-10-24T13:49:50+00:00\",\"dateModified\":\"2020-11-20T14:50:29+00:00\",\"author\":{\"@id\":\"https:\/\/www.recom.link\/en\/#\/schema\/person\/0b0fce47cdf986c8b4194146b69999a3\"},\"description\":\"Fond za humanitarno pravo Kosovo je u ime REKOM mre\u017ee pomirenja 22. oktobra 2020. godine organizovao onlajn debatu na temu politika pam\u0107enja i praksi se\u0107anja u Jugoisto\u010dnoj Evropi.\",\"breadcrumb\":{\"@id\":\"https:\/\/www.recom.link\/bhsc\/rekom-debata-o-politikama-pamcenja-i-praksama-secanja\/#breadcrumb\"},\"inLanguage\":\"bhsc\",\"potentialAction\":[{\"@type\":\"ReadAction\",\"target\":[\"https:\/\/www.recom.link\/bhsc\/rekom-debata-o-politikama-pamcenja-i-praksama-secanja\/\"]}]},{\"@type\":\"ImageObject\",\"inLanguage\":\"bhsc\",\"@id\":\"https:\/\/www.recom.link\/bhsc\/rekom-debata-o-politikama-pamcenja-i-praksama-secanja\/#primaryimage\",\"url\":\"https:\/\/www.recom.link\/wp-content\/uploads\/2020\/10\/Hvataj-4.png\",\"contentUrl\":\"https:\/\/www.recom.link\/wp-content\/uploads\/2020\/10\/Hvataj-4.png\",\"width\":1190,\"height\":508,\"caption\":\"Debata o politikama pam\u0107enja i praksama se\u0107anja\"},{\"@type\":\"BreadcrumbList\",\"@id\":\"https:\/\/www.recom.link\/bhsc\/rekom-debata-o-politikama-pamcenja-i-praksama-secanja\/#breadcrumb\",\"itemListElement\":[{\"@type\":\"ListItem\",\"position\":1,\"name\":\"Home\",\"item\":\"https:\/\/www.recom.link\/en\/\"},{\"@type\":\"ListItem\",\"position\":2,\"name\":\"REKOM mre\u017ea pomirenja: Debata o politikama pam\u0107enja i praksama se\u0107anja\"}]},{\"@type\":\"WebSite\",\"@id\":\"https:\/\/www.recom.link\/en\/#website\",\"url\":\"https:\/\/www.recom.link\/en\/\",\"name\":\"REKOM ~ KOMRA ~ RECOM\",\"description\":\"\",\"potentialAction\":[{\"@type\":\"SearchAction\",\"target\":{\"@type\":\"EntryPoint\",\"urlTemplate\":\"https:\/\/www.recom.link\/en\/?s={search_term_string}\"},\"query-input\":{\"@type\":\"PropertyValueSpecification\",\"valueRequired\":true,\"valueName\":\"search_term_string\"}}],\"inLanguage\":\"bhsc\"},{\"@type\":\"Person\",\"@id\":\"https:\/\/www.recom.link\/en\/#\/schema\/person\/0b0fce47cdf986c8b4194146b69999a3\",\"name\":\"Recom Editor\",\"image\":{\"@type\":\"ImageObject\",\"inLanguage\":\"bhsc\",\"@id\":\"https:\/\/www.recom.link\/en\/#\/schema\/person\/image\/\",\"url\":\"https:\/\/secure.gravatar.com\/avatar\/b345ee03975bccfc62280b0fd1ffd916?s=96&d=mm&r=g\",\"contentUrl\":\"https:\/\/secure.gravatar.com\/avatar\/b345ee03975bccfc62280b0fd1ffd916?s=96&d=mm&r=g\",\"caption\":\"Recom Editor\"},\"url\":\"https:\/\/www.recom.link\/bhsc\/author\/jelanag\/\"}]}<\/script>\n<!-- \/ Yoast SEO plugin. -->","yoast_head_json":{"title":"REKOM: Debata o politikama pam\u0107enja i praksama se\u0107anja -","description":"Fond za humanitarno pravo Kosovo je u ime REKOM mre\u017ee pomirenja 22. oktobra 2020. godine organizovao onlajn debatu na temu politika pam\u0107enja i praksi se\u0107anja u Jugoisto\u010dnoj Evropi.","robots":{"index":"index","follow":"follow","max-snippet":"max-snippet:-1","max-image-preview":"max-image-preview:large","max-video-preview":"max-video-preview:-1"},"canonical":"https:\/\/www.recom.link\/bhsc\/rekom-debata-o-politikama-pamcenja-i-praksama-secanja\/","og_locale":"en_US","og_type":"article","og_title":"REKOM: Debata o politikama pam\u0107enja i praksama se\u0107anja -","og_description":"Fond za humanitarno pravo Kosovo je u ime REKOM mre\u017ee pomirenja 22. oktobra 2020. godine organizovao onlajn debatu na temu politika pam\u0107enja i praksi se\u0107anja u Jugoisto\u010dnoj Evropi.","og_url":"https:\/\/www.recom.link\/bhsc\/rekom-debata-o-politikama-pamcenja-i-praksama-secanja\/","og_site_name":"REKOM ~ KOMRA ~ RECOM","article_publisher":"https:\/\/www.facebook.com\/ZaREKOM.PerKOMRA.ForRECOM\/","article_published_time":"2020-10-24T13:49:50+00:00","article_modified_time":"2020-11-20T14:50:29+00:00","og_image":[{"width":1190,"height":508,"url":"https:\/\/www.recom.link\/wp-content\/uploads\/2020\/10\/Hvataj-4.png","type":"image\/png"}],"author":"Recom Editor","twitter_card":"summary_large_image","twitter_creator":"@REKOM_KOMRA","twitter_site":"@REKOM_KOMRA","twitter_misc":{"Written by":"Recom Editor","Est. reading time":"3 minutes"},"schema":{"@context":"https:\/\/schema.org","@graph":[{"@type":"WebPage","@id":"https:\/\/www.recom.link\/bhsc\/rekom-debata-o-politikama-pamcenja-i-praksama-secanja\/","url":"https:\/\/www.recom.link\/bhsc\/rekom-debata-o-politikama-pamcenja-i-praksama-secanja\/","name":"REKOM: Debata o politikama pam\u0107enja i praksama se\u0107anja -","isPartOf":{"@id":"https:\/\/www.recom.link\/en\/#website"},"primaryImageOfPage":{"@id":"https:\/\/www.recom.link\/bhsc\/rekom-debata-o-politikama-pamcenja-i-praksama-secanja\/#primaryimage"},"image":{"@id":"https:\/\/www.recom.link\/bhsc\/rekom-debata-o-politikama-pamcenja-i-praksama-secanja\/#primaryimage"},"thumbnailUrl":"https:\/\/www.recom.link\/wp-content\/uploads\/2020\/10\/Hvataj-4.png","datePublished":"2020-10-24T13:49:50+00:00","dateModified":"2020-11-20T14:50:29+00:00","author":{"@id":"https:\/\/www.recom.link\/en\/#\/schema\/person\/0b0fce47cdf986c8b4194146b69999a3"},"description":"Fond za humanitarno pravo Kosovo je u ime REKOM mre\u017ee pomirenja 22. oktobra 2020. godine organizovao onlajn debatu na temu politika pam\u0107enja i praksi se\u0107anja u Jugoisto\u010dnoj Evropi.","breadcrumb":{"@id":"https:\/\/www.recom.link\/bhsc\/rekom-debata-o-politikama-pamcenja-i-praksama-secanja\/#breadcrumb"},"inLanguage":"bhsc","potentialAction":[{"@type":"ReadAction","target":["https:\/\/www.recom.link\/bhsc\/rekom-debata-o-politikama-pamcenja-i-praksama-secanja\/"]}]},{"@type":"ImageObject","inLanguage":"bhsc","@id":"https:\/\/www.recom.link\/bhsc\/rekom-debata-o-politikama-pamcenja-i-praksama-secanja\/#primaryimage","url":"https:\/\/www.recom.link\/wp-content\/uploads\/2020\/10\/Hvataj-4.png","contentUrl":"https:\/\/www.recom.link\/wp-content\/uploads\/2020\/10\/Hvataj-4.png","width":1190,"height":508,"caption":"Debata o politikama pam\u0107enja i praksama se\u0107anja"},{"@type":"BreadcrumbList","@id":"https:\/\/www.recom.link\/bhsc\/rekom-debata-o-politikama-pamcenja-i-praksama-secanja\/#breadcrumb","itemListElement":[{"@type":"ListItem","position":1,"name":"Home","item":"https:\/\/www.recom.link\/en\/"},{"@type":"ListItem","position":2,"name":"REKOM mre\u017ea pomirenja: Debata o politikama pam\u0107enja i praksama se\u0107anja"}]},{"@type":"WebSite","@id":"https:\/\/www.recom.link\/en\/#website","url":"https:\/\/www.recom.link\/en\/","name":"REKOM ~ KOMRA ~ RECOM","description":"","potentialAction":[{"@type":"SearchAction","target":{"@type":"EntryPoint","urlTemplate":"https:\/\/www.recom.link\/en\/?s={search_term_string}"},"query-input":{"@type":"PropertyValueSpecification","valueRequired":true,"valueName":"search_term_string"}}],"inLanguage":"bhsc"},{"@type":"Person","@id":"https:\/\/www.recom.link\/en\/#\/schema\/person\/0b0fce47cdf986c8b4194146b69999a3","name":"Recom Editor","image":{"@type":"ImageObject","inLanguage":"bhsc","@id":"https:\/\/www.recom.link\/en\/#\/schema\/person\/image\/","url":"https:\/\/secure.gravatar.com\/avatar\/b345ee03975bccfc62280b0fd1ffd916?s=96&d=mm&r=g","contentUrl":"https:\/\/secure.gravatar.com\/avatar\/b345ee03975bccfc62280b0fd1ffd916?s=96&d=mm&r=g","caption":"Recom Editor"},"url":"https:\/\/www.recom.link\/bhsc\/author\/jelanag\/"}]}},"_links":{"self":[{"href":"https:\/\/www.recom.link\/bhsc\/wp-json\/wp\/v2\/posts\/185738"}],"collection":[{"href":"https:\/\/www.recom.link\/bhsc\/wp-json\/wp\/v2\/posts"}],"about":[{"href":"https:\/\/www.recom.link\/bhsc\/wp-json\/wp\/v2\/types\/post"}],"author":[{"embeddable":true,"href":"https:\/\/www.recom.link\/bhsc\/wp-json\/wp\/v2\/users\/8"}],"replies":[{"embeddable":true,"href":"https:\/\/www.recom.link\/bhsc\/wp-json\/wp\/v2\/comments?post=185738"}],"version-history":[{"count":2,"href":"https:\/\/www.recom.link\/bhsc\/wp-json\/wp\/v2\/posts\/185738\/revisions"}],"predecessor-version":[{"id":185757,"href":"https:\/\/www.recom.link\/bhsc\/wp-json\/wp\/v2\/posts\/185738\/revisions\/185757"}],"wp:featuredmedia":[{"embeddable":true,"href":"https:\/\/www.recom.link\/bhsc\/wp-json\/wp\/v2\/media\/185752"}],"wp:attachment":[{"href":"https:\/\/www.recom.link\/bhsc\/wp-json\/wp\/v2\/media?parent=185738"}],"wp:term":[{"taxonomy":"category","embeddable":true,"href":"https:\/\/www.recom.link\/bhsc\/wp-json\/wp\/v2\/categories?post=185738"},{"taxonomy":"post_tag","embeddable":true,"href":"https:\/\/www.recom.link\/bhsc\/wp-json\/wp\/v2\/tags?post=185738"}],"curies":[{"name":"wp","href":"https:\/\/api.w.org\/{rel}","templated":true}]}}