{"id":183252,"date":"2020-07-31T14:38:03","date_gmt":"2020-07-31T13:38:03","guid":{"rendered":"https:\/\/www.recom.link\/?p=183252"},"modified":"2020-07-31T17:23:41","modified_gmt":"2020-07-31T16:23:41","slug":"andrej-plenkovic-boris-milosevic-ide-na-oluju-a-tomo-medved-u-grubore","status":"publish","type":"post","link":"https:\/\/www.recom.link\/bhsc\/andrej-plenkovic-boris-milosevic-ide-na-oluju-a-tomo-medved-u-grubore\/","title":{"rendered":"Andrej Plenkovi\u0107: &#8216;Boris Milo\u0161evi\u0107 ide na Oluju, a Tomo Medved u Grubore&#8217;"},"content":{"rendered":"<h4>Hrvatski premijer Andrej Plenkovi\u0107 izjavio je da \u0107e potpredsednik Vlade za dru\u0161tvene djelatnosti i ljudska prava Boris Milo\u0161evi\u0107 u\u010destvovati na obele\u017eavanju godi\u0161njice vojno-policijske operacije \u201eOluja\u201c 05.08.2020. u Kninu.<\/h4>\n<p>Objava predsednika Vlade Hrvatske da \u0107e ministar Boris Milo\u0161evi\u0107 iz Samostalne demokratske srpske stranke (SDSS) biti na obele\u017eavanju 25. godi\u0161njice operacije Oluja, nai\u0161la je na zna\u010dajnu pa\u017enju javnosti u Hrvatskoj i Srbiji.<\/p>\n<p>\u201eDogovor koji danas imamo s SDSS-om i predstavnicima srpske manjine u Hrvatskoj je da oni sudjeluju na toj proslavi, sudjelovat \u0107e potpredsjednik Vlade Boris Milo\u0161evi\u0107 i mislim da je to dobro i korisno, korisno prije svega za odnose u hrvatskom dru\u0161tvu, odnos prema srpskoj manjini u Hrvatskoj, prema recentnoj pro\u0161losti i sna\u017ena je poruka Hrvatske prema svim partnerima koji gledaju kako Hrvatska funkcionira danas,\u201c izjavio je premijer Plenkovi\u0107 u <strong><a href=\"https:\/\/www.rtl.hr\/vijesti-hr\/novosti\/hrvatska\/3859928\/andrej-plenkovic-gostuje-u-rtl-u-danas-prvi-intervju-premijera-u-njegovom-drugom-mandatu\/\">intervjuu<\/a><\/strong> za RTL Danas koji je preno\u0161en u\u017eivo.<\/p>\n<p>Na pitanje da li \u0107e i predsednik SDSS biti prisutan, Plenkovi\u0107 nije insistirao na njegovoj nego na prisutnosti \u010dlanova Vlade.<\/p>\n<p>\u201eCijelo vrijeme smo razgovarali o tome da u Kninu 5. kolovoza budu svi \u010dlanovi Vlade. Ono \u0161to sam ja htio i \u0161to je bila moja \u017eelja, to je upravo da Boris Milo\u0161evi\u0107 kao \u010dlan Vlade bude u Kninu.\u201c<\/p>\n<p>Za\u0161to je va\u017eno da u selu Grubori bude ministar odbrane, Plenkovi\u0107 je objasnio re\u010dima: \u201eNa taj \u0107emo na\u010din poslati sna\u017enu poruku Vlade o tome da moramo po\u0161tovati sve \u017ertve i dostojno obilje\u017eiti ta mjesta. Ministar Medved ide u Grubore 24. ili 25. kolovoza.\u201c<\/p>\n<p>\u201eTo je zasigurno vrlo va\u017ena i velika poruka, poruka potpredsjednika Vlade, ministra hrvatskih branitelja, generala Hrvatske vojske, zapovjednika Tigrova i \u010dovjeka koji jako dobro na temelju svojih osobnih i obiteljskih posljedica koje su mu nane\u0161ene tijekom Domovinskog rata mo\u017ee na najbolji mogu\u0107i na\u010din u ime Vlade, a na odre\u0111en na\u010din i hrvatskih branitelja, poslati va\u017enu i sna\u017enu poruku, poruku pomirenja i okretanja budu\u0107nosti,\u201c objasnio je Plenkovi\u0107.<\/p>\n<p>Zna\u010dajan prostor intervjuu posve\u0107en je na <strong><a href=\"https:\/\/vlada.gov.hr\/vijesti\/boris-milosevic-ide-na-oluju-a-tomo-medved-u-grubore-to-je-snazna-poruka-vlade-koja-je-dobra-za-citavo-drustvo\/30056\">stranici<\/a><\/strong> Vlade Hrvatske.<\/p>\n<p>O tome su mediji u Hrvatskoj izvestili razli\u010dito: Jutarnji samo kratkim <strong><a href=\"https:\/\/www.jutarnji.hr\/vijesti\/hrvatska\/milosevic-ide-u-knin-medved-u-grubore-plenkovic-vlada-time-salje-snaznu-poruku-15011156\">tekstom<\/a><\/strong>, Index op\u0161irnije, zagreba\u010dki N1 je te\u017ei\u0161te stavio na prisustvo predsednika <strong><a href=\"http:\/\/hr.n1info.com\/Vijesti\/a529325\/Plenkovic-i-Milanovic-zajedno-na-proslavi-25.-obljetnice-Oluje.html\">Zorana Milanovi\u0107a<\/a><\/strong>.<\/p>\n<p>U Srbiji, Danas je izvestio o najavi <a href=\"https:\/\/www.danas.rs\/svet\/plenkovic-milosevic-ide-na-obelezavanje-oluje-medved-u-grubore\/\">Plenkovi\u0107a<\/a> i o tome da <a href=\"https:\/\/www.danas.rs\/drustvo\/suocavanje\/oluja-i-posle-25-godina-razdvaja-hrvatsku-i-srbiju\/\">\u201cOluja\u201d i posle 25 godina razdvaja Hrvatsku i Srbiju<\/a>. Kurir je imao senzacionalni <a href=\"https:\/\/www.kurir.rs\/vesti\/politika\/3506571\/necuveno-srbin-ide-u-knin-na-obelezavanje-oluje-da-slavi-zlocin-nad-nasim-narodom\">naslov<\/a>, dok je B92 <a href=\"https:\/\/www.b92.net\/info\/vesti\/index.php?yyyy=2020&amp;mm=07&amp;dd=30&amp;nav_category=167&amp;nav_id=1712920\">preneo<\/a> sadr\u017eaj teksta Index.hr.<\/p>\n<h6>REKOM Mre\u017ea pomirenja<\/h6>\n","protected":false},"excerpt":{"rendered":"Hrvatski premijer Andrej Plenkovi\u0107 izjavio je da \u0107e potpredsednik Vlade za dru\u0161tvene djelatnosti i ljudska prava Boris Milo\u0161evi\u0107 u\u010destvovati na obele\u017eavanju godi\u0161njice vojno-policijske operacije \u201eOluja\u201c 05.08.2020. u Kninu.","protected":false},"author":118,"featured_media":183258,"comment_status":"closed","ping_status":"open","sticky":false,"template":"","format":"standard","meta":{"_acf_changed":false,"footnotes":""},"categories":[1710,422],"tags":[2525,2527,2483,2528],"class_list":["post-183252","post","type-post","status-publish","format-standard","has-post-thumbnail","hentry","category-rekom-vesti-bhsc","category-vesti-bhsc","tag-andrej-plenkovic","tag-boris-milosevic","tag-oluja-1995","tag-tomo-grubor"],"acf":[],"yoast_head":"<!-- This site is optimized with the Yoast SEO plugin v25.6 - https:\/\/yoast.com\/wordpress\/plugins\/seo\/ -->\n<title>Andrej Plenkovi\u0107: &#039;Boris Milo\u0161evi\u0107 ide na Oluju, a Tomo Medved u Grubore&#039; - REKOM ~ KOMRA ~ RECOM<\/title>\n<meta name=\"description\" content=\"Hrvatski premijer Andrej Plenkovi\u0107 izjavio je da \u0107e potpredsednik Vlade za dru\u0161tvene djelatnosti i ljudska prava Boris Milo\u0161evi\u0107 u\u010destvovati na obele\u017eavanju godi\u0161njice vojno-policijske operacije \u201eOluja\u201c 05.08.2020. u Kninu.\" \/>\n<meta name=\"robots\" content=\"index, follow, max-snippet:-1, max-image-preview:large, max-video-preview:-1\" \/>\n<link rel=\"canonical\" href=\"https:\/\/www.recom.link\/bhsc\/andrej-plenkovic-boris-milosevic-ide-na-oluju-a-tomo-medved-u-grubore\/\" \/>\n<meta property=\"og:locale\" content=\"en_US\" \/>\n<meta property=\"og:type\" content=\"article\" \/>\n<meta property=\"og:title\" content=\"Andrej Plenkovi\u0107: &#039;Boris Milo\u0161evi\u0107 ide na Oluju, a Tomo Medved u Grubore&#039; - REKOM ~ KOMRA ~ RECOM\" \/>\n<meta property=\"og:description\" content=\"Hrvatski premijer Andrej Plenkovi\u0107 izjavio je da \u0107e potpredsednik Vlade za dru\u0161tvene djelatnosti i ljudska prava Boris Milo\u0161evi\u0107 u\u010destvovati na obele\u017eavanju godi\u0161njice vojno-policijske operacije \u201eOluja\u201c 05.08.2020. u Kninu.\" \/>\n<meta property=\"og:url\" content=\"https:\/\/www.recom.link\/bhsc\/andrej-plenkovic-boris-milosevic-ide-na-oluju-a-tomo-medved-u-grubore\/\" \/>\n<meta property=\"og:site_name\" content=\"REKOM ~ KOMRA ~ RECOM\" \/>\n<meta property=\"article:publisher\" content=\"https:\/\/www.facebook.com\/ZaREKOM.PerKOMRA.ForRECOM\/\" \/>\n<meta property=\"article:published_time\" content=\"2020-07-31T13:38:03+00:00\" \/>\n<meta property=\"article:modified_time\" content=\"2020-07-31T16:23:41+00:00\" \/>\n<meta property=\"og:image\" content=\"https:\/\/www.recom.link\/wp-content\/uploads\/2020\/07\/Andrej-Plenkovic_RTL_20200730-1.jpg\" \/>\n\t<meta property=\"og:image:width\" content=\"765\" \/>\n\t<meta property=\"og:image:height\" content=\"419\" \/>\n\t<meta property=\"og:image:type\" content=\"image\/jpeg\" \/>\n<meta name=\"author\" content=\"Regional REKOM\" \/>\n<meta name=\"twitter:card\" content=\"summary_large_image\" \/>\n<meta name=\"twitter:creator\" content=\"@REKOM_KOMRA\" \/>\n<meta name=\"twitter:site\" content=\"@REKOM_KOMRA\" \/>\n<meta name=\"twitter:label1\" content=\"Written by\" \/>\n\t<meta name=\"twitter:data1\" content=\"Regional REKOM\" \/>\n\t<meta name=\"twitter:label2\" content=\"Est. reading time\" \/>\n\t<meta name=\"twitter:data2\" content=\"2 minutes\" \/>\n<script type=\"application\/ld+json\" class=\"yoast-schema-graph\">{\"@context\":\"https:\/\/schema.org\",\"@graph\":[{\"@type\":\"WebPage\",\"@id\":\"https:\/\/www.recom.link\/bhsc\/andrej-plenkovic-boris-milosevic-ide-na-oluju-a-tomo-medved-u-grubore\/\",\"url\":\"https:\/\/www.recom.link\/bhsc\/andrej-plenkovic-boris-milosevic-ide-na-oluju-a-tomo-medved-u-grubore\/\",\"name\":\"Andrej Plenkovi\u0107: 'Boris Milo\u0161evi\u0107 ide na Oluju, a Tomo Medved u Grubore' - REKOM ~ KOMRA ~ RECOM\",\"isPartOf\":{\"@id\":\"https:\/\/www.recom.link\/en\/#website\"},\"primaryImageOfPage\":{\"@id\":\"https:\/\/www.recom.link\/bhsc\/andrej-plenkovic-boris-milosevic-ide-na-oluju-a-tomo-medved-u-grubore\/#primaryimage\"},\"image\":{\"@id\":\"https:\/\/www.recom.link\/bhsc\/andrej-plenkovic-boris-milosevic-ide-na-oluju-a-tomo-medved-u-grubore\/#primaryimage\"},\"thumbnailUrl\":\"https:\/\/www.recom.link\/wp-content\/uploads\/2020\/07\/Andrej-Plenkovic_RTL_20200730-1.jpg\",\"datePublished\":\"2020-07-31T13:38:03+00:00\",\"dateModified\":\"2020-07-31T16:23:41+00:00\",\"author\":{\"@id\":\"https:\/\/www.recom.link\/en\/#\/schema\/person\/cc2c2e308d6f2d3a7f243aec2307ac58\"},\"description\":\"Hrvatski premijer Andrej Plenkovi\u0107 izjavio je da \u0107e potpredsednik Vlade za dru\u0161tvene djelatnosti i ljudska prava Boris Milo\u0161evi\u0107 u\u010destvovati na obele\u017eavanju godi\u0161njice vojno-policijske operacije \u201eOluja\u201c 05.08.2020. u Kninu.\",\"breadcrumb\":{\"@id\":\"https:\/\/www.recom.link\/bhsc\/andrej-plenkovic-boris-milosevic-ide-na-oluju-a-tomo-medved-u-grubore\/#breadcrumb\"},\"inLanguage\":\"bhsc\",\"potentialAction\":[{\"@type\":\"ReadAction\",\"target\":[\"https:\/\/www.recom.link\/bhsc\/andrej-plenkovic-boris-milosevic-ide-na-oluju-a-tomo-medved-u-grubore\/\"]}]},{\"@type\":\"ImageObject\",\"inLanguage\":\"bhsc\",\"@id\":\"https:\/\/www.recom.link\/bhsc\/andrej-plenkovic-boris-milosevic-ide-na-oluju-a-tomo-medved-u-grubore\/#primaryimage\",\"url\":\"https:\/\/www.recom.link\/wp-content\/uploads\/2020\/07\/Andrej-Plenkovic_RTL_20200730-1.jpg\",\"contentUrl\":\"https:\/\/www.recom.link\/wp-content\/uploads\/2020\/07\/Andrej-Plenkovic_RTL_20200730-1.jpg\",\"width\":765,\"height\":419,\"caption\":\"Andrej Plenkovi\u0107 u intervjuu za RTL Danas (Izvor: RTL.hr)\"},{\"@type\":\"BreadcrumbList\",\"@id\":\"https:\/\/www.recom.link\/bhsc\/andrej-plenkovic-boris-milosevic-ide-na-oluju-a-tomo-medved-u-grubore\/#breadcrumb\",\"itemListElement\":[{\"@type\":\"ListItem\",\"position\":1,\"name\":\"Home\",\"item\":\"https:\/\/www.recom.link\/en\/\"},{\"@type\":\"ListItem\",\"position\":2,\"name\":\"Andrej Plenkovi\u0107: &#8216;Boris Milo\u0161evi\u0107 ide na Oluju, a Tomo Medved u Grubore&#8217;\"}]},{\"@type\":\"WebSite\",\"@id\":\"https:\/\/www.recom.link\/en\/#website\",\"url\":\"https:\/\/www.recom.link\/en\/\",\"name\":\"REKOM ~ KOMRA ~ RECOM\",\"description\":\"\",\"potentialAction\":[{\"@type\":\"SearchAction\",\"target\":{\"@type\":\"EntryPoint\",\"urlTemplate\":\"https:\/\/www.recom.link\/en\/?s={search_term_string}\"},\"query-input\":{\"@type\":\"PropertyValueSpecification\",\"valueRequired\":true,\"valueName\":\"search_term_string\"}}],\"inLanguage\":\"bhsc\"},{\"@type\":\"Person\",\"@id\":\"https:\/\/www.recom.link\/en\/#\/schema\/person\/cc2c2e308d6f2d3a7f243aec2307ac58\",\"name\":\"Regional REKOM\",\"image\":{\"@type\":\"ImageObject\",\"inLanguage\":\"bhsc\",\"@id\":\"https:\/\/www.recom.link\/en\/#\/schema\/person\/image\/\",\"url\":\"https:\/\/secure.gravatar.com\/avatar\/a89a9f9b53d07d4e03aee729123e3da9?s=96&d=mm&r=g\",\"contentUrl\":\"https:\/\/secure.gravatar.com\/avatar\/a89a9f9b53d07d4e03aee729123e3da9?s=96&d=mm&r=g\",\"caption\":\"Regional REKOM\"},\"sameAs\":[\"https:\/\/www.recom.link\"],\"url\":\"https:\/\/www.recom.link\/bhsc\/author\/regional-rekom\/\"}]}<\/script>\n<!-- \/ Yoast SEO plugin. -->","yoast_head_json":{"title":"Andrej Plenkovi\u0107: 'Boris Milo\u0161evi\u0107 ide na Oluju, a Tomo Medved u Grubore' - REKOM ~ KOMRA ~ RECOM","description":"Hrvatski premijer Andrej Plenkovi\u0107 izjavio je da \u0107e potpredsednik Vlade za dru\u0161tvene djelatnosti i ljudska prava Boris Milo\u0161evi\u0107 u\u010destvovati na obele\u017eavanju godi\u0161njice vojno-policijske operacije \u201eOluja\u201c 05.08.2020. u Kninu.","robots":{"index":"index","follow":"follow","max-snippet":"max-snippet:-1","max-image-preview":"max-image-preview:large","max-video-preview":"max-video-preview:-1"},"canonical":"https:\/\/www.recom.link\/bhsc\/andrej-plenkovic-boris-milosevic-ide-na-oluju-a-tomo-medved-u-grubore\/","og_locale":"en_US","og_type":"article","og_title":"Andrej Plenkovi\u0107: 'Boris Milo\u0161evi\u0107 ide na Oluju, a Tomo Medved u Grubore' - REKOM ~ KOMRA ~ RECOM","og_description":"Hrvatski premijer Andrej Plenkovi\u0107 izjavio je da \u0107e potpredsednik Vlade za dru\u0161tvene djelatnosti i ljudska prava Boris Milo\u0161evi\u0107 u\u010destvovati na obele\u017eavanju godi\u0161njice vojno-policijske operacije \u201eOluja\u201c 05.08.2020. u Kninu.","og_url":"https:\/\/www.recom.link\/bhsc\/andrej-plenkovic-boris-milosevic-ide-na-oluju-a-tomo-medved-u-grubore\/","og_site_name":"REKOM ~ KOMRA ~ RECOM","article_publisher":"https:\/\/www.facebook.com\/ZaREKOM.PerKOMRA.ForRECOM\/","article_published_time":"2020-07-31T13:38:03+00:00","article_modified_time":"2020-07-31T16:23:41+00:00","og_image":[{"width":765,"height":419,"url":"https:\/\/www.recom.link\/wp-content\/uploads\/2020\/07\/Andrej-Plenkovic_RTL_20200730-1.jpg","type":"image\/jpeg"}],"author":"Regional REKOM","twitter_card":"summary_large_image","twitter_creator":"@REKOM_KOMRA","twitter_site":"@REKOM_KOMRA","twitter_misc":{"Written by":"Regional REKOM","Est. reading time":"2 minutes"},"schema":{"@context":"https:\/\/schema.org","@graph":[{"@type":"WebPage","@id":"https:\/\/www.recom.link\/bhsc\/andrej-plenkovic-boris-milosevic-ide-na-oluju-a-tomo-medved-u-grubore\/","url":"https:\/\/www.recom.link\/bhsc\/andrej-plenkovic-boris-milosevic-ide-na-oluju-a-tomo-medved-u-grubore\/","name":"Andrej Plenkovi\u0107: 'Boris Milo\u0161evi\u0107 ide na Oluju, a Tomo Medved u Grubore' - REKOM ~ KOMRA ~ RECOM","isPartOf":{"@id":"https:\/\/www.recom.link\/en\/#website"},"primaryImageOfPage":{"@id":"https:\/\/www.recom.link\/bhsc\/andrej-plenkovic-boris-milosevic-ide-na-oluju-a-tomo-medved-u-grubore\/#primaryimage"},"image":{"@id":"https:\/\/www.recom.link\/bhsc\/andrej-plenkovic-boris-milosevic-ide-na-oluju-a-tomo-medved-u-grubore\/#primaryimage"},"thumbnailUrl":"https:\/\/www.recom.link\/wp-content\/uploads\/2020\/07\/Andrej-Plenkovic_RTL_20200730-1.jpg","datePublished":"2020-07-31T13:38:03+00:00","dateModified":"2020-07-31T16:23:41+00:00","author":{"@id":"https:\/\/www.recom.link\/en\/#\/schema\/person\/cc2c2e308d6f2d3a7f243aec2307ac58"},"description":"Hrvatski premijer Andrej Plenkovi\u0107 izjavio je da \u0107e potpredsednik Vlade za dru\u0161tvene djelatnosti i ljudska prava Boris Milo\u0161evi\u0107 u\u010destvovati na obele\u017eavanju godi\u0161njice vojno-policijske operacije \u201eOluja\u201c 05.08.2020. u Kninu.","breadcrumb":{"@id":"https:\/\/www.recom.link\/bhsc\/andrej-plenkovic-boris-milosevic-ide-na-oluju-a-tomo-medved-u-grubore\/#breadcrumb"},"inLanguage":"bhsc","potentialAction":[{"@type":"ReadAction","target":["https:\/\/www.recom.link\/bhsc\/andrej-plenkovic-boris-milosevic-ide-na-oluju-a-tomo-medved-u-grubore\/"]}]},{"@type":"ImageObject","inLanguage":"bhsc","@id":"https:\/\/www.recom.link\/bhsc\/andrej-plenkovic-boris-milosevic-ide-na-oluju-a-tomo-medved-u-grubore\/#primaryimage","url":"https:\/\/www.recom.link\/wp-content\/uploads\/2020\/07\/Andrej-Plenkovic_RTL_20200730-1.jpg","contentUrl":"https:\/\/www.recom.link\/wp-content\/uploads\/2020\/07\/Andrej-Plenkovic_RTL_20200730-1.jpg","width":765,"height":419,"caption":"Andrej Plenkovi\u0107 u intervjuu za RTL Danas (Izvor: RTL.hr)"},{"@type":"BreadcrumbList","@id":"https:\/\/www.recom.link\/bhsc\/andrej-plenkovic-boris-milosevic-ide-na-oluju-a-tomo-medved-u-grubore\/#breadcrumb","itemListElement":[{"@type":"ListItem","position":1,"name":"Home","item":"https:\/\/www.recom.link\/en\/"},{"@type":"ListItem","position":2,"name":"Andrej Plenkovi\u0107: &#8216;Boris Milo\u0161evi\u0107 ide na Oluju, a Tomo Medved u Grubore&#8217;"}]},{"@type":"WebSite","@id":"https:\/\/www.recom.link\/en\/#website","url":"https:\/\/www.recom.link\/en\/","name":"REKOM ~ KOMRA ~ RECOM","description":"","potentialAction":[{"@type":"SearchAction","target":{"@type":"EntryPoint","urlTemplate":"https:\/\/www.recom.link\/en\/?s={search_term_string}"},"query-input":{"@type":"PropertyValueSpecification","valueRequired":true,"valueName":"search_term_string"}}],"inLanguage":"bhsc"},{"@type":"Person","@id":"https:\/\/www.recom.link\/en\/#\/schema\/person\/cc2c2e308d6f2d3a7f243aec2307ac58","name":"Regional REKOM","image":{"@type":"ImageObject","inLanguage":"bhsc","@id":"https:\/\/www.recom.link\/en\/#\/schema\/person\/image\/","url":"https:\/\/secure.gravatar.com\/avatar\/a89a9f9b53d07d4e03aee729123e3da9?s=96&d=mm&r=g","contentUrl":"https:\/\/secure.gravatar.com\/avatar\/a89a9f9b53d07d4e03aee729123e3da9?s=96&d=mm&r=g","caption":"Regional REKOM"},"sameAs":["https:\/\/www.recom.link"],"url":"https:\/\/www.recom.link\/bhsc\/author\/regional-rekom\/"}]}},"_links":{"self":[{"href":"https:\/\/www.recom.link\/bhsc\/wp-json\/wp\/v2\/posts\/183252"}],"collection":[{"href":"https:\/\/www.recom.link\/bhsc\/wp-json\/wp\/v2\/posts"}],"about":[{"href":"https:\/\/www.recom.link\/bhsc\/wp-json\/wp\/v2\/types\/post"}],"author":[{"embeddable":true,"href":"https:\/\/www.recom.link\/bhsc\/wp-json\/wp\/v2\/users\/118"}],"replies":[{"embeddable":true,"href":"https:\/\/www.recom.link\/bhsc\/wp-json\/wp\/v2\/comments?post=183252"}],"version-history":[{"count":1,"href":"https:\/\/www.recom.link\/bhsc\/wp-json\/wp\/v2\/posts\/183252\/revisions"}],"predecessor-version":[{"id":183263,"href":"https:\/\/www.recom.link\/bhsc\/wp-json\/wp\/v2\/posts\/183252\/revisions\/183263"}],"wp:featuredmedia":[{"embeddable":true,"href":"https:\/\/www.recom.link\/bhsc\/wp-json\/wp\/v2\/media\/183258"}],"wp:attachment":[{"href":"https:\/\/www.recom.link\/bhsc\/wp-json\/wp\/v2\/media?parent=183252"}],"wp:term":[{"taxonomy":"category","embeddable":true,"href":"https:\/\/www.recom.link\/bhsc\/wp-json\/wp\/v2\/categories?post=183252"},{"taxonomy":"post_tag","embeddable":true,"href":"https:\/\/www.recom.link\/bhsc\/wp-json\/wp\/v2\/tags?post=183252"}],"curies":[{"name":"wp","href":"https:\/\/api.w.org\/{rel}","templated":true}]}}