{"id":183113,"date":"2020-07-30T10:31:50","date_gmt":"2020-07-30T09:31:50","guid":{"rendered":"https:\/\/www.recom.link\/?p=183113"},"modified":"2020-07-31T16:35:41","modified_gmt":"2020-07-31T15:35:41","slug":"debata-oluja-u-kulturi-sjecanja","status":"publish","type":"post","link":"https:\/\/www.recom.link\/bhsc\/debata-oluja-u-kulturi-sjecanja\/","title":{"rendered":"Debata &#8220;Oluja u kulturi sje\u0107anja&#8221;"},"content":{"rendered":"<h4 style=\"text-align: center;\">Kako se &#8220;Oluja&#8221; do\u017eivljava 25 godina kasnije, i da li se pravilno njeguje kultura sje\u0107anja?<\/h4>\n<p>&#8220;Oluja&#8221; predstavlja jedno od sredi\u0161njih mjesta sje\u0107anja na rat u Hrvatskoj u prvoj polovici devedesetih godina 20. stolje\u0107a. Godi\u0161njica vojno-redarstvene akcije odnosno ulaska Hrvatske vojske u Knin u Hrvatskoj se obilje\u017eava 5. kolovoza kao dr\u017eavni praznik pod nazivom &#8220;Dan pobjede i domovinske zahvalnosti&#8221; te &#8220;Dan hrvatskih branitelja&#8221;. Proslava vojnog trijumfa pritom zasjenjuje zlo\u010dine tijekom i nakon vojno-redarstvene akcije i potiskuje ih u zaborav.<\/p>\n<p>U Srbiji, pak, godi\u0161njica &#8220;Oluje&#8221; obilje\u017eava se komemoracijama za stradale i javnim performansima koji &#8220;Oluju&#8221; opisuju kao &#8220;zlo\u010din bez kazne&#8221; i &#8220;zlo\u010din koji traje&#8221;, \u010desto uz eksplicitno ozna\u010davanje &#8220;Oluje&#8221; kao \u201cnastavka genocida nad Srbima\u201d. Ratni zlo\u010dini srpskih postrojbi u prvoj polovici devedesetih pritom se u pravilu ne spominju.<\/p>\n<p>Kultura sje\u0107anja u post-jugoslavenskom prostoru obilje\u017eena je etnocentri\u010dnim narativima o herojstvu i \u017ertvi vlastitog naroda. Kriti\u010dka interpretacija povijesti i podsje\u0107anje na zlo\u010dine pripadnika vlastitog naroda \u010desto se smatraju nepo\u017eeljnim pa \u010dak i neprijateljskim djelovanjem. Dok radikalni nacionalisti javno zagovaraju dogmatizaciju nacionalisti\u010dkih narativa i ka\u017enjavanje onih koji ih javno propituju, kriti\u010dko suo\u010davanje s pro\u0161lo\u0161\u0107u sve glasnije odbacuje i dio umjerene javnosti, uz opaske da im je &#8220;dosta podjela i sukoba o pro\u0161losti&#8221; te da se &#8220;treba okrenuti izgradnji budu\u0107nosti&#8221;. Pitanje je samo kakve budu\u0107nosti.<\/p>\n<p>Tjedan uo\u010di 25. obljetnice &#8220;Oluje&#8221; trenutak je za razgovor o interpretacijama Oluje u kulturi sje\u0107anja i politikama povijesti.<\/p>\n<p>Debata &#8220;Oluja u kulturi sje\u0107anja&#8221; odr\u017eat \u0107e se u petak, 31.07.2020. godine, u Velikoj dvorani Novinarskog doma u Zagrebu, Perkov\u010deva ulica 2, s po\u010detkom u 11:00 sati.<\/p>\n<p>Debatu organizuju <a href=\"https:\/\/www.recom.link\/\"><strong>REKOM Mre\u017ee pomirenja<\/strong><\/a> i\u00a0<a href=\"https:\/\/www.documenta.hr\/\"><strong><em>Documenta<\/em> &#8211; Centar za suo\u010davanje s pro\u0161lo\u0161\u0107u<\/strong><\/a>.<\/p>\n<p>Debata \u0107e biti preno\u0161ena putem Facebook stranice i YouTube kanala REKOM-a Mre\u017ee pomirenja:<\/p>\n<p><strong><a href=\"https:\/\/bit.ly\/2P5l2NP\">RECOM@YouTube<\/a><\/strong><\/p>\n<p><a href=\"https:\/\/bit.ly\/30bz72x\"><strong>RECOM@Facebook<\/strong><\/a><\/p>\n<p>&nbsp;<\/p>\n<p>U debati sudjeluju:<\/p>\n<p><a href=\"https:\/\/portal.uniri.hr\/Portfelj\/1453\"><strong>prof. dr Vjeran Pavlakovi\u0107<\/strong><\/a>, Odsjek za kulturalne studije, Sveu\u010dili\u0161te u Rijeci<\/p>\n<p><a href=\"http:\/\/www.hlc-rdc.org\/?page_id=14390\"><strong>dr Jelena \u0110ureinovi\u0107<\/strong><\/a>, Fond za Humanitarno Pravo, Beograd (sudjeluje putem web platforme)<\/p>\n<p><a href=\"http:\/\/yihr.hr\/hr\/?team=branka-vierda\"><strong>Branka Vierda<\/strong><\/a>, Inicijativa mladih za ljudska prava, Zagreb<\/p>\n<p><a href=\"https:\/\/www.portalnovosti.com\/jerko-bakotin\"><strong>Jerko Bakotin<\/strong><\/a>, novinar tjednika Novosti<\/p>\n<p><strong>Sa\u0161a Milo\u0161evi\u0107<\/strong>, dopredsjednik <a href=\"https:\/\/snv.hr\/o-vijecu\/struktura-vijeca\">Srpskog narodnog vije\u0107a<\/a><\/p>\n<p>Moderator debate: <strong>dr Boris Stameni\u0107<\/strong>, <a href=\"https:\/\/www.documenta.hr\/\">Documenta<\/a><\/p>\n<h6>Documenta\/REKOM Mre\u017ea pomirenja<\/h6>\n","protected":false},"excerpt":{"rendered":"Uo\u010di 25. obljetnice &#8220;Oluje&#8221; trenutak je za razgovor o interpretacijama Oluje u kulturi sje\u0107anja i politikama povijesti. Debata &#8220;Oluja u kulturi sje\u0107anja&#8221; &#8211; petak, 31.07.2020. godine, u Velikoj dvorani Novinarskog doma u Zagrebu, Perkov\u010deva ulica 2, s po\u010detkom u 11:00 sati.","protected":false},"author":118,"featured_media":183135,"comment_status":"closed","ping_status":"open","sticky":false,"template":"","format":"standard","meta":{"_acf_changed":false,"footnotes":""},"categories":[1921,1707,1710,422],"tags":[2507,2511,2391,2506,2508,2371,2504,1874,2483,2513,2113,1870,2509,2512,2510,2505,1884],"class_list":["post-183113","post","type-post","status-publish","format-standard","has-post-thumbnail","hentry","category-debate-bhsc-3","category-pomirenje","category-rekom-vesti-bhsc","category-vesti-bhsc","tag-branka-vierda","tag-documenta-bhsc","tag-fond-za-humanitarno-pravo","tag-jelena-dureinovic","tag-jerko-bakotin","tag-komra-bhsc","tag-kultura","tag-kultura-secanja","tag-oluja-1995","tag-portalnovosti-com","tag-recom-bhsc","tag-rekom-bhsc","tag-sasa-milosevic","tag-srpsko-narodno-vijece","tag-sveuciliste-u-rijeci","tag-vjeran-pavlakovic","tag-yihr"],"acf":[],"yoast_head":"<!-- This site is optimized with the Yoast SEO plugin v25.6 - https:\/\/yoast.com\/wordpress\/plugins\/seo\/ -->\n<title>Debata &quot;Oluja u kulturi sje\u0107anja&quot; - REKOM ~ KOMRA ~ RECOM<\/title>\n<meta name=\"description\" content=\"Debata povodom 25. godi\u0161njice &quot;Oluja u kulturi sje\u0107anja&quot; - Novinarski dom, Zagreb, 31.07.2020. u 11:00 + YT i FB - Documenta.hr &amp; REKOM Mre\u017ea pomirenja\" \/>\n<meta name=\"robots\" content=\"index, follow, max-snippet:-1, max-image-preview:large, max-video-preview:-1\" \/>\n<link rel=\"canonical\" href=\"https:\/\/www.recom.link\/bhsc\/debata-oluja-u-kulturi-sjecanja\/\" \/>\n<meta property=\"og:locale\" content=\"en_US\" \/>\n<meta property=\"og:type\" content=\"article\" \/>\n<meta property=\"og:title\" content=\"Debata &quot;Oluja u kulturi sje\u0107anja&quot; - REKOM ~ KOMRA ~ RECOM\" \/>\n<meta property=\"og:description\" content=\"Debata povodom 25. godi\u0161njice &quot;Oluja u kulturi sje\u0107anja&quot; - Novinarski dom, Zagreb, 31.07.2020. u 11:00 + YT i FB - Documenta.hr &amp; REKOM Mre\u017ea pomirenja\" \/>\n<meta property=\"og:url\" content=\"https:\/\/www.recom.link\/bhsc\/debata-oluja-u-kulturi-sjecanja\/\" \/>\n<meta property=\"og:site_name\" content=\"REKOM ~ KOMRA ~ RECOM\" \/>\n<meta property=\"article:publisher\" content=\"https:\/\/www.facebook.com\/ZaREKOM.PerKOMRA.ForRECOM\/\" \/>\n<meta property=\"article:published_time\" content=\"2020-07-30T09:31:50+00:00\" \/>\n<meta property=\"article:modified_time\" content=\"2020-07-31T15:35:41+00:00\" \/>\n<meta property=\"og:image\" content=\"https:\/\/www.recom.link\/wp-content\/uploads\/2020\/07\/Oluja_Debata_Telop_Imena_Foto_Logo.png\" \/>\n\t<meta property=\"og:image:width\" content=\"1920\" \/>\n\t<meta property=\"og:image:height\" content=\"1080\" \/>\n\t<meta property=\"og:image:type\" content=\"image\/png\" \/>\n<meta name=\"author\" content=\"Regional REKOM\" \/>\n<meta name=\"twitter:card\" content=\"summary_large_image\" \/>\n<meta name=\"twitter:title\" content=\"RECOM\/Documenta Debata o na\u010dinima se\u0107anja na &quot;Oluju&quot;\" \/>\n<meta name=\"twitter:description\" content=\"Debata povodom 25. godi\u0161njice &quot;Oluja u kulturi sje\u0107anja&quot; - Novinarski dom, Zagreb, 31.07.2020. u 11:00 + YT i FB - Documenta.hr &amp; REKOM Mre\u017ea pomirenja\" \/>\n<meta name=\"twitter:creator\" content=\"@REKOM_KOMRA\" \/>\n<meta name=\"twitter:site\" content=\"@REKOM_KOMRA\" \/>\n<meta name=\"twitter:label1\" content=\"Written by\" \/>\n\t<meta name=\"twitter:data1\" content=\"Regional REKOM\" \/>\n\t<meta name=\"twitter:label2\" content=\"Est. reading time\" \/>\n\t<meta name=\"twitter:data2\" content=\"2 minutes\" \/>\n<script type=\"application\/ld+json\" class=\"yoast-schema-graph\">{\"@context\":\"https:\/\/schema.org\",\"@graph\":[{\"@type\":\"WebPage\",\"@id\":\"https:\/\/www.recom.link\/bhsc\/debata-oluja-u-kulturi-sjecanja\/\",\"url\":\"https:\/\/www.recom.link\/bhsc\/debata-oluja-u-kulturi-sjecanja\/\",\"name\":\"Debata \\\"Oluja u kulturi sje\u0107anja\\\" - REKOM ~ KOMRA ~ RECOM\",\"isPartOf\":{\"@id\":\"https:\/\/www.recom.link\/en\/#website\"},\"primaryImageOfPage\":{\"@id\":\"https:\/\/www.recom.link\/bhsc\/debata-oluja-u-kulturi-sjecanja\/#primaryimage\"},\"image\":{\"@id\":\"https:\/\/www.recom.link\/bhsc\/debata-oluja-u-kulturi-sjecanja\/#primaryimage\"},\"thumbnailUrl\":\"https:\/\/www.recom.link\/wp-content\/uploads\/2020\/07\/Oluja_Debata_Telop_Imena_Foto_Logo.png\",\"datePublished\":\"2020-07-30T09:31:50+00:00\",\"dateModified\":\"2020-07-31T15:35:41+00:00\",\"author\":{\"@id\":\"https:\/\/www.recom.link\/en\/#\/schema\/person\/cc2c2e308d6f2d3a7f243aec2307ac58\"},\"description\":\"Debata povodom 25. godi\u0161njice \\\"Oluja u kulturi sje\u0107anja\\\" - Novinarski dom, Zagreb, 31.07.2020. u 11:00 + YT i FB - Documenta.hr & REKOM Mre\u017ea pomirenja\",\"breadcrumb\":{\"@id\":\"https:\/\/www.recom.link\/bhsc\/debata-oluja-u-kulturi-sjecanja\/#breadcrumb\"},\"inLanguage\":\"bhsc\",\"potentialAction\":[{\"@type\":\"ReadAction\",\"target\":[\"https:\/\/www.recom.link\/bhsc\/debata-oluja-u-kulturi-sjecanja\/\"]}]},{\"@type\":\"ImageObject\",\"inLanguage\":\"bhsc\",\"@id\":\"https:\/\/www.recom.link\/bhsc\/debata-oluja-u-kulturi-sjecanja\/#primaryimage\",\"url\":\"https:\/\/www.recom.link\/wp-content\/uploads\/2020\/07\/Oluja_Debata_Telop_Imena_Foto_Logo.png\",\"contentUrl\":\"https:\/\/www.recom.link\/wp-content\/uploads\/2020\/07\/Oluja_Debata_Telop_Imena_Foto_Logo.png\",\"width\":1920,\"height\":1080,\"caption\":\"Oluja u kulturi sje\u0107anja (Foto: Ladislav Tomi\u010di\u0107, Zagorje.com, Jovica Drobnjak, Novosti, Documenta.hr)\"},{\"@type\":\"BreadcrumbList\",\"@id\":\"https:\/\/www.recom.link\/bhsc\/debata-oluja-u-kulturi-sjecanja\/#breadcrumb\",\"itemListElement\":[{\"@type\":\"ListItem\",\"position\":1,\"name\":\"Home\",\"item\":\"https:\/\/www.recom.link\/en\/\"},{\"@type\":\"ListItem\",\"position\":2,\"name\":\"Debata &#8220;Oluja u kulturi sje\u0107anja&#8221;\"}]},{\"@type\":\"WebSite\",\"@id\":\"https:\/\/www.recom.link\/en\/#website\",\"url\":\"https:\/\/www.recom.link\/en\/\",\"name\":\"REKOM ~ KOMRA ~ RECOM\",\"description\":\"\",\"potentialAction\":[{\"@type\":\"SearchAction\",\"target\":{\"@type\":\"EntryPoint\",\"urlTemplate\":\"https:\/\/www.recom.link\/en\/?s={search_term_string}\"},\"query-input\":{\"@type\":\"PropertyValueSpecification\",\"valueRequired\":true,\"valueName\":\"search_term_string\"}}],\"inLanguage\":\"bhsc\"},{\"@type\":\"Person\",\"@id\":\"https:\/\/www.recom.link\/en\/#\/schema\/person\/cc2c2e308d6f2d3a7f243aec2307ac58\",\"name\":\"Regional REKOM\",\"image\":{\"@type\":\"ImageObject\",\"inLanguage\":\"bhsc\",\"@id\":\"https:\/\/www.recom.link\/en\/#\/schema\/person\/image\/\",\"url\":\"https:\/\/secure.gravatar.com\/avatar\/a89a9f9b53d07d4e03aee729123e3da9?s=96&d=mm&r=g\",\"contentUrl\":\"https:\/\/secure.gravatar.com\/avatar\/a89a9f9b53d07d4e03aee729123e3da9?s=96&d=mm&r=g\",\"caption\":\"Regional REKOM\"},\"sameAs\":[\"https:\/\/www.recom.link\"],\"url\":\"https:\/\/www.recom.link\/bhsc\/author\/regional-rekom\/\"}]}<\/script>\n<!-- \/ Yoast SEO plugin. -->","yoast_head_json":{"title":"Debata \"Oluja u kulturi sje\u0107anja\" - REKOM ~ KOMRA ~ RECOM","description":"Debata povodom 25. godi\u0161njice \"Oluja u kulturi sje\u0107anja\" - Novinarski dom, Zagreb, 31.07.2020. u 11:00 + YT i FB - Documenta.hr & REKOM Mre\u017ea pomirenja","robots":{"index":"index","follow":"follow","max-snippet":"max-snippet:-1","max-image-preview":"max-image-preview:large","max-video-preview":"max-video-preview:-1"},"canonical":"https:\/\/www.recom.link\/bhsc\/debata-oluja-u-kulturi-sjecanja\/","og_locale":"en_US","og_type":"article","og_title":"Debata \"Oluja u kulturi sje\u0107anja\" - REKOM ~ KOMRA ~ RECOM","og_description":"Debata povodom 25. godi\u0161njice \"Oluja u kulturi sje\u0107anja\" - Novinarski dom, Zagreb, 31.07.2020. u 11:00 + YT i FB - Documenta.hr & REKOM Mre\u017ea pomirenja","og_url":"https:\/\/www.recom.link\/bhsc\/debata-oluja-u-kulturi-sjecanja\/","og_site_name":"REKOM ~ KOMRA ~ RECOM","article_publisher":"https:\/\/www.facebook.com\/ZaREKOM.PerKOMRA.ForRECOM\/","article_published_time":"2020-07-30T09:31:50+00:00","article_modified_time":"2020-07-31T15:35:41+00:00","og_image":[{"width":1920,"height":1080,"url":"https:\/\/www.recom.link\/wp-content\/uploads\/2020\/07\/Oluja_Debata_Telop_Imena_Foto_Logo.png","type":"image\/png"}],"author":"Regional REKOM","twitter_card":"summary_large_image","twitter_title":"RECOM\/Documenta Debata o na\u010dinima se\u0107anja na \"Oluju\"","twitter_description":"Debata povodom 25. godi\u0161njice \"Oluja u kulturi sje\u0107anja\" - Novinarski dom, Zagreb, 31.07.2020. u 11:00 + YT i FB - Documenta.hr & REKOM Mre\u017ea pomirenja","twitter_creator":"@REKOM_KOMRA","twitter_site":"@REKOM_KOMRA","twitter_misc":{"Written by":"Regional REKOM","Est. reading time":"2 minutes"},"schema":{"@context":"https:\/\/schema.org","@graph":[{"@type":"WebPage","@id":"https:\/\/www.recom.link\/bhsc\/debata-oluja-u-kulturi-sjecanja\/","url":"https:\/\/www.recom.link\/bhsc\/debata-oluja-u-kulturi-sjecanja\/","name":"Debata \"Oluja u kulturi sje\u0107anja\" - REKOM ~ KOMRA ~ RECOM","isPartOf":{"@id":"https:\/\/www.recom.link\/en\/#website"},"primaryImageOfPage":{"@id":"https:\/\/www.recom.link\/bhsc\/debata-oluja-u-kulturi-sjecanja\/#primaryimage"},"image":{"@id":"https:\/\/www.recom.link\/bhsc\/debata-oluja-u-kulturi-sjecanja\/#primaryimage"},"thumbnailUrl":"https:\/\/www.recom.link\/wp-content\/uploads\/2020\/07\/Oluja_Debata_Telop_Imena_Foto_Logo.png","datePublished":"2020-07-30T09:31:50+00:00","dateModified":"2020-07-31T15:35:41+00:00","author":{"@id":"https:\/\/www.recom.link\/en\/#\/schema\/person\/cc2c2e308d6f2d3a7f243aec2307ac58"},"description":"Debata povodom 25. godi\u0161njice \"Oluja u kulturi sje\u0107anja\" - Novinarski dom, Zagreb, 31.07.2020. u 11:00 + YT i FB - Documenta.hr & REKOM Mre\u017ea pomirenja","breadcrumb":{"@id":"https:\/\/www.recom.link\/bhsc\/debata-oluja-u-kulturi-sjecanja\/#breadcrumb"},"inLanguage":"bhsc","potentialAction":[{"@type":"ReadAction","target":["https:\/\/www.recom.link\/bhsc\/debata-oluja-u-kulturi-sjecanja\/"]}]},{"@type":"ImageObject","inLanguage":"bhsc","@id":"https:\/\/www.recom.link\/bhsc\/debata-oluja-u-kulturi-sjecanja\/#primaryimage","url":"https:\/\/www.recom.link\/wp-content\/uploads\/2020\/07\/Oluja_Debata_Telop_Imena_Foto_Logo.png","contentUrl":"https:\/\/www.recom.link\/wp-content\/uploads\/2020\/07\/Oluja_Debata_Telop_Imena_Foto_Logo.png","width":1920,"height":1080,"caption":"Oluja u kulturi sje\u0107anja (Foto: Ladislav Tomi\u010di\u0107, Zagorje.com, Jovica Drobnjak, Novosti, Documenta.hr)"},{"@type":"BreadcrumbList","@id":"https:\/\/www.recom.link\/bhsc\/debata-oluja-u-kulturi-sjecanja\/#breadcrumb","itemListElement":[{"@type":"ListItem","position":1,"name":"Home","item":"https:\/\/www.recom.link\/en\/"},{"@type":"ListItem","position":2,"name":"Debata &#8220;Oluja u kulturi sje\u0107anja&#8221;"}]},{"@type":"WebSite","@id":"https:\/\/www.recom.link\/en\/#website","url":"https:\/\/www.recom.link\/en\/","name":"REKOM ~ KOMRA ~ RECOM","description":"","potentialAction":[{"@type":"SearchAction","target":{"@type":"EntryPoint","urlTemplate":"https:\/\/www.recom.link\/en\/?s={search_term_string}"},"query-input":{"@type":"PropertyValueSpecification","valueRequired":true,"valueName":"search_term_string"}}],"inLanguage":"bhsc"},{"@type":"Person","@id":"https:\/\/www.recom.link\/en\/#\/schema\/person\/cc2c2e308d6f2d3a7f243aec2307ac58","name":"Regional REKOM","image":{"@type":"ImageObject","inLanguage":"bhsc","@id":"https:\/\/www.recom.link\/en\/#\/schema\/person\/image\/","url":"https:\/\/secure.gravatar.com\/avatar\/a89a9f9b53d07d4e03aee729123e3da9?s=96&d=mm&r=g","contentUrl":"https:\/\/secure.gravatar.com\/avatar\/a89a9f9b53d07d4e03aee729123e3da9?s=96&d=mm&r=g","caption":"Regional REKOM"},"sameAs":["https:\/\/www.recom.link"],"url":"https:\/\/www.recom.link\/bhsc\/author\/regional-rekom\/"}]}},"_links":{"self":[{"href":"https:\/\/www.recom.link\/bhsc\/wp-json\/wp\/v2\/posts\/183113"}],"collection":[{"href":"https:\/\/www.recom.link\/bhsc\/wp-json\/wp\/v2\/posts"}],"about":[{"href":"https:\/\/www.recom.link\/bhsc\/wp-json\/wp\/v2\/types\/post"}],"author":[{"embeddable":true,"href":"https:\/\/www.recom.link\/bhsc\/wp-json\/wp\/v2\/users\/118"}],"replies":[{"embeddable":true,"href":"https:\/\/www.recom.link\/bhsc\/wp-json\/wp\/v2\/comments?post=183113"}],"version-history":[{"count":12,"href":"https:\/\/www.recom.link\/bhsc\/wp-json\/wp\/v2\/posts\/183113\/revisions"}],"predecessor-version":[{"id":183251,"href":"https:\/\/www.recom.link\/bhsc\/wp-json\/wp\/v2\/posts\/183113\/revisions\/183251"}],"wp:featuredmedia":[{"embeddable":true,"href":"https:\/\/www.recom.link\/bhsc\/wp-json\/wp\/v2\/media\/183135"}],"wp:attachment":[{"href":"https:\/\/www.recom.link\/bhsc\/wp-json\/wp\/v2\/media?parent=183113"}],"wp:term":[{"taxonomy":"category","embeddable":true,"href":"https:\/\/www.recom.link\/bhsc\/wp-json\/wp\/v2\/categories?post=183113"},{"taxonomy":"post_tag","embeddable":true,"href":"https:\/\/www.recom.link\/bhsc\/wp-json\/wp\/v2\/tags?post=183113"}],"curies":[{"name":"wp","href":"https:\/\/api.w.org\/{rel}","templated":true}]}}