{"id":181858,"date":"2018-02-28T10:03:53","date_gmt":"2018-02-28T09:03:53","guid":{"rendered":"https:\/\/dev.recom.link\/?p=181858"},"modified":"2020-05-31T23:32:15","modified_gmt":"2020-05-31T22:32:15","slug":"xi-forum-za-tranzicionu-pravdu-u-post-jugoslovenskim-zemljama","status":"publish","type":"post","link":"https:\/\/www.recom.link\/bhsc\/xi-forum-za-tranzicionu-pravdu-u-post-jugoslovenskim-zemljama\/","title":{"rendered":"XI Forum za tranzicionu pravdu u post-jugoslovenskim zemljama"},"content":{"rendered":"<p>Jedanaesti Forum za tranzicionu pravdu odr\u017ean je 28-29.1.2018. u Sarajevu. Na svom devetom zasedanju, 15. decembra 2019. godine u Zagrebu, uo\u010di XI Foruma, Skup\u0161tina Koalicije za REKOM donela je odluku o restrukturiranju Inicijative za REKOM, kojom je Statut REKOM-a, usagla\u0161en zajedni\u010dkim radom izaslanika predsednika Hrvatske, Srbije, dva \u010dlana Predsedni\u0161tva BiH, Crne Gore, Kosova i Makedonije i eksperata Koalicije za REKOM 2014. godine, prestao da va\u017ei.<\/p>\n<p>Najva\u017enija odluka koju je na zasedanju donela Koalicija za REKOM je da se obavezuje da izradi poimeni\u010dni popis svih\u00a0 \u017ertava proisteklih iz ratova koji su se odigrali na teritorije nekada\u0161nje SFRJ. Koalicija za REKOM je istakla da su odbijanjem da zajedni\u010dki formiraju me\u0111udr\u017eavnu komisiju (REKOM), lideri i vlade postjugoslovenskih zemalja napravili jo\u0161 jednu istorijsku i politi\u010dku gre\u0161ku. Stoga je doneta odluka da se od poimeni\u010dnog popisa \u017ertava se ne sme odustati, bez obzira na nedostatak politi\u010dke volje da se formira REKOM. Skup\u0161tina Koalicije za REKOM se obavezala:<\/p>\n<ol>\n<li>da dokumentovanje ratnih zlo\u010dina i \u017ertava intenzivira pove\u0107anjem timova istra\u017eiva\u010da i analiti\u010dara, uklju\u010divanjem akademskih institucija u istra\u017eiva\u010dki rad, dogradnjom postoje\u0107ih baza podataka i ja\u010danjem javne pa\u017enje za perspektivu \u017ertava;<\/li>\n<li>da oja\u010da mre\u017eu pomirenja i tranzicijske pravde u periodu 2020\u20132023. godine uklju\u010divanjem u aktivnosti najmanje 100 organizacija u lokalnim zajednicama, i<\/li>\n<li>da pru\u017ea stru\u010dnu podr\u0161ku organizacijama mladih u suprotstavljanju neta\u010dnom prikazivanju sudskih i istoriografski utvr\u0111enih \u010dinjenica i proizvodnji \u201enacionalnih istina\u201d.<\/li>\n<\/ol>\n<p>U prilogu su dokumenta (transkript, saop\u0161tenja za javnost, kao i liste u\u010desnika i programa XI Foruma).<\/p>\n<p><iframe loading=\"lazy\" title=\"XI Forum za tranzicionu pravdu u postjugoslovenskim zemljama (Sarajevo 28. i 29.02.2018.)\" width=\"500\" height=\"281\" src=\"https:\/\/www.youtube.com\/embed\/5GXdlnoe1pI?feature=oembed\" frameborder=\"0\" allow=\"accelerometer; autoplay; clipboard-write; encrypted-media; gyroscope; picture-in-picture; web-share\" referrerpolicy=\"strict-origin-when-cross-origin\" allowfullscreen><\/iframe><\/p>\n<p><a href=\"..\/wp-content\/uploads\/2020\/05\/Agenda-XI-Forum-za-tranzicionu-pravdu-u-post-jugoslovenskim-zemljama.doc\">Program Foruma<\/a><\/p>\n<p><a href=\"..\/wp-content\/uploads\/2020\/05\/Transkript-panela-pomirenje-kao-uslov-pro\u0161irenja-EU-na-Zapadni-Balkan.docx\">Pomirenje kao uslov pro\u0161irenja EU na Zapadni Balkan &#8211; transkript panela<\/a><\/p>\n<p><a href=\"..\/wp-content\/uploads\/2018\/02\/Osma-Skup\u0161tina-Koalicije-za-REKOM-dnevni-red-27.1.2018-ff.doc\">VIII Skup\u0161tina Koalicije za REKOM &#8211; dnevni red<\/a><\/p>\n<p><a href=\"..\/wp-content\/uploads\/2020\/05\/VIII-Skup\u0161tina-Koalicije-za-REKOM-transkript.docx\">VIII Skup\u0161tina Koalicije za REKOM &#8211; transkript<\/a><\/p>\n<p><a href=\"..\/wp-content\/uploads\/2020\/05\/IZVETA1.doc\">Izve\u0161taj o napretku procesa REKOM &#8211; VIII Skup\u0161tin\u0430 Koalicije za REKOM<\/a><\/p>\n<p><a href=\"..\/wp-content\/uploads\/2018\/02\/Osnivanje-REKOM-je-pokazatelj-politi\u010dke-zrelosti-lidera-saop\u0161tenje.docx\">Osnivanje REKOM je pokazatelj politi\u010dke zrelosti lidera-saop\u0161tenje<\/a><\/p>\n","protected":false},"excerpt":{"rendered":"Jedanaesti Forum za tranzicionu pravdu odr\u017ean je 28-29.1.2018. u Sarajevu. Na svom devetom zasedanju, 15. decembra 2019. godine u Zagrebu,&#8230; ","protected":false},"author":118,"featured_media":182043,"comment_status":"closed","ping_status":"open","sticky":false,"template":"","format":"standard","meta":{"_acf_changed":false,"footnotes":""},"categories":[772],"tags":[2354,1833,948,949],"class_list":["post-181858","post","type-post","status-publish","format-standard","has-post-thumbnail","hentry","category-forumi-za-tranzicionu-pravdu-bhsc-konsultativni-proces","tag-forum","tag-popis-zrtava","tag-sarajevo-bhsc","tag-zagreb"],"acf":[],"yoast_head":"<!-- This site is optimized with the Yoast SEO plugin v25.6 - https:\/\/yoast.com\/wordpress\/plugins\/seo\/ -->\n<title>XI Forum za tranzicionu pravdu u post-jugoslovenskim zemljama - REKOM ~ KOMRA ~ RECOM<\/title>\n<meta name=\"robots\" content=\"index, follow, max-snippet:-1, max-image-preview:large, max-video-preview:-1\" \/>\n<link rel=\"canonical\" href=\"https:\/\/www.recom.link\/bhsc\/xi-forum-za-tranzicionu-pravdu-u-post-jugoslovenskim-zemljama\/\" \/>\n<meta property=\"og:locale\" content=\"en_US\" \/>\n<meta property=\"og:type\" content=\"article\" \/>\n<meta property=\"og:title\" content=\"XI Forum za tranzicionu pravdu u post-jugoslovenskim zemljama - REKOM ~ KOMRA ~ RECOM\" \/>\n<meta property=\"og:description\" content=\"Jedanaesti Forum za tranzicionu pravdu odr\u017ean je 28-29.1.2018. u Sarajevu. Na svom devetom zasedanju, 15. decembra 2019. godine u Zagrebu,...\" \/>\n<meta property=\"og:url\" content=\"https:\/\/www.recom.link\/bhsc\/xi-forum-za-tranzicionu-pravdu-u-post-jugoslovenskim-zemljama\/\" \/>\n<meta property=\"og:site_name\" content=\"REKOM ~ KOMRA ~ RECOM\" \/>\n<meta property=\"article:publisher\" content=\"https:\/\/www.facebook.com\/ZaREKOM.PerKOMRA.ForRECOM\/\" \/>\n<meta property=\"article:published_time\" content=\"2018-02-28T09:03:53+00:00\" \/>\n<meta property=\"article:modified_time\" content=\"2020-05-31T22:32:15+00:00\" \/>\n<meta property=\"og:image\" content=\"https:\/\/www.recom.link\/wp-content\/uploads\/2018\/02\/xi-forum-2.png\" \/>\n\t<meta property=\"og:image:width\" content=\"678\" \/>\n\t<meta property=\"og:image:height\" content=\"328\" \/>\n\t<meta property=\"og:image:type\" content=\"image\/png\" \/>\n<meta name=\"author\" content=\"Regional REKOM\" \/>\n<meta name=\"twitter:card\" content=\"summary_large_image\" \/>\n<meta name=\"twitter:creator\" content=\"@REKOM_KOMRA\" \/>\n<meta name=\"twitter:site\" content=\"@REKOM_KOMRA\" \/>\n<meta name=\"twitter:label1\" content=\"Written by\" \/>\n\t<meta name=\"twitter:data1\" content=\"Regional REKOM\" \/>\n\t<meta name=\"twitter:label2\" content=\"Est. reading time\" \/>\n\t<meta name=\"twitter:data2\" content=\"2 minutes\" \/>\n<script type=\"application\/ld+json\" class=\"yoast-schema-graph\">{\"@context\":\"https:\/\/schema.org\",\"@graph\":[{\"@type\":\"WebPage\",\"@id\":\"https:\/\/www.recom.link\/bhsc\/xi-forum-za-tranzicionu-pravdu-u-post-jugoslovenskim-zemljama\/\",\"url\":\"https:\/\/www.recom.link\/bhsc\/xi-forum-za-tranzicionu-pravdu-u-post-jugoslovenskim-zemljama\/\",\"name\":\"XI Forum za tranzicionu pravdu u post-jugoslovenskim zemljama - REKOM ~ KOMRA ~ RECOM\",\"isPartOf\":{\"@id\":\"https:\/\/www.recom.link\/en\/#website\"},\"primaryImageOfPage\":{\"@id\":\"https:\/\/www.recom.link\/bhsc\/xi-forum-za-tranzicionu-pravdu-u-post-jugoslovenskim-zemljama\/#primaryimage\"},\"image\":{\"@id\":\"https:\/\/www.recom.link\/bhsc\/xi-forum-za-tranzicionu-pravdu-u-post-jugoslovenskim-zemljama\/#primaryimage\"},\"thumbnailUrl\":\"https:\/\/www.recom.link\/wp-content\/uploads\/2018\/02\/xi-forum-2.png\",\"datePublished\":\"2018-02-28T09:03:53+00:00\",\"dateModified\":\"2020-05-31T22:32:15+00:00\",\"author\":{\"@id\":\"https:\/\/www.recom.link\/en\/#\/schema\/person\/cc2c2e308d6f2d3a7f243aec2307ac58\"},\"breadcrumb\":{\"@id\":\"https:\/\/www.recom.link\/bhsc\/xi-forum-za-tranzicionu-pravdu-u-post-jugoslovenskim-zemljama\/#breadcrumb\"},\"inLanguage\":\"bhsc\",\"potentialAction\":[{\"@type\":\"ReadAction\",\"target\":[\"https:\/\/www.recom.link\/bhsc\/xi-forum-za-tranzicionu-pravdu-u-post-jugoslovenskim-zemljama\/\"]}]},{\"@type\":\"ImageObject\",\"inLanguage\":\"bhsc\",\"@id\":\"https:\/\/www.recom.link\/bhsc\/xi-forum-za-tranzicionu-pravdu-u-post-jugoslovenskim-zemljama\/#primaryimage\",\"url\":\"https:\/\/www.recom.link\/wp-content\/uploads\/2018\/02\/xi-forum-2.png\",\"contentUrl\":\"https:\/\/www.recom.link\/wp-content\/uploads\/2018\/02\/xi-forum-2.png\",\"width\":678,\"height\":328},{\"@type\":\"BreadcrumbList\",\"@id\":\"https:\/\/www.recom.link\/bhsc\/xi-forum-za-tranzicionu-pravdu-u-post-jugoslovenskim-zemljama\/#breadcrumb\",\"itemListElement\":[{\"@type\":\"ListItem\",\"position\":1,\"name\":\"Home\",\"item\":\"https:\/\/www.recom.link\/en\/\"},{\"@type\":\"ListItem\",\"position\":2,\"name\":\"XI Forum za tranzicionu pravdu u post-jugoslovenskim zemljama\"}]},{\"@type\":\"WebSite\",\"@id\":\"https:\/\/www.recom.link\/en\/#website\",\"url\":\"https:\/\/www.recom.link\/en\/\",\"name\":\"REKOM ~ KOMRA ~ RECOM\",\"description\":\"\",\"potentialAction\":[{\"@type\":\"SearchAction\",\"target\":{\"@type\":\"EntryPoint\",\"urlTemplate\":\"https:\/\/www.recom.link\/en\/?s={search_term_string}\"},\"query-input\":{\"@type\":\"PropertyValueSpecification\",\"valueRequired\":true,\"valueName\":\"search_term_string\"}}],\"inLanguage\":\"bhsc\"},{\"@type\":\"Person\",\"@id\":\"https:\/\/www.recom.link\/en\/#\/schema\/person\/cc2c2e308d6f2d3a7f243aec2307ac58\",\"name\":\"Regional REKOM\",\"image\":{\"@type\":\"ImageObject\",\"inLanguage\":\"bhsc\",\"@id\":\"https:\/\/www.recom.link\/en\/#\/schema\/person\/image\/\",\"url\":\"https:\/\/secure.gravatar.com\/avatar\/a89a9f9b53d07d4e03aee729123e3da9?s=96&d=mm&r=g\",\"contentUrl\":\"https:\/\/secure.gravatar.com\/avatar\/a89a9f9b53d07d4e03aee729123e3da9?s=96&d=mm&r=g\",\"caption\":\"Regional REKOM\"},\"sameAs\":[\"https:\/\/www.recom.link\"],\"url\":\"https:\/\/www.recom.link\/bhsc\/author\/regional-rekom\/\"}]}<\/script>\n<!-- \/ Yoast SEO plugin. -->","yoast_head_json":{"title":"XI Forum za tranzicionu pravdu u post-jugoslovenskim zemljama - REKOM ~ KOMRA ~ RECOM","robots":{"index":"index","follow":"follow","max-snippet":"max-snippet:-1","max-image-preview":"max-image-preview:large","max-video-preview":"max-video-preview:-1"},"canonical":"https:\/\/www.recom.link\/bhsc\/xi-forum-za-tranzicionu-pravdu-u-post-jugoslovenskim-zemljama\/","og_locale":"en_US","og_type":"article","og_title":"XI Forum za tranzicionu pravdu u post-jugoslovenskim zemljama - REKOM ~ KOMRA ~ RECOM","og_description":"Jedanaesti Forum za tranzicionu pravdu odr\u017ean je 28-29.1.2018. u Sarajevu. Na svom devetom zasedanju, 15. decembra 2019. godine u Zagrebu,...","og_url":"https:\/\/www.recom.link\/bhsc\/xi-forum-za-tranzicionu-pravdu-u-post-jugoslovenskim-zemljama\/","og_site_name":"REKOM ~ KOMRA ~ RECOM","article_publisher":"https:\/\/www.facebook.com\/ZaREKOM.PerKOMRA.ForRECOM\/","article_published_time":"2018-02-28T09:03:53+00:00","article_modified_time":"2020-05-31T22:32:15+00:00","og_image":[{"width":678,"height":328,"url":"https:\/\/www.recom.link\/wp-content\/uploads\/2018\/02\/xi-forum-2.png","type":"image\/png"}],"author":"Regional REKOM","twitter_card":"summary_large_image","twitter_creator":"@REKOM_KOMRA","twitter_site":"@REKOM_KOMRA","twitter_misc":{"Written by":"Regional REKOM","Est. reading time":"2 minutes"},"schema":{"@context":"https:\/\/schema.org","@graph":[{"@type":"WebPage","@id":"https:\/\/www.recom.link\/bhsc\/xi-forum-za-tranzicionu-pravdu-u-post-jugoslovenskim-zemljama\/","url":"https:\/\/www.recom.link\/bhsc\/xi-forum-za-tranzicionu-pravdu-u-post-jugoslovenskim-zemljama\/","name":"XI Forum za tranzicionu pravdu u post-jugoslovenskim zemljama - REKOM ~ KOMRA ~ RECOM","isPartOf":{"@id":"https:\/\/www.recom.link\/en\/#website"},"primaryImageOfPage":{"@id":"https:\/\/www.recom.link\/bhsc\/xi-forum-za-tranzicionu-pravdu-u-post-jugoslovenskim-zemljama\/#primaryimage"},"image":{"@id":"https:\/\/www.recom.link\/bhsc\/xi-forum-za-tranzicionu-pravdu-u-post-jugoslovenskim-zemljama\/#primaryimage"},"thumbnailUrl":"https:\/\/www.recom.link\/wp-content\/uploads\/2018\/02\/xi-forum-2.png","datePublished":"2018-02-28T09:03:53+00:00","dateModified":"2020-05-31T22:32:15+00:00","author":{"@id":"https:\/\/www.recom.link\/en\/#\/schema\/person\/cc2c2e308d6f2d3a7f243aec2307ac58"},"breadcrumb":{"@id":"https:\/\/www.recom.link\/bhsc\/xi-forum-za-tranzicionu-pravdu-u-post-jugoslovenskim-zemljama\/#breadcrumb"},"inLanguage":"bhsc","potentialAction":[{"@type":"ReadAction","target":["https:\/\/www.recom.link\/bhsc\/xi-forum-za-tranzicionu-pravdu-u-post-jugoslovenskim-zemljama\/"]}]},{"@type":"ImageObject","inLanguage":"bhsc","@id":"https:\/\/www.recom.link\/bhsc\/xi-forum-za-tranzicionu-pravdu-u-post-jugoslovenskim-zemljama\/#primaryimage","url":"https:\/\/www.recom.link\/wp-content\/uploads\/2018\/02\/xi-forum-2.png","contentUrl":"https:\/\/www.recom.link\/wp-content\/uploads\/2018\/02\/xi-forum-2.png","width":678,"height":328},{"@type":"BreadcrumbList","@id":"https:\/\/www.recom.link\/bhsc\/xi-forum-za-tranzicionu-pravdu-u-post-jugoslovenskim-zemljama\/#breadcrumb","itemListElement":[{"@type":"ListItem","position":1,"name":"Home","item":"https:\/\/www.recom.link\/en\/"},{"@type":"ListItem","position":2,"name":"XI Forum za tranzicionu pravdu u post-jugoslovenskim zemljama"}]},{"@type":"WebSite","@id":"https:\/\/www.recom.link\/en\/#website","url":"https:\/\/www.recom.link\/en\/","name":"REKOM ~ KOMRA ~ RECOM","description":"","potentialAction":[{"@type":"SearchAction","target":{"@type":"EntryPoint","urlTemplate":"https:\/\/www.recom.link\/en\/?s={search_term_string}"},"query-input":{"@type":"PropertyValueSpecification","valueRequired":true,"valueName":"search_term_string"}}],"inLanguage":"bhsc"},{"@type":"Person","@id":"https:\/\/www.recom.link\/en\/#\/schema\/person\/cc2c2e308d6f2d3a7f243aec2307ac58","name":"Regional REKOM","image":{"@type":"ImageObject","inLanguage":"bhsc","@id":"https:\/\/www.recom.link\/en\/#\/schema\/person\/image\/","url":"https:\/\/secure.gravatar.com\/avatar\/a89a9f9b53d07d4e03aee729123e3da9?s=96&d=mm&r=g","contentUrl":"https:\/\/secure.gravatar.com\/avatar\/a89a9f9b53d07d4e03aee729123e3da9?s=96&d=mm&r=g","caption":"Regional REKOM"},"sameAs":["https:\/\/www.recom.link"],"url":"https:\/\/www.recom.link\/bhsc\/author\/regional-rekom\/"}]}},"_links":{"self":[{"href":"https:\/\/www.recom.link\/bhsc\/wp-json\/wp\/v2\/posts\/181858"}],"collection":[{"href":"https:\/\/www.recom.link\/bhsc\/wp-json\/wp\/v2\/posts"}],"about":[{"href":"https:\/\/www.recom.link\/bhsc\/wp-json\/wp\/v2\/types\/post"}],"author":[{"embeddable":true,"href":"https:\/\/www.recom.link\/bhsc\/wp-json\/wp\/v2\/users\/118"}],"replies":[{"embeddable":true,"href":"https:\/\/www.recom.link\/bhsc\/wp-json\/wp\/v2\/comments?post=181858"}],"version-history":[{"count":16,"href":"https:\/\/www.recom.link\/bhsc\/wp-json\/wp\/v2\/posts\/181858\/revisions"}],"predecessor-version":[{"id":182285,"href":"https:\/\/www.recom.link\/bhsc\/wp-json\/wp\/v2\/posts\/181858\/revisions\/182285"}],"wp:featuredmedia":[{"embeddable":true,"href":"https:\/\/www.recom.link\/bhsc\/wp-json\/wp\/v2\/media\/182043"}],"wp:attachment":[{"href":"https:\/\/www.recom.link\/bhsc\/wp-json\/wp\/v2\/media?parent=181858"}],"wp:term":[{"taxonomy":"category","embeddable":true,"href":"https:\/\/www.recom.link\/bhsc\/wp-json\/wp\/v2\/categories?post=181858"},{"taxonomy":"post_tag","embeddable":true,"href":"https:\/\/www.recom.link\/bhsc\/wp-json\/wp\/v2\/tags?post=181858"}],"curies":[{"name":"wp","href":"https:\/\/api.w.org\/{rel}","templated":true}]}}