{"id":179648,"date":"2019-12-20T17:06:42","date_gmt":"2019-12-20T16:06:42","guid":{"rendered":"https:\/\/dev.recom.link\/?p=179648"},"modified":"2020-05-29T19:14:43","modified_gmt":"2020-05-29T18:14:43","slug":"natasa-kandic-kao-da-sada-hrvatska-vise-nije-na-mjestu-gdje-je-bila-u-vrijeme-kada-su-pocinjeni-zlocini","status":"publish","type":"post","link":"https:\/\/www.recom.link\/bhsc\/natasa-kandic-kao-da-sada-hrvatska-vise-nije-na-mjestu-gdje-je-bila-u-vrijeme-kada-su-pocinjeni-zlocini\/","title":{"rendered":"Nata\u0161a Kandi\u0107: \u2018Kao da sada Hrvatska vi\u0161e nije na mjestu gdje je bila u vrijeme kada su po\u010dinjeni zlo\u010dini\u2019"},"content":{"rendered":"<p><strong>Go\u0161\u0107a HRT-ove emisije Nedjeljom u 2 bila je Nata\u0161a Kandi\u0107, poznata mirovna aktivistica iz Beograda, biv\u0161a direktorica Fonda za humanitarno pravo i \u017eena koja je pomogla mnogim \u017ertvama rata iz Hrvatske u sudskim procesima u Srbiji<\/strong>.<\/p>\n<p>U emisiji je, me\u0111u ostalim, govorila o Regionalnoj inicijativi za utvr\u0111ivanje \u010dinjenica o ratnim \u017ertvama (REKOM).<\/p>\n<p>\u2018Desetak nevladinih organizacija iz cijele regije 2006. godine razmatralo je \u0161to se dobiva u odnosu na vladavinu prava, pravdu za \u017ertve, su\u0111enjima za ratne zlo\u010dine, \u0161to tu nedostaje i \u0161to bi trebalo jo\u0161 biti od instrumenata da se do\u0111e do sveobuhvatne slike o tome \u0161to se dogodilo. Organizirali smo veliki skup s oko 400 predstavnika raznih organizacija civilnog dru\u0161tva, uklju\u010dili smo pravnike, povjesni\u010dare, udruge \u017ertava. I dobili smo jasan rezultat: da se slika o tome \u0161to se dogodilo mo\u017ee dobiti samo zajedni\u010dkim radom institucija i civilnog dru\u0161tva. Mi se od tada zala\u017eemo za regionalni pristup suo\u010davanju s pro\u0161lo\u0161\u0107u. Ono \u0161to je svih ovih godina u debatama iskristalizirano, to je da nema pre\u010deg zadatka nego da znamo imena svih onih koji su izgubili \u017eivot i koji su jo\u0161 uvijek na listama nestalih, da znamo okolnosti u kojima su stradali i nestali. \u017delimo da to bude naslje\u0111e koje \u0107emo ostaviti budu\u0107im generacijama, kazala je, naglasiv\u0161i kako to mora biti zajedni\u010dki rad dr\u017eavnih institucija, pri \u010demu \u0107e oni kao organizacije civilnog dru\u0161tva pomo\u0107i svojim stru\u010dnim kapacitetima, s obzirom na to da ve\u0107 godinama provode empirijsko istra\u017eivanje na terenu, kao i dokumentiranje \u017ertava\u2019, objasnila je.<\/p>\n<p>Istaknula je da je vrlo va\u017eno da Hrvatska uo\u010di predsjedanja Europskom unijom poka\u017ee \u0161to \u0107e biti njeni prioriteti u odnosu na pro\u0161irenje EU-a i odnose u regiji. Nagla\u0161ava kako je bitno da se po\u0161alje poruka i na\u00a0<strong>Me\u0111unarodnom forumu za tranzicijsku pravdu u postjugoslavenskim zemljama<\/strong>\u00a0pod nazivom \u201eDa \u017ertve \u017eive u pam\u0107enju dru\u0161tva\u201c, koje se odr\u017eava sutra i na kojem \u0107e, prema informacijama ekipe emisije Nedjeljom u 2, do\u0107i i predstavnici hrvatske Vlade. Za\u010du\u0111ena je \u0161to od hrvatskih institucija nisu, kako tvrdi, dobili odgovor o dolasku na forum.<\/p>\n<p>Izvor: <a href=\"https:\/\/www.tportal.hr\/\">https:\/\/www.tportal.hr\/<\/a><\/p>\n","protected":false},"excerpt":{"rendered":"Go\u0161\u0107a HRT-ove emisije Nedjeljom u 2 bila je Nata\u0161a Kandi\u0107, poznata mirovna aktivistica iz Beograda, biv\u0161a direktorica Fonda za humanitarno&#8230; ","protected":false},"author":118,"featured_media":179649,"comment_status":"closed","ping_status":"open","sticky":false,"template":"","format":"standard","meta":{"_acf_changed":false,"footnotes":""},"categories":[1710],"tags":[2352,1818,1870,2351],"class_list":["post-179648","post","type-post","status-publish","format-standard","has-post-thumbnail","hentry","category-rekom-vesti-bhsc","tag-intervju-bhsc","tag-natasa-kandic-bhsc","tag-rekom-bhsc","tag-tportal"],"acf":[],"yoast_head":"<!-- This site is optimized with the Yoast SEO plugin v25.6 - https:\/\/yoast.com\/wordpress\/plugins\/seo\/ -->\n<title>Nata\u0161a Kandi\u0107: \u2018Kao da sada Hrvatska vi\u0161e nije na mjestu gdje je bila u vrijeme kada su po\u010dinjeni zlo\u010dini\u2019 - REKOM ~ KOMRA ~ RECOM<\/title>\n<meta name=\"robots\" content=\"index, follow, max-snippet:-1, max-image-preview:large, max-video-preview:-1\" \/>\n<link rel=\"canonical\" href=\"https:\/\/www.recom.link\/bhsc\/natasa-kandic-kao-da-sada-hrvatska-vise-nije-na-mjestu-gdje-je-bila-u-vrijeme-kada-su-pocinjeni-zlocini\/\" \/>\n<meta property=\"og:locale\" content=\"en_US\" \/>\n<meta property=\"og:type\" content=\"article\" \/>\n<meta property=\"og:title\" content=\"Nata\u0161a Kandi\u0107: \u2018Kao da sada Hrvatska vi\u0161e nije na mjestu gdje je bila u vrijeme kada su po\u010dinjeni zlo\u010dini\u2019 - REKOM ~ KOMRA ~ RECOM\" \/>\n<meta property=\"og:description\" content=\"Go\u0161\u0107a HRT-ove emisije Nedjeljom u 2 bila je Nata\u0161a Kandi\u0107, poznata mirovna aktivistica iz Beograda, biv\u0161a direktorica Fonda za humanitarno...\" \/>\n<meta property=\"og:url\" content=\"https:\/\/www.recom.link\/bhsc\/natasa-kandic-kao-da-sada-hrvatska-vise-nije-na-mjestu-gdje-je-bila-u-vrijeme-kada-su-pocinjeni-zlocini\/\" \/>\n<meta property=\"og:site_name\" content=\"REKOM ~ KOMRA ~ RECOM\" \/>\n<meta property=\"article:publisher\" content=\"https:\/\/www.facebook.com\/ZaREKOM.PerKOMRA.ForRECOM\/\" \/>\n<meta property=\"article:published_time\" content=\"2019-12-20T16:06:42+00:00\" \/>\n<meta property=\"article:modified_time\" content=\"2020-05-29T18:14:43+00:00\" \/>\n<meta property=\"og:image\" content=\"https:\/\/www.recom.link\/wp-content\/uploads\/2020\/04\/Natasa_Kandic_nedeljom_u_2.jpg\" \/>\n\t<meta property=\"og:image:width\" content=\"688\" \/>\n\t<meta property=\"og:image:height\" content=\"388\" \/>\n\t<meta property=\"og:image:type\" content=\"image\/jpeg\" \/>\n<meta name=\"author\" content=\"Regional REKOM\" \/>\n<meta name=\"twitter:card\" content=\"summary_large_image\" \/>\n<meta name=\"twitter:creator\" content=\"@REKOM_KOMRA\" \/>\n<meta name=\"twitter:site\" content=\"@REKOM_KOMRA\" \/>\n<meta name=\"twitter:label1\" content=\"Written by\" \/>\n\t<meta name=\"twitter:data1\" content=\"Regional REKOM\" \/>\n\t<meta name=\"twitter:label2\" content=\"Est. reading time\" \/>\n\t<meta name=\"twitter:data2\" content=\"2 minutes\" \/>\n<script type=\"application\/ld+json\" class=\"yoast-schema-graph\">{\"@context\":\"https:\/\/schema.org\",\"@graph\":[{\"@type\":\"WebPage\",\"@id\":\"https:\/\/www.recom.link\/bhsc\/natasa-kandic-kao-da-sada-hrvatska-vise-nije-na-mjestu-gdje-je-bila-u-vrijeme-kada-su-pocinjeni-zlocini\/\",\"url\":\"https:\/\/www.recom.link\/bhsc\/natasa-kandic-kao-da-sada-hrvatska-vise-nije-na-mjestu-gdje-je-bila-u-vrijeme-kada-su-pocinjeni-zlocini\/\",\"name\":\"Nata\u0161a Kandi\u0107: \u2018Kao da sada Hrvatska vi\u0161e nije na mjestu gdje je bila u vrijeme kada su po\u010dinjeni zlo\u010dini\u2019 - REKOM ~ KOMRA ~ RECOM\",\"isPartOf\":{\"@id\":\"https:\/\/www.recom.link\/en\/#website\"},\"primaryImageOfPage\":{\"@id\":\"https:\/\/www.recom.link\/bhsc\/natasa-kandic-kao-da-sada-hrvatska-vise-nije-na-mjestu-gdje-je-bila-u-vrijeme-kada-su-pocinjeni-zlocini\/#primaryimage\"},\"image\":{\"@id\":\"https:\/\/www.recom.link\/bhsc\/natasa-kandic-kao-da-sada-hrvatska-vise-nije-na-mjestu-gdje-je-bila-u-vrijeme-kada-su-pocinjeni-zlocini\/#primaryimage\"},\"thumbnailUrl\":\"https:\/\/www.recom.link\/wp-content\/uploads\/2020\/04\/Natasa_Kandic_nedeljom_u_2.jpg\",\"datePublished\":\"2019-12-20T16:06:42+00:00\",\"dateModified\":\"2020-05-29T18:14:43+00:00\",\"author\":{\"@id\":\"https:\/\/www.recom.link\/en\/#\/schema\/person\/cc2c2e308d6f2d3a7f243aec2307ac58\"},\"breadcrumb\":{\"@id\":\"https:\/\/www.recom.link\/bhsc\/natasa-kandic-kao-da-sada-hrvatska-vise-nije-na-mjestu-gdje-je-bila-u-vrijeme-kada-su-pocinjeni-zlocini\/#breadcrumb\"},\"inLanguage\":\"bhsc\",\"potentialAction\":[{\"@type\":\"ReadAction\",\"target\":[\"https:\/\/www.recom.link\/bhsc\/natasa-kandic-kao-da-sada-hrvatska-vise-nije-na-mjestu-gdje-je-bila-u-vrijeme-kada-su-pocinjeni-zlocini\/\"]}]},{\"@type\":\"ImageObject\",\"inLanguage\":\"bhsc\",\"@id\":\"https:\/\/www.recom.link\/bhsc\/natasa-kandic-kao-da-sada-hrvatska-vise-nije-na-mjestu-gdje-je-bila-u-vrijeme-kada-su-pocinjeni-zlocini\/#primaryimage\",\"url\":\"https:\/\/www.recom.link\/wp-content\/uploads\/2020\/04\/Natasa_Kandic_nedeljom_u_2.jpg\",\"contentUrl\":\"https:\/\/www.recom.link\/wp-content\/uploads\/2020\/04\/Natasa_Kandic_nedeljom_u_2.jpg\",\"width\":688,\"height\":388},{\"@type\":\"BreadcrumbList\",\"@id\":\"https:\/\/www.recom.link\/bhsc\/natasa-kandic-kao-da-sada-hrvatska-vise-nije-na-mjestu-gdje-je-bila-u-vrijeme-kada-su-pocinjeni-zlocini\/#breadcrumb\",\"itemListElement\":[{\"@type\":\"ListItem\",\"position\":1,\"name\":\"Home\",\"item\":\"https:\/\/www.recom.link\/en\/\"},{\"@type\":\"ListItem\",\"position\":2,\"name\":\"Nata\u0161a Kandi\u0107: \u2018Kao da sada Hrvatska vi\u0161e nije na mjestu gdje je bila u vrijeme kada su po\u010dinjeni zlo\u010dini\u2019\"}]},{\"@type\":\"WebSite\",\"@id\":\"https:\/\/www.recom.link\/en\/#website\",\"url\":\"https:\/\/www.recom.link\/en\/\",\"name\":\"REKOM ~ KOMRA ~ RECOM\",\"description\":\"\",\"potentialAction\":[{\"@type\":\"SearchAction\",\"target\":{\"@type\":\"EntryPoint\",\"urlTemplate\":\"https:\/\/www.recom.link\/en\/?s={search_term_string}\"},\"query-input\":{\"@type\":\"PropertyValueSpecification\",\"valueRequired\":true,\"valueName\":\"search_term_string\"}}],\"inLanguage\":\"bhsc\"},{\"@type\":\"Person\",\"@id\":\"https:\/\/www.recom.link\/en\/#\/schema\/person\/cc2c2e308d6f2d3a7f243aec2307ac58\",\"name\":\"Regional REKOM\",\"image\":{\"@type\":\"ImageObject\",\"inLanguage\":\"bhsc\",\"@id\":\"https:\/\/www.recom.link\/en\/#\/schema\/person\/image\/\",\"url\":\"https:\/\/secure.gravatar.com\/avatar\/a89a9f9b53d07d4e03aee729123e3da9?s=96&d=mm&r=g\",\"contentUrl\":\"https:\/\/secure.gravatar.com\/avatar\/a89a9f9b53d07d4e03aee729123e3da9?s=96&d=mm&r=g\",\"caption\":\"Regional REKOM\"},\"sameAs\":[\"https:\/\/www.recom.link\"],\"url\":\"https:\/\/www.recom.link\/bhsc\/author\/regional-rekom\/\"}]}<\/script>\n<!-- \/ Yoast SEO plugin. -->","yoast_head_json":{"title":"Nata\u0161a Kandi\u0107: \u2018Kao da sada Hrvatska vi\u0161e nije na mjestu gdje je bila u vrijeme kada su po\u010dinjeni zlo\u010dini\u2019 - REKOM ~ KOMRA ~ RECOM","robots":{"index":"index","follow":"follow","max-snippet":"max-snippet:-1","max-image-preview":"max-image-preview:large","max-video-preview":"max-video-preview:-1"},"canonical":"https:\/\/www.recom.link\/bhsc\/natasa-kandic-kao-da-sada-hrvatska-vise-nije-na-mjestu-gdje-je-bila-u-vrijeme-kada-su-pocinjeni-zlocini\/","og_locale":"en_US","og_type":"article","og_title":"Nata\u0161a Kandi\u0107: \u2018Kao da sada Hrvatska vi\u0161e nije na mjestu gdje je bila u vrijeme kada su po\u010dinjeni zlo\u010dini\u2019 - REKOM ~ KOMRA ~ RECOM","og_description":"Go\u0161\u0107a HRT-ove emisije Nedjeljom u 2 bila je Nata\u0161a Kandi\u0107, poznata mirovna aktivistica iz Beograda, biv\u0161a direktorica Fonda za humanitarno...","og_url":"https:\/\/www.recom.link\/bhsc\/natasa-kandic-kao-da-sada-hrvatska-vise-nije-na-mjestu-gdje-je-bila-u-vrijeme-kada-su-pocinjeni-zlocini\/","og_site_name":"REKOM ~ KOMRA ~ RECOM","article_publisher":"https:\/\/www.facebook.com\/ZaREKOM.PerKOMRA.ForRECOM\/","article_published_time":"2019-12-20T16:06:42+00:00","article_modified_time":"2020-05-29T18:14:43+00:00","og_image":[{"width":688,"height":388,"url":"https:\/\/www.recom.link\/wp-content\/uploads\/2020\/04\/Natasa_Kandic_nedeljom_u_2.jpg","type":"image\/jpeg"}],"author":"Regional REKOM","twitter_card":"summary_large_image","twitter_creator":"@REKOM_KOMRA","twitter_site":"@REKOM_KOMRA","twitter_misc":{"Written by":"Regional REKOM","Est. reading time":"2 minutes"},"schema":{"@context":"https:\/\/schema.org","@graph":[{"@type":"WebPage","@id":"https:\/\/www.recom.link\/bhsc\/natasa-kandic-kao-da-sada-hrvatska-vise-nije-na-mjestu-gdje-je-bila-u-vrijeme-kada-su-pocinjeni-zlocini\/","url":"https:\/\/www.recom.link\/bhsc\/natasa-kandic-kao-da-sada-hrvatska-vise-nije-na-mjestu-gdje-je-bila-u-vrijeme-kada-su-pocinjeni-zlocini\/","name":"Nata\u0161a Kandi\u0107: \u2018Kao da sada Hrvatska vi\u0161e nije na mjestu gdje je bila u vrijeme kada su po\u010dinjeni zlo\u010dini\u2019 - REKOM ~ KOMRA ~ RECOM","isPartOf":{"@id":"https:\/\/www.recom.link\/en\/#website"},"primaryImageOfPage":{"@id":"https:\/\/www.recom.link\/bhsc\/natasa-kandic-kao-da-sada-hrvatska-vise-nije-na-mjestu-gdje-je-bila-u-vrijeme-kada-su-pocinjeni-zlocini\/#primaryimage"},"image":{"@id":"https:\/\/www.recom.link\/bhsc\/natasa-kandic-kao-da-sada-hrvatska-vise-nije-na-mjestu-gdje-je-bila-u-vrijeme-kada-su-pocinjeni-zlocini\/#primaryimage"},"thumbnailUrl":"https:\/\/www.recom.link\/wp-content\/uploads\/2020\/04\/Natasa_Kandic_nedeljom_u_2.jpg","datePublished":"2019-12-20T16:06:42+00:00","dateModified":"2020-05-29T18:14:43+00:00","author":{"@id":"https:\/\/www.recom.link\/en\/#\/schema\/person\/cc2c2e308d6f2d3a7f243aec2307ac58"},"breadcrumb":{"@id":"https:\/\/www.recom.link\/bhsc\/natasa-kandic-kao-da-sada-hrvatska-vise-nije-na-mjestu-gdje-je-bila-u-vrijeme-kada-su-pocinjeni-zlocini\/#breadcrumb"},"inLanguage":"bhsc","potentialAction":[{"@type":"ReadAction","target":["https:\/\/www.recom.link\/bhsc\/natasa-kandic-kao-da-sada-hrvatska-vise-nije-na-mjestu-gdje-je-bila-u-vrijeme-kada-su-pocinjeni-zlocini\/"]}]},{"@type":"ImageObject","inLanguage":"bhsc","@id":"https:\/\/www.recom.link\/bhsc\/natasa-kandic-kao-da-sada-hrvatska-vise-nije-na-mjestu-gdje-je-bila-u-vrijeme-kada-su-pocinjeni-zlocini\/#primaryimage","url":"https:\/\/www.recom.link\/wp-content\/uploads\/2020\/04\/Natasa_Kandic_nedeljom_u_2.jpg","contentUrl":"https:\/\/www.recom.link\/wp-content\/uploads\/2020\/04\/Natasa_Kandic_nedeljom_u_2.jpg","width":688,"height":388},{"@type":"BreadcrumbList","@id":"https:\/\/www.recom.link\/bhsc\/natasa-kandic-kao-da-sada-hrvatska-vise-nije-na-mjestu-gdje-je-bila-u-vrijeme-kada-su-pocinjeni-zlocini\/#breadcrumb","itemListElement":[{"@type":"ListItem","position":1,"name":"Home","item":"https:\/\/www.recom.link\/en\/"},{"@type":"ListItem","position":2,"name":"Nata\u0161a Kandi\u0107: \u2018Kao da sada Hrvatska vi\u0161e nije na mjestu gdje je bila u vrijeme kada su po\u010dinjeni zlo\u010dini\u2019"}]},{"@type":"WebSite","@id":"https:\/\/www.recom.link\/en\/#website","url":"https:\/\/www.recom.link\/en\/","name":"REKOM ~ KOMRA ~ RECOM","description":"","potentialAction":[{"@type":"SearchAction","target":{"@type":"EntryPoint","urlTemplate":"https:\/\/www.recom.link\/en\/?s={search_term_string}"},"query-input":{"@type":"PropertyValueSpecification","valueRequired":true,"valueName":"search_term_string"}}],"inLanguage":"bhsc"},{"@type":"Person","@id":"https:\/\/www.recom.link\/en\/#\/schema\/person\/cc2c2e308d6f2d3a7f243aec2307ac58","name":"Regional REKOM","image":{"@type":"ImageObject","inLanguage":"bhsc","@id":"https:\/\/www.recom.link\/en\/#\/schema\/person\/image\/","url":"https:\/\/secure.gravatar.com\/avatar\/a89a9f9b53d07d4e03aee729123e3da9?s=96&d=mm&r=g","contentUrl":"https:\/\/secure.gravatar.com\/avatar\/a89a9f9b53d07d4e03aee729123e3da9?s=96&d=mm&r=g","caption":"Regional REKOM"},"sameAs":["https:\/\/www.recom.link"],"url":"https:\/\/www.recom.link\/bhsc\/author\/regional-rekom\/"}]}},"_links":{"self":[{"href":"https:\/\/www.recom.link\/bhsc\/wp-json\/wp\/v2\/posts\/179648"}],"collection":[{"href":"https:\/\/www.recom.link\/bhsc\/wp-json\/wp\/v2\/posts"}],"about":[{"href":"https:\/\/www.recom.link\/bhsc\/wp-json\/wp\/v2\/types\/post"}],"author":[{"embeddable":true,"href":"https:\/\/www.recom.link\/bhsc\/wp-json\/wp\/v2\/users\/118"}],"replies":[{"embeddable":true,"href":"https:\/\/www.recom.link\/bhsc\/wp-json\/wp\/v2\/comments?post=179648"}],"version-history":[{"count":1,"href":"https:\/\/www.recom.link\/bhsc\/wp-json\/wp\/v2\/posts\/179648\/revisions"}],"predecessor-version":[{"id":179654,"href":"https:\/\/www.recom.link\/bhsc\/wp-json\/wp\/v2\/posts\/179648\/revisions\/179654"}],"wp:featuredmedia":[{"embeddable":true,"href":"https:\/\/www.recom.link\/bhsc\/wp-json\/wp\/v2\/media\/179649"}],"wp:attachment":[{"href":"https:\/\/www.recom.link\/bhsc\/wp-json\/wp\/v2\/media?parent=179648"}],"wp:term":[{"taxonomy":"category","embeddable":true,"href":"https:\/\/www.recom.link\/bhsc\/wp-json\/wp\/v2\/categories?post=179648"},{"taxonomy":"post_tag","embeddable":true,"href":"https:\/\/www.recom.link\/bhsc\/wp-json\/wp\/v2\/tags?post=179648"}],"curies":[{"name":"wp","href":"https:\/\/api.w.org\/{rel}","templated":true}]}}