{"id":179584,"date":"2020-02-11T15:54:41","date_gmt":"2020-02-11T14:54:41","guid":{"rendered":"https:\/\/dev.recom.link\/?p=179584"},"modified":"2020-05-29T18:51:41","modified_gmt":"2020-05-29T17:51:41","slug":"natasa-kandic-kako-to-da-predsednik-stranke-nareduje-izbacivanje-u-javnom-prostoru","status":"publish","type":"post","link":"https:\/\/www.recom.link\/bhsc\/natasa-kandic-kako-to-da-predsednik-stranke-nareduje-izbacivanje-u-javnom-prostoru\/","title":{"rendered":"Nata\u0161a Kandi\u0107 \u2013 Kako to da predsednik stranke nare\u0111uje izbacivanje u javnom prostoru"},"content":{"rendered":"<p>Osniva\u010dica Fonda za humanitarno pravo Nata\u0161a Kandi\u0107 izjavila je, govore\u0107i o incidentu u op\u0161tini Stari grad kada su je napali \u010dlanovi SRS, da je mislila da nasilje ne\u0107e biti dopu\u0161teno i da \u0107e u zgradi Skup\u0161tine op\u0161tine Stari Grad morati da se po\u0161tuje zakon. Upitala je kako to da jedan predsednik stranke (Vojislav \u0160e\u0161elj) nare\u0111uje da se izbacuju oni koji su do\u0161li na tribinu, kako on odlu\u010duje ko mo\u017ee, a ko ne mo\u017ee da bude na tribini, koju pritom organizuje u javnom prostoru. Ocenila je da je \u0160e\u0161elj zapo\u010deo kampanju.<\/p>\n<figure class=\"wp-block-embed-youtube wp-block-embed is-type-video is-provider-youtube wp-embed-aspect-16-9 wp-has-aspect-ratio\">\n<div class=\"wp-block-embed__wrapper\" style=\"text-align: center;\"><iframe loading=\"lazy\" title=\"Nata\u0161a Kandi\u0107: \u0160e\u0161elj kao da je preuzeo ingerencije nekih dr\u017eavnih institucija\" src=\"https:\/\/www.youtube.com\/embed\/kD0jK4XbtW4?feature=oembed\" width=\"500\" height=\"281\" frameborder=\"0\" allowfullscreen=\"allowfullscreen\" data-mce-fragment=\"1\"><\/iframe><\/div>\n<\/figure>\n<p>Napad na mirovne aktiviste u javnom prostoru samo je poslednji u nizu incidenata koje je izazvao lider radikala Vojislav \u0160e\u0161elj. \u010cini se da \u0160e\u0161elj bira \u0161to bahatiji, nepristojniji i agresivniji nastup za privla\u010denje pa\u017enje javnosti \u2013 ali postavlja se pitanje ko i zbog \u010dega dozvoljava da se narativ devedesetih ponovo na\u0111e u javnom prostoru. Da li se mr\u017enja ponovo servira gra\u0111anima i sa kojim ciljem?<\/p>\n<p>\u201eOno \u0161to je bitno, u Starom gradu poslanici su znali za taj doga\u0111aj, ne samo iz redova SRS, nego iz drugih politi\u010dkih partija, zato \u0161to postoji obaveza da se popuni obrazac, odre\u0111eni formular, kada se zakazure neki skup. To nije bio partijski skup, to je bila tribina, tu su bili pozvani panelisti da iznesu svoja izlaganja o temi, a tema je bila izno\u0161enje navodno novih \u010dinjenica da se u Srebrenici navodno nije dogodio genocid\u201c, navela je Kandi\u0107, gostuju\u0107i u Danu u\u017eivo.<\/p>\n<p>Ka\u017ee da je sedam, osam u\u010desnika u\u010destvovalo u prezentaciji i debati o sadr\u017eaju tri knjige Vojislava \u0160e\u0161elja, tako da se ne mo\u017ee govoriti\u00a0 o zatvorenom skupu. Ta tribina otvara mnogo vi\u0161e drugih stvari, ka\u017ee go\u0161\u0107a N1, pitaju\u0107i kako to da jedan predsednik stranke nare\u0111uje da se izbacuju oni koji su do\u0161li na tribinu, da on odlu\u010duje ko mo\u017ee a ko ne mo\u017ee da bude na tribini, koju pritom organizuje u javnom prostoru.<\/p>\n<p>\u201eDa li je \u0160e\u0161elj postavljen na neku poziciju u policiji u tu\u017eila\u0161tvu, jer o\u010dito sa ovakvim pona\u0161anjem, sa ovakvim naredbama, on kao da je preuzeo ingerencije nekih dr\u017eavnih institucija\u2026 Onda se postavlja pitanje \u2013 \u0161ta se to doga\u0111a u op\u0161tini Stari grad, koja nije neka radikalska op\u0161tina. To je uvek bila va\u017ena centralna, opoziciona, demokratska op\u0161tina, a onda se tu pokazuje da je predsednik op\u0161tine izabran glasovima radikala\u201c, navela je. On je iz redova opozicije, a u toj op\u0161tini se navodno iznose neki novi dokazi o Srebrenici, dodala je.<\/p>\n<p>A ocenjuje da je sada trenutak za to, i to logi\u010dan\u2026 \u201eOve godine \u0107e biti 25 godina od izvr\u0161enog genocida u Srebrenici, \u010dini se da razne grupe, oni koji pori\u010du i stalno govore\u00a0 \u2013 Ha\u0161ki tribunal to je jedna politi\u010dka konstrukcija doga\u0111aja, postoje neki drugi dokazi, koji do danas nisu izneti. To se doga\u0111a u Republici Srpskoj, tamo je formirana jedna komisija koja ima zadatak da utvrdi \u010dinjenice u vezi sa Srebrenicom\u201c, dodala je.<\/p>\n<p>\u0160e\u0161elj je izdao tri toma o Srebrenici i on po\u010dinje svoju kampanju, ka\u017ee Kandi\u0107, dodaju\u0107i da je videla da je ta sala u op\u0161tini Stari grad bila puna, koja je, dodaje, velika. Bilo je mlade generacije, mogu se videti na Jutjubu aplauzi i podr\u0161ka, to je po\u010detak njegove kampanje, istakla je.<\/p>\n<p>Tog dana smo videli da je najavljena tribina, videli smo ko su govornici, rekli smo da ono \u0161to mo\u017eemo da uradimo je da odemo, navela je Kandi\u0107. \u201eLi\u010dno sam mislila \u2013\u00a0 ne\u0107e se niko usuditi, mora da postoji redarska slu\u017eba, oni su po zakonu obavezni da spre\u010de bilo kakav poku\u0161aj nasilja\u201c, navela je, dodaju\u0107i da je smatrala da neki incident ne\u0107e biti dopu\u0161ten i da \u0107e u zgradi Skup\u0161tine op\u0161tine morati da se po\u0161tuje zakon. Dodaje da nije ni pomislila da \u0107e lider SRS Vojislav \u0160e\u0161elj da ka\u017ee \u201eonako prosta\u010dki, izbacite je\u201c.<\/p>\n<p>\u201eMislila sam da ne\u0161to mogu da ka\u017eem, da \u0107u mo\u0107i da ka\u017eem \u2013 \u010dekajte, donesene su \u010detiri presude za genocid, preko 600 svedoka je saslu\u0161ano o tome \u0161ta se dogodilo. Pa ne mo\u017eemo da ka\u017eemo da svi oficiri Vojske Republike Srpske la\u017eu. Ne mo\u017eemo da ka\u017eemo da je Dragan Obrenovi\u0107 lagao, ako je Momir Nikoli\u0107 ne\u0161to i, da ka\u017eem, preterao u priznavanju krivice, ne mo\u017eemo da ka\u017eemo da je sve Beara po\u010dinio\u2026 Tu su forenzi\u010dki izve\u0161taji, brojni dokazi koji govore koliko je bilo u koloni, koliko je bilo u Potp\u010darima, \u0161ta se u Poto\u010darima doga\u0111alo\u2026 A ne da se sada ovom jadnom dru\u0161tvu serviraju pri\u010de o tome da sada Britanci raspola\u017eu dokazima, da do sada nije bilo javno, ali da \u0107e to potpuno izmeniti celu sliku o tome\u201c, navela je.<\/p>\n<p>Kandi\u0107 je rekla da u Republici Srpskoj, \u201eu vezi sa tom formiranom komisijom, ja\u010da taj jedan organizovani savez o tome da sada treba \u0161to vi\u0161e izmi\u0161ljotina izneti kad je u pitanju Srebrenica\u201c, upravo zato \u0161to je 25 godina od tada.<\/p>\n<p>Kandi\u0107eva je rekla i da je samo njih \u0161estoro oti\u0161lo na \u0160e\u0161eljevu tribinu, da nije bilo reakcija ni iz dr\u017eavnih institucija, ali ni iz opozicije, navode\u0107i da \u201ekao da postoji neka saglasnost \u2013 neka izlazi sa novim izmi\u0161ljotinama, dobro \u0107e nam do\u0107i\u201c.<\/p>\n<p>\u010cini se, ka\u017ee go\u0161\u0107a Dana u\u017eivo, da se nosioci pozicija u institucijama pla\u0161e tih grupa i desnih ekstremisti\u010dkih partija. Dodaje da \u0160e\u0161elj ima neograni\u010denu slobodu.<\/p>\n<p>Kandi\u0107 je ispri\u010dala i da se zapanjila kako je na ovaj doga\u0111aj u op\u0161tini Stari Grad reagovala Politika, navode\u0107i da je taj list ju\u010de objavio tekst u kome se \u0160e\u0161elj, kako ka\u017ee, predstavlja kao neko ko osu\u0111uje ono \u0161to se dogodilo u Srebrenici, a najgore \u0161to se o njemu mo\u017ee re\u0107i, kako je navedeno u tekstu a prenosi Kandi\u0107 \u2013 da povremeno kr\u0161i politi\u010dku korektnost. \u201eIna\u010de se divi Politika njemu koji je neprevazi\u0111eni politiki \u0161oumen, eto on osu\u0111uje, smatra da sve odgovorne za Srebrenicu treba procesuirati. Ali, to \u0161to on ka\u017ee da se u Srebrenici nije dogodio genocid, to se ne pominje\u201c, navela je. Istakla je da je \u0161okirana da ljude u Politici nije sramota da tako predstavljaju \u0160e\u0161elja, kao mirotvorca.<\/p>\n<p>Podse\u0107a da je i premijerka Ana Brnabi\u0107, kako ka\u017ee, odse\u010dno rekla, \u201ekao da spada me\u0111u najve\u0107e eksperte\u201c, da se nije dogodio genocid. \u201eNe znam da li imamo ijednog ministra u Vladi koji je rekao da je Srbija time \u0161to je uhapsila, predala Ha\u0161kom tribunalu one koji su bili optu\u017eeni, pa osu\u0111eni za genocid, da je ona time priznala ne samo nadle\u017enost Ha\u0161kom tribunalu, ve\u0107 je priznala da je obavezna i da hapsi i predaje one koji su optu\u017eeni za genocid. A posle toga, negiranje genocida te\u0161ko da mo\u017ee da se prihvati kao pristup, ako dr\u017eava hapsi i predaje one koji su optu\u017eeni za genocid\u201c, naglasila je.<\/p>\n<p>Kandi\u0107 ka\u017ee da premijerka i ministri predstavljaju veliku opasnost za poziciju Srbije u regionu, za uspostavljanje normalnih\u00a0 dobrosusedskih odnosa \u2013 ako imamo Ivicu Da\u010di\u0107, Aleksandra Vulina kog, kako ka\u017ee, nijedna zemlja u susedstvu ne\u0107e pozvati u prijateljsku posetu ili ako imamo ministra zdravlja Zlatibora Lona\u010dara, koji daje izjavu, posle koje, u bilo kojoj zemlji regiona, ne bi ostao na poziciji ministra.<\/p>\n<p>Izvor: <a href=\"http:\/\/rs.n1info.com\/Vesti\/a568118\/Kandic-Kako-to-da-predsednik-stranke-naredjuje-izbacivanje-u-javnom-prostoru.html\">N1<\/a><\/p>\n","protected":false},"excerpt":{"rendered":"Osniva\u010dica Fonda za humanitarno pravo Nata\u0161a Kandi\u0107 izjavila je, govore\u0107i o incidentu u op\u0161tini Stari grad kada su je napali&#8230; ","protected":false},"author":118,"featured_media":179585,"comment_status":"closed","ping_status":"open","sticky":false,"template":"","format":"standard","meta":{"_acf_changed":false,"footnotes":""},"categories":[2339],"tags":[2346,1818,805],"class_list":["post-179584","post","type-post","status-publish","format-standard","has-post-thumbnail","hentry","category-intervjui","tag-n1","tag-natasa-kandic-bhsc","tag-srebrenica"],"acf":[],"yoast_head":"<!-- This site is optimized with the Yoast SEO plugin v25.6 - https:\/\/yoast.com\/wordpress\/plugins\/seo\/ -->\n<title>Nata\u0161a Kandi\u0107 \u2013 Kako to da predsednik stranke nare\u0111uje izbacivanje u javnom prostoru - REKOM ~ KOMRA ~ RECOM<\/title>\n<meta name=\"robots\" content=\"index, follow, max-snippet:-1, max-image-preview:large, max-video-preview:-1\" \/>\n<link rel=\"canonical\" href=\"https:\/\/www.recom.link\/bhsc\/natasa-kandic-kako-to-da-predsednik-stranke-nareduje-izbacivanje-u-javnom-prostoru\/\" \/>\n<meta property=\"og:locale\" content=\"en_US\" \/>\n<meta property=\"og:type\" content=\"article\" \/>\n<meta property=\"og:title\" content=\"Nata\u0161a Kandi\u0107 \u2013 Kako to da predsednik stranke nare\u0111uje izbacivanje u javnom prostoru - REKOM ~ KOMRA ~ RECOM\" \/>\n<meta property=\"og:description\" content=\"Osniva\u010dica Fonda za humanitarno pravo Nata\u0161a Kandi\u0107 izjavila je, govore\u0107i o incidentu u op\u0161tini Stari grad kada su je napali...\" \/>\n<meta property=\"og:url\" content=\"https:\/\/www.recom.link\/bhsc\/natasa-kandic-kako-to-da-predsednik-stranke-nareduje-izbacivanje-u-javnom-prostoru\/\" \/>\n<meta property=\"og:site_name\" content=\"REKOM ~ KOMRA ~ RECOM\" \/>\n<meta property=\"article:publisher\" content=\"https:\/\/www.facebook.com\/ZaREKOM.PerKOMRA.ForRECOM\/\" \/>\n<meta property=\"article:published_time\" content=\"2020-02-11T14:54:41+00:00\" \/>\n<meta property=\"article:modified_time\" content=\"2020-05-29T17:51:41+00:00\" \/>\n<meta property=\"og:image\" content=\"https:\/\/www.recom.link\/wp-content\/uploads\/2020\/04\/natasa_kandic_dan_uzivo.png\" \/>\n\t<meta property=\"og:image:width\" content=\"770\" \/>\n\t<meta property=\"og:image:height\" content=\"342\" \/>\n\t<meta property=\"og:image:type\" content=\"image\/png\" \/>\n<meta name=\"author\" content=\"Regional REKOM\" \/>\n<meta name=\"twitter:card\" content=\"summary_large_image\" \/>\n<meta name=\"twitter:creator\" content=\"@REKOM_KOMRA\" \/>\n<meta name=\"twitter:site\" content=\"@REKOM_KOMRA\" \/>\n<meta name=\"twitter:label1\" content=\"Written by\" \/>\n\t<meta name=\"twitter:data1\" content=\"Regional REKOM\" \/>\n\t<meta name=\"twitter:label2\" content=\"Est. reading time\" \/>\n\t<meta name=\"twitter:data2\" content=\"6 minutes\" \/>\n<script type=\"application\/ld+json\" class=\"yoast-schema-graph\">{\"@context\":\"https:\/\/schema.org\",\"@graph\":[{\"@type\":\"WebPage\",\"@id\":\"https:\/\/www.recom.link\/bhsc\/natasa-kandic-kako-to-da-predsednik-stranke-nareduje-izbacivanje-u-javnom-prostoru\/\",\"url\":\"https:\/\/www.recom.link\/bhsc\/natasa-kandic-kako-to-da-predsednik-stranke-nareduje-izbacivanje-u-javnom-prostoru\/\",\"name\":\"Nata\u0161a Kandi\u0107 \u2013 Kako to da predsednik stranke nare\u0111uje izbacivanje u javnom prostoru - REKOM ~ KOMRA ~ RECOM\",\"isPartOf\":{\"@id\":\"https:\/\/www.recom.link\/en\/#website\"},\"primaryImageOfPage\":{\"@id\":\"https:\/\/www.recom.link\/bhsc\/natasa-kandic-kako-to-da-predsednik-stranke-nareduje-izbacivanje-u-javnom-prostoru\/#primaryimage\"},\"image\":{\"@id\":\"https:\/\/www.recom.link\/bhsc\/natasa-kandic-kako-to-da-predsednik-stranke-nareduje-izbacivanje-u-javnom-prostoru\/#primaryimage\"},\"thumbnailUrl\":\"https:\/\/www.recom.link\/wp-content\/uploads\/2020\/04\/natasa_kandic_dan_uzivo.png\",\"datePublished\":\"2020-02-11T14:54:41+00:00\",\"dateModified\":\"2020-05-29T17:51:41+00:00\",\"author\":{\"@id\":\"https:\/\/www.recom.link\/en\/#\/schema\/person\/cc2c2e308d6f2d3a7f243aec2307ac58\"},\"breadcrumb\":{\"@id\":\"https:\/\/www.recom.link\/bhsc\/natasa-kandic-kako-to-da-predsednik-stranke-nareduje-izbacivanje-u-javnom-prostoru\/#breadcrumb\"},\"inLanguage\":\"bhsc\",\"potentialAction\":[{\"@type\":\"ReadAction\",\"target\":[\"https:\/\/www.recom.link\/bhsc\/natasa-kandic-kako-to-da-predsednik-stranke-nareduje-izbacivanje-u-javnom-prostoru\/\"]}]},{\"@type\":\"ImageObject\",\"inLanguage\":\"bhsc\",\"@id\":\"https:\/\/www.recom.link\/bhsc\/natasa-kandic-kako-to-da-predsednik-stranke-nareduje-izbacivanje-u-javnom-prostoru\/#primaryimage\",\"url\":\"https:\/\/www.recom.link\/wp-content\/uploads\/2020\/04\/natasa_kandic_dan_uzivo.png\",\"contentUrl\":\"https:\/\/www.recom.link\/wp-content\/uploads\/2020\/04\/natasa_kandic_dan_uzivo.png\",\"width\":770,\"height\":342},{\"@type\":\"BreadcrumbList\",\"@id\":\"https:\/\/www.recom.link\/bhsc\/natasa-kandic-kako-to-da-predsednik-stranke-nareduje-izbacivanje-u-javnom-prostoru\/#breadcrumb\",\"itemListElement\":[{\"@type\":\"ListItem\",\"position\":1,\"name\":\"Home\",\"item\":\"https:\/\/www.recom.link\/en\/\"},{\"@type\":\"ListItem\",\"position\":2,\"name\":\"Nata\u0161a Kandi\u0107 \u2013 Kako to da predsednik stranke nare\u0111uje izbacivanje u javnom prostoru\"}]},{\"@type\":\"WebSite\",\"@id\":\"https:\/\/www.recom.link\/en\/#website\",\"url\":\"https:\/\/www.recom.link\/en\/\",\"name\":\"REKOM ~ KOMRA ~ RECOM\",\"description\":\"\",\"potentialAction\":[{\"@type\":\"SearchAction\",\"target\":{\"@type\":\"EntryPoint\",\"urlTemplate\":\"https:\/\/www.recom.link\/en\/?s={search_term_string}\"},\"query-input\":{\"@type\":\"PropertyValueSpecification\",\"valueRequired\":true,\"valueName\":\"search_term_string\"}}],\"inLanguage\":\"bhsc\"},{\"@type\":\"Person\",\"@id\":\"https:\/\/www.recom.link\/en\/#\/schema\/person\/cc2c2e308d6f2d3a7f243aec2307ac58\",\"name\":\"Regional REKOM\",\"image\":{\"@type\":\"ImageObject\",\"inLanguage\":\"bhsc\",\"@id\":\"https:\/\/www.recom.link\/en\/#\/schema\/person\/image\/\",\"url\":\"https:\/\/secure.gravatar.com\/avatar\/a89a9f9b53d07d4e03aee729123e3da9?s=96&d=mm&r=g\",\"contentUrl\":\"https:\/\/secure.gravatar.com\/avatar\/a89a9f9b53d07d4e03aee729123e3da9?s=96&d=mm&r=g\",\"caption\":\"Regional REKOM\"},\"sameAs\":[\"https:\/\/www.recom.link\"],\"url\":\"https:\/\/www.recom.link\/bhsc\/author\/regional-rekom\/\"}]}<\/script>\n<!-- \/ Yoast SEO plugin. -->","yoast_head_json":{"title":"Nata\u0161a Kandi\u0107 \u2013 Kako to da predsednik stranke nare\u0111uje izbacivanje u javnom prostoru - REKOM ~ KOMRA ~ RECOM","robots":{"index":"index","follow":"follow","max-snippet":"max-snippet:-1","max-image-preview":"max-image-preview:large","max-video-preview":"max-video-preview:-1"},"canonical":"https:\/\/www.recom.link\/bhsc\/natasa-kandic-kako-to-da-predsednik-stranke-nareduje-izbacivanje-u-javnom-prostoru\/","og_locale":"en_US","og_type":"article","og_title":"Nata\u0161a Kandi\u0107 \u2013 Kako to da predsednik stranke nare\u0111uje izbacivanje u javnom prostoru - REKOM ~ KOMRA ~ RECOM","og_description":"Osniva\u010dica Fonda za humanitarno pravo Nata\u0161a Kandi\u0107 izjavila je, govore\u0107i o incidentu u op\u0161tini Stari grad kada su je napali...","og_url":"https:\/\/www.recom.link\/bhsc\/natasa-kandic-kako-to-da-predsednik-stranke-nareduje-izbacivanje-u-javnom-prostoru\/","og_site_name":"REKOM ~ KOMRA ~ RECOM","article_publisher":"https:\/\/www.facebook.com\/ZaREKOM.PerKOMRA.ForRECOM\/","article_published_time":"2020-02-11T14:54:41+00:00","article_modified_time":"2020-05-29T17:51:41+00:00","og_image":[{"width":770,"height":342,"url":"https:\/\/www.recom.link\/wp-content\/uploads\/2020\/04\/natasa_kandic_dan_uzivo.png","type":"image\/png"}],"author":"Regional REKOM","twitter_card":"summary_large_image","twitter_creator":"@REKOM_KOMRA","twitter_site":"@REKOM_KOMRA","twitter_misc":{"Written by":"Regional REKOM","Est. reading time":"6 minutes"},"schema":{"@context":"https:\/\/schema.org","@graph":[{"@type":"WebPage","@id":"https:\/\/www.recom.link\/bhsc\/natasa-kandic-kako-to-da-predsednik-stranke-nareduje-izbacivanje-u-javnom-prostoru\/","url":"https:\/\/www.recom.link\/bhsc\/natasa-kandic-kako-to-da-predsednik-stranke-nareduje-izbacivanje-u-javnom-prostoru\/","name":"Nata\u0161a Kandi\u0107 \u2013 Kako to da predsednik stranke nare\u0111uje izbacivanje u javnom prostoru - REKOM ~ KOMRA ~ RECOM","isPartOf":{"@id":"https:\/\/www.recom.link\/en\/#website"},"primaryImageOfPage":{"@id":"https:\/\/www.recom.link\/bhsc\/natasa-kandic-kako-to-da-predsednik-stranke-nareduje-izbacivanje-u-javnom-prostoru\/#primaryimage"},"image":{"@id":"https:\/\/www.recom.link\/bhsc\/natasa-kandic-kako-to-da-predsednik-stranke-nareduje-izbacivanje-u-javnom-prostoru\/#primaryimage"},"thumbnailUrl":"https:\/\/www.recom.link\/wp-content\/uploads\/2020\/04\/natasa_kandic_dan_uzivo.png","datePublished":"2020-02-11T14:54:41+00:00","dateModified":"2020-05-29T17:51:41+00:00","author":{"@id":"https:\/\/www.recom.link\/en\/#\/schema\/person\/cc2c2e308d6f2d3a7f243aec2307ac58"},"breadcrumb":{"@id":"https:\/\/www.recom.link\/bhsc\/natasa-kandic-kako-to-da-predsednik-stranke-nareduje-izbacivanje-u-javnom-prostoru\/#breadcrumb"},"inLanguage":"bhsc","potentialAction":[{"@type":"ReadAction","target":["https:\/\/www.recom.link\/bhsc\/natasa-kandic-kako-to-da-predsednik-stranke-nareduje-izbacivanje-u-javnom-prostoru\/"]}]},{"@type":"ImageObject","inLanguage":"bhsc","@id":"https:\/\/www.recom.link\/bhsc\/natasa-kandic-kako-to-da-predsednik-stranke-nareduje-izbacivanje-u-javnom-prostoru\/#primaryimage","url":"https:\/\/www.recom.link\/wp-content\/uploads\/2020\/04\/natasa_kandic_dan_uzivo.png","contentUrl":"https:\/\/www.recom.link\/wp-content\/uploads\/2020\/04\/natasa_kandic_dan_uzivo.png","width":770,"height":342},{"@type":"BreadcrumbList","@id":"https:\/\/www.recom.link\/bhsc\/natasa-kandic-kako-to-da-predsednik-stranke-nareduje-izbacivanje-u-javnom-prostoru\/#breadcrumb","itemListElement":[{"@type":"ListItem","position":1,"name":"Home","item":"https:\/\/www.recom.link\/en\/"},{"@type":"ListItem","position":2,"name":"Nata\u0161a Kandi\u0107 \u2013 Kako to da predsednik stranke nare\u0111uje izbacivanje u javnom prostoru"}]},{"@type":"WebSite","@id":"https:\/\/www.recom.link\/en\/#website","url":"https:\/\/www.recom.link\/en\/","name":"REKOM ~ KOMRA ~ RECOM","description":"","potentialAction":[{"@type":"SearchAction","target":{"@type":"EntryPoint","urlTemplate":"https:\/\/www.recom.link\/en\/?s={search_term_string}"},"query-input":{"@type":"PropertyValueSpecification","valueRequired":true,"valueName":"search_term_string"}}],"inLanguage":"bhsc"},{"@type":"Person","@id":"https:\/\/www.recom.link\/en\/#\/schema\/person\/cc2c2e308d6f2d3a7f243aec2307ac58","name":"Regional REKOM","image":{"@type":"ImageObject","inLanguage":"bhsc","@id":"https:\/\/www.recom.link\/en\/#\/schema\/person\/image\/","url":"https:\/\/secure.gravatar.com\/avatar\/a89a9f9b53d07d4e03aee729123e3da9?s=96&d=mm&r=g","contentUrl":"https:\/\/secure.gravatar.com\/avatar\/a89a9f9b53d07d4e03aee729123e3da9?s=96&d=mm&r=g","caption":"Regional REKOM"},"sameAs":["https:\/\/www.recom.link"],"url":"https:\/\/www.recom.link\/bhsc\/author\/regional-rekom\/"}]}},"_links":{"self":[{"href":"https:\/\/www.recom.link\/bhsc\/wp-json\/wp\/v2\/posts\/179584"}],"collection":[{"href":"https:\/\/www.recom.link\/bhsc\/wp-json\/wp\/v2\/posts"}],"about":[{"href":"https:\/\/www.recom.link\/bhsc\/wp-json\/wp\/v2\/types\/post"}],"author":[{"embeddable":true,"href":"https:\/\/www.recom.link\/bhsc\/wp-json\/wp\/v2\/users\/118"}],"replies":[{"embeddable":true,"href":"https:\/\/www.recom.link\/bhsc\/wp-json\/wp\/v2\/comments?post=179584"}],"version-history":[{"count":1,"href":"https:\/\/www.recom.link\/bhsc\/wp-json\/wp\/v2\/posts\/179584\/revisions"}],"predecessor-version":[{"id":179590,"href":"https:\/\/www.recom.link\/bhsc\/wp-json\/wp\/v2\/posts\/179584\/revisions\/179590"}],"wp:featuredmedia":[{"embeddable":true,"href":"https:\/\/www.recom.link\/bhsc\/wp-json\/wp\/v2\/media\/179585"}],"wp:attachment":[{"href":"https:\/\/www.recom.link\/bhsc\/wp-json\/wp\/v2\/media?parent=179584"}],"wp:term":[{"taxonomy":"category","embeddable":true,"href":"https:\/\/www.recom.link\/bhsc\/wp-json\/wp\/v2\/categories?post=179584"},{"taxonomy":"post_tag","embeddable":true,"href":"https:\/\/www.recom.link\/bhsc\/wp-json\/wp\/v2\/tags?post=179584"}],"curies":[{"name":"wp","href":"https:\/\/api.w.org\/{rel}","templated":true}]}}