{"id":146755,"date":"2019-05-07T00:00:00","date_gmt":"2019-05-06T23:00:00","guid":{"rendered":"http:\/\/localhost\/newRecom\/marciacq-pomirenje-vise-nije-prioritet-eu-na-balkanu-4\/"},"modified":"2020-04-04T22:02:26","modified_gmt":"2020-04-04T21:02:26","slug":"marciacq-pomirenje-vise-nije-prioritet-eu-na-balkanu-4","status":"publish","type":"post","link":"https:\/\/www.recom.link\/bhsc\/marciacq-pomirenje-vise-nije-prioritet-eu-na-balkanu-4\/","title":{"rendered":"Marciacq: Pomirenje vi\u0161e nije prioritet EU na Balkanu"},"content":{"rendered":"\n<figure class=\"wp-block-image\"><img decoding=\"async\" src=\"http:\/\/recom.link\/wp-content\/uploads\/2019\/05\/5122B50C-7073-44F5-9C51-74B5E24AD389_cx0_cy6_cw0_w1023_r1_s.jpg\" alt=\"\" class=\"wp-image-164472\"\/><figcaption>Predsjednik Republike Srpske Milorad Dodik i supruga i k\u0107erka ratnog zlo\u010dinca Radovana Karad\u017ei\u0107a na Palama otvaraju studentski dom nazvan po njemu, 20. mart 2016.<br><br><\/figcaption><\/figure>\n\n\n\n<p>Evropska unija se na Zapadnom Balkanu fokusirala na pitanje sigurnosti i stabilnosti, dok pomirenje nije visoko na listi prioriteta pa stoga izostaje sna\u017ena reakcija Evropske komisije na negiranje presude Ha\u0161kog tribunala za Radovana Karad\u017ei\u0107a za genocid i ratne zlo\u010dine i njegovo veli\u010danje od strane vlasti u Republici Srpskoj, ka\u017ee za &#8216;Za\u0161to?&#8217; Florent Marciacq iz Austrijsko-francuskog Centra za pribli\u017eavanje u Evropi.<\/p>\n\n\n\n<h2 class=\"wp-block-heading\">Narativ<\/h2>\n\n\n\n<p>Postoji mnogo razloga za to.<\/p>\n\n\n\n<p>Prije svega, mislim da ima nekih promjena po pitanju pomirenja i govora mr\u017enje i to se nekako polako vra\u0107a na agendu Komisije. To od po\u010detka nikada nije bilo visoko na listi prioriteta, a onda je tokom godina manje-vi\u0161e nestalo.<\/p>\n\n\n\n<p>U posljednjih nekoliko mjeseci je bilo sve vi\u0161e izjava u znak podr\u0161ke pomirenju, po\u010dev\u0161i od REKOM-a i podr\u0161ke su\u0111enjima kako bi se podr\u017eao rad REKOM-a.<\/p>\n\n\n\n<p>Nedavno je tako\u0111er bila izjava direktora Direktorata za pro\u0161irenje Christiana Danielssona u Var\u0161avi u kojoj se nagla\u0161ava va\u017enost pomirenja i suprostavljanja revizionisti\u010dkim stavovima, govoru mr\u017enje i tako dalje, naro\u010dito u BiH.<\/p>\n\n\n\n<p>Mislim da se ova vrsta narativa vra\u0107a ali, moram to priznati, jo\u0161 nije eskalirala, jo\u0161 nije jaka.<br><\/p>\n\n\n\n<h2 class=\"wp-block-heading\">Garancija stabilnosti<\/h2>\n\n\n\n<p>Iako \u0107ete na\u0107i pomirenje kao dio strategije za Zapadni Balkan mislim da je do\u0161lo do malog otklona u smislu prioriteta.<\/p>\n\n\n\n<p>Zemlje \u010dlanice, koje rukovode Berlinskim procesom, a sada i svim pitanjima u vezi pro\u0161irenja, su me\u0111u prioritete stavile druga ciljeve, kao \u0161to je stabilnost, koja je o\u010digledno bila prioritet zadnjih desetak godina, ispred demokratije i pomirenja.<\/p>\n\n\n\n<p>Ako pogledamo, na primjer, posljednji samit u Berlinu, on je bio oko stabilnosti i politike sigurnosti u regionu, i tu nema pomirenja. Deklaracija francuskog predsjednika Emmanuela Macrona iznosi cilj za zemlje \u010dlanice da garantuju stabilnost u regionu.<\/p>\n\n\n\n<p>Pomirenje ne kotira visoko me\u0111u prioritetima iako bi Komisija sada mogla poku\u0161ati da to progura.<\/p>\n\n\n\n<h2 class=\"wp-block-heading\">\u200b<strong>Jednostrano gledanje na stvari<\/strong><\/h2>\n\n\n\n<p>Zbog toga imamo ovu veoma \u010dudnu situaciju da imamo revizionisti\u010dke izjave od strane lidera u Republici Srpskoj i nedovoljno jak odgovor zbog razli\u010ditih ciljeva koji su u igri.<\/p>\n\n\n\n<p>Mo\u017eda ima i drugi razlog, koji je istorijski dio DNK Evropske unije.<\/p>\n\n\n\n<p>EU voli dobre pri\u010de i dobre vijesti a sada stvari ne idu tako dobro &#8212; mada moramo priznati da nisu i\u0161le dobro ni u posljednjih desetak godina &#8212; uprkos svim naporima EU i Berlinskom procesu.<\/p>\n\n\n\n<p>U Berlinu je bio sada odr\u017ean ovaj samit koji nije bio ba\u0161 uspje\u0161an i nad cijelim ovim procesom je znak pitanje jer nije donio ba\u0161 neku promjenu, a imamo i zastoj u dijalogu izme\u0111u Kosova i Srbije i vi\u0161e tenzija nego prije nekoliko godina.<\/p>\n\n\n\n<p>Tako da oni vole dobre vijesti kao sto je ponovno otvaranje d\u017eamije u Fo\u010di, \u0161to predstavlja jednu druga\u010diju sliku stvarnosti, i tu se radi o jednom selektivnom samo\u010destitaju\u0107em refleksu i jednostranom gledanju na stvari.<br><\/p>\n\n\n\n<h2 class=\"wp-block-heading\">Vu\u010di\u0107eva dvosmislenost<\/h2>\n\n\n\n<p>Vu\u010dic je veliki takti\u010dar i igra takti\u010dki veoma dobro. Kada je bila prvostepena presuda Karad\u017ei\u0107u reakcija iz Srbije je bila negativnija, a ovaj put Srbija se uzdr\u017eala od komentarisanja.<\/p>\n\n\n\n<p>Mislim da to radi jer je sve bacila na Kosovo i ne \u017eeli polarizirati EU jer \u017eeli ste\u0107i neku prednost i pregovara\u010dku mo\u0107.<\/p>\n\n\n\n<p>Ako Vu\u010di\u0107 i Srbija po\u010dnu ovo komentarisati na negativan na\u010din i minimizirati presudu to \u0107e biti lo\u0161e za imid\u017e Srbije.<\/p>\n\n\n\n<p>Vu\u010di\u0107 tako\u0111er ne \u017eeli da se suprotstavi Srbima, jer ako pogledate njegove izjave, on stalno govori da ako EU ne pomogne na Kosovu onda \u0107e predsjednik braniti Srbe.<\/p>\n\n\n\n<p>On naravno garantuje suverenitet BiH i ne \u017eeli da to dovede u pitanje, ali uvijek postoje jedna dvosmislenost jer on shvata da njegov kapacitet po\u010diva na tome da se Srbima obra\u0107a kao nacionalisti\u010dki lider.<\/p>\n\n\n\n<p>Zato slijedi srednju liniju i uzdr\u017eava se od komentara.<\/p>\n\n\n\n<h2 class=\"wp-block-heading\">Kredibilitet Ha\u0161kog tribunala<\/h2>\n\n\n\n<p>Kada \u010dlanice EU ne predvode primjerom i ne pokazuju put naprijed, a to se odnosi na reakciju Zagreba na ha\u0161ku presudu liderima bosanskih Hrvata ali i, kao \u0161to smo vidjeli u Ma\u0111arskoj i Poljskoj, na demokratske slobode, demokratske reforme, vladavinu prava i pravosudne reforme, onda je veoma lako liderima u regionu da imaju interes za odr\u017eavanjem statusa quo i da ka\u017eu da postoje dupli standardi, &#8216;za\u0161to bi mi trebali biti vi\u0161e posve\u0107eni nego nove \u010dlanice EU&#8217;.<\/p>\n\n\n\n<p>To vrlo jasno \u0161alje jako lo\u0161 signal i to tako\u0111er \u010dini EU manje privla\u010dnom.<\/p>\n\n\n\n<p>Onda je to \u010disto utilitaristi\u010dko kori\u0161tenje situacije i svaljivanje krivice na EU za probleme u toj zemlji.<\/p>\n\n\n\n<p>Ali \u0161to se ti\u010de presude za zlo\u010dine u BiH, bez obzira na ono \u0161to ka\u017eu \u010dlanice EU, ona treba biti ocijenjena sama po sebi i kroz kredibilitet Ha\u0161kog tribunala, a ne po tome da li \u010dlanice EU to priznaju i na koji na\u010din to priznaju.<\/p>\n\n\n\n<h2 class=\"wp-block-heading\">Demokratski i drugi na\u010dini<\/h2>\n\n\n\n<p>Kratkoro\u010dno, veoma sumnjam da interetni\u010dke tenzije mogu dovesti do neke eksplozije.<\/p>\n\n\n\n<p>Kada gledamo na presudu Karad\u017ei\u0107u, bilo je potrebno 11 godina da s do\u0111e do nje, a u me\u0111uvremenu stavovi se nisu promijenili, ljudi su ostali naviknuti na ova dru\u0161tva koje se nisu pomirila.<\/p>\n\n\n\n<p>Ljudi, uklju\u010duju\u0107i i lidere, imaju interes u tome da zadr\u017ee status quo i dru\u0161tva koja se nisu pomirila.<\/p>\n\n\n\n<p>To je vrlo lo\u0161 status quo ali veoma sumnjam u to da bi ljudi i vo\u0111e imali interes da pogor\u0161aju ovaj status i da ga negativno promijene u eksploziju.<\/p>\n\n\n\n<p>Ipak, stvari mogu izbje\u0107i kontroli na malom nivou jer kada nemate nadu da \u0107ete zahtjeve ostvariti na demokratski na\u010din, onda pribjegavate drugim na\u010dinima, a isto va\u017ei i za nacionaliste.<\/p>\n\n\n\n<h2 class=\"wp-block-heading\">Nedostatak perspektive<\/h2>\n\n\n\n<p>Te\u0161ko je imati neki predvidljiv put kada pro\u0161lost te\u017ei tako mnogo i sputava vas, ali sumnjam da stvari mogu oti\u0107i na drugu stranu.<\/p>\n\n\n\n<p>Bio bih ipak zabrinut nedostatkom perspektive koja je goru\u0107i problem, uklju\u010duju\u0107i i u BiH, i veliki broj mladih ljudi bi \u017eeljeli emigrirati stvaraju\u0107i zemlje koje su ispra\u017enjene od ljudi i vje\u0161tina i onda ostaju samo ljudi koji su na platnom spisku vladaju\u0107e partije, stariji ili ljudi koji imaju mo\u0107.<\/p>\n\n\n\n<p>Po mom mi\u0161ljenju, ovaj nedostatak perspektive je ne\u0161to \u0161to uz gra\u0111anske pokrete, ne samo u BiH ve\u0107 i u regionu, u jednom momentu mo\u017ee stvoriti nestabilnost.<\/p>\n\n\n\n<p>Zemlje \u010dlanice se fokusiraju samo na &#8220;tvrdu&#8221; sigurnost, a manje na &#8220;meku&#8221; sigurnost kao \u0161to pomirenje i ako se time ne pozabavimo, u jednom momentu mo\u017eemo imati ljude koji su o\u010dajni za promjenom zbog nedostatka perspektive.<\/p>\n\n\n\n<p>Oni \u0107e onda oti\u0107i ili \u0107e boriti na razli\u010dite na\u010dine.<\/p>\n\n\n\n<p>Objavljeno na <a href=\"https:\/\/www.slobodnaevropa.org\/a\/marciacq-pomirenje-vie-nije-prioritet-eu-na-balkanu\/29927531.html\">Radio Slobodna Evropa<\/a>, 07.05.2019)<\/p>\n","protected":false},"excerpt":{"rendered":"Evropska unija se na Zapadnom Balkanu fokusirala na pitanje sigurnosti i stabilnosti, dok pomirenje nije visoko na listi prioriteta pa&#8230; ","protected":false},"author":116,"featured_media":168460,"comment_status":"closed","ping_status":"closed","sticky":false,"template":"","format":"standard","meta":{"_acf_changed":false,"footnotes":""},"categories":[1707],"tags":[],"class_list":["post-146755","post","type-post","status-publish","format-standard","has-post-thumbnail","hentry","category-pomirenje"],"acf":[],"yoast_head":"<!-- This site is optimized with the Yoast SEO plugin v25.6 - https:\/\/yoast.com\/wordpress\/plugins\/seo\/ -->\n<title>Marciacq: Pomirenje vi\u0161e nije prioritet EU na Balkanu - REKOM ~ KOMRA ~ RECOM<\/title>\n<meta name=\"robots\" content=\"index, follow, max-snippet:-1, max-image-preview:large, max-video-preview:-1\" \/>\n<link rel=\"canonical\" href=\"https:\/\/www.recom.link\/bhsc\/marciacq-pomirenje-vise-nije-prioritet-eu-na-balkanu-4\/\" \/>\n<meta property=\"og:locale\" content=\"en_US\" \/>\n<meta property=\"og:type\" content=\"article\" \/>\n<meta property=\"og:title\" content=\"Marciacq: Pomirenje vi\u0161e nije prioritet EU na Balkanu - REKOM ~ KOMRA ~ RECOM\" \/>\n<meta property=\"og:description\" content=\"Evropska unija se na Zapadnom Balkanu fokusirala na pitanje sigurnosti i stabilnosti, dok pomirenje nije visoko na listi prioriteta pa...\" \/>\n<meta property=\"og:url\" content=\"https:\/\/www.recom.link\/bhsc\/marciacq-pomirenje-vise-nije-prioritet-eu-na-balkanu-4\/\" \/>\n<meta property=\"og:site_name\" content=\"REKOM ~ KOMRA ~ RECOM\" \/>\n<meta property=\"article:publisher\" content=\"https:\/\/www.facebook.com\/ZaREKOM.PerKOMRA.ForRECOM\/\" \/>\n<meta property=\"article:published_time\" content=\"2019-05-06T23:00:00+00:00\" \/>\n<meta property=\"article:modified_time\" content=\"2020-04-04T21:02:26+00:00\" \/>\n<meta property=\"og:image\" content=\"https:\/\/www.recom.link\/wp-content\/uploads\/2019\/05\/5122B50C-7073-44F5-9C51-74B5E24AD389_cx0_cy6_cw0_w1023_r1_s-1-8.jpg\" \/>\n\t<meta property=\"og:image:width\" content=\"1023\" \/>\n\t<meta property=\"og:image:height\" content=\"575\" \/>\n\t<meta property=\"og:image:type\" content=\"image\/jpeg\" \/>\n<meta name=\"author\" content=\"mihajlo\" \/>\n<meta name=\"twitter:card\" content=\"summary_large_image\" \/>\n<meta name=\"twitter:creator\" content=\"@REKOM_KOMRA\" \/>\n<meta name=\"twitter:site\" content=\"@REKOM_KOMRA\" \/>\n<meta name=\"twitter:label1\" content=\"Written by\" \/>\n\t<meta name=\"twitter:data1\" content=\"mihajlo\" \/>\n\t<meta name=\"twitter:label2\" content=\"Est. reading time\" \/>\n\t<meta name=\"twitter:data2\" content=\"6 minutes\" \/>\n<script type=\"application\/ld+json\" class=\"yoast-schema-graph\">{\"@context\":\"https:\/\/schema.org\",\"@graph\":[{\"@type\":\"WebPage\",\"@id\":\"https:\/\/www.recom.link\/bhsc\/marciacq-pomirenje-vise-nije-prioritet-eu-na-balkanu-4\/\",\"url\":\"https:\/\/www.recom.link\/bhsc\/marciacq-pomirenje-vise-nije-prioritet-eu-na-balkanu-4\/\",\"name\":\"Marciacq: Pomirenje vi\u0161e nije prioritet EU na Balkanu - REKOM ~ KOMRA ~ RECOM\",\"isPartOf\":{\"@id\":\"https:\/\/www.recom.link\/en\/#website\"},\"primaryImageOfPage\":{\"@id\":\"https:\/\/www.recom.link\/bhsc\/marciacq-pomirenje-vise-nije-prioritet-eu-na-balkanu-4\/#primaryimage\"},\"image\":{\"@id\":\"https:\/\/www.recom.link\/bhsc\/marciacq-pomirenje-vise-nije-prioritet-eu-na-balkanu-4\/#primaryimage\"},\"thumbnailUrl\":\"https:\/\/www.recom.link\/wp-content\/uploads\/2019\/05\/5122B50C-7073-44F5-9C51-74B5E24AD389_cx0_cy6_cw0_w1023_r1_s-1-8.jpg\",\"datePublished\":\"2019-05-06T23:00:00+00:00\",\"dateModified\":\"2020-04-04T21:02:26+00:00\",\"author\":{\"@id\":\"https:\/\/www.recom.link\/en\/#\/schema\/person\/c0862c436fe4eedec04aac0a2fb07530\"},\"breadcrumb\":{\"@id\":\"https:\/\/www.recom.link\/bhsc\/marciacq-pomirenje-vise-nije-prioritet-eu-na-balkanu-4\/#breadcrumb\"},\"inLanguage\":\"bhsc\",\"potentialAction\":[{\"@type\":\"ReadAction\",\"target\":[\"https:\/\/www.recom.link\/bhsc\/marciacq-pomirenje-vise-nije-prioritet-eu-na-balkanu-4\/\"]}]},{\"@type\":\"ImageObject\",\"inLanguage\":\"bhsc\",\"@id\":\"https:\/\/www.recom.link\/bhsc\/marciacq-pomirenje-vise-nije-prioritet-eu-na-balkanu-4\/#primaryimage\",\"url\":\"https:\/\/www.recom.link\/wp-content\/uploads\/2019\/05\/5122B50C-7073-44F5-9C51-74B5E24AD389_cx0_cy6_cw0_w1023_r1_s-1-8.jpg\",\"contentUrl\":\"https:\/\/www.recom.link\/wp-content\/uploads\/2019\/05\/5122B50C-7073-44F5-9C51-74B5E24AD389_cx0_cy6_cw0_w1023_r1_s-1-8.jpg\",\"width\":1023,\"height\":575},{\"@type\":\"BreadcrumbList\",\"@id\":\"https:\/\/www.recom.link\/bhsc\/marciacq-pomirenje-vise-nije-prioritet-eu-na-balkanu-4\/#breadcrumb\",\"itemListElement\":[{\"@type\":\"ListItem\",\"position\":1,\"name\":\"Home\",\"item\":\"https:\/\/www.recom.link\/en\/\"},{\"@type\":\"ListItem\",\"position\":2,\"name\":\"Marciacq: Pomirenje vi\u0161e nije prioritet EU na Balkanu\"}]},{\"@type\":\"WebSite\",\"@id\":\"https:\/\/www.recom.link\/en\/#website\",\"url\":\"https:\/\/www.recom.link\/en\/\",\"name\":\"REKOM ~ KOMRA ~ RECOM\",\"description\":\"\",\"potentialAction\":[{\"@type\":\"SearchAction\",\"target\":{\"@type\":\"EntryPoint\",\"urlTemplate\":\"https:\/\/www.recom.link\/en\/?s={search_term_string}\"},\"query-input\":{\"@type\":\"PropertyValueSpecification\",\"valueRequired\":true,\"valueName\":\"search_term_string\"}}],\"inLanguage\":\"bhsc\"},{\"@type\":\"Person\",\"@id\":\"https:\/\/www.recom.link\/en\/#\/schema\/person\/c0862c436fe4eedec04aac0a2fb07530\",\"name\":\"mihajlo\",\"image\":{\"@type\":\"ImageObject\",\"inLanguage\":\"bhsc\",\"@id\":\"https:\/\/www.recom.link\/en\/#\/schema\/person\/image\/\",\"url\":\"https:\/\/secure.gravatar.com\/avatar\/fdf797cd3492e4836264e464108a55ee?s=96&d=mm&r=g\",\"contentUrl\":\"https:\/\/secure.gravatar.com\/avatar\/fdf797cd3492e4836264e464108a55ee?s=96&d=mm&r=g\",\"caption\":\"mihajlo\"},\"url\":\"https:\/\/www.recom.link\/bhsc\/author\/mihajlo\/\"}]}<\/script>\n<!-- \/ Yoast SEO plugin. -->","yoast_head_json":{"title":"Marciacq: Pomirenje vi\u0161e nije prioritet EU na Balkanu - REKOM ~ KOMRA ~ RECOM","robots":{"index":"index","follow":"follow","max-snippet":"max-snippet:-1","max-image-preview":"max-image-preview:large","max-video-preview":"max-video-preview:-1"},"canonical":"https:\/\/www.recom.link\/bhsc\/marciacq-pomirenje-vise-nije-prioritet-eu-na-balkanu-4\/","og_locale":"en_US","og_type":"article","og_title":"Marciacq: Pomirenje vi\u0161e nije prioritet EU na Balkanu - REKOM ~ KOMRA ~ RECOM","og_description":"Evropska unija se na Zapadnom Balkanu fokusirala na pitanje sigurnosti i stabilnosti, dok pomirenje nije visoko na listi prioriteta pa...","og_url":"https:\/\/www.recom.link\/bhsc\/marciacq-pomirenje-vise-nije-prioritet-eu-na-balkanu-4\/","og_site_name":"REKOM ~ KOMRA ~ RECOM","article_publisher":"https:\/\/www.facebook.com\/ZaREKOM.PerKOMRA.ForRECOM\/","article_published_time":"2019-05-06T23:00:00+00:00","article_modified_time":"2020-04-04T21:02:26+00:00","og_image":[{"width":1023,"height":575,"url":"https:\/\/www.recom.link\/wp-content\/uploads\/2019\/05\/5122B50C-7073-44F5-9C51-74B5E24AD389_cx0_cy6_cw0_w1023_r1_s-1-8.jpg","type":"image\/jpeg"}],"author":"mihajlo","twitter_card":"summary_large_image","twitter_creator":"@REKOM_KOMRA","twitter_site":"@REKOM_KOMRA","twitter_misc":{"Written by":"mihajlo","Est. reading time":"6 minutes"},"schema":{"@context":"https:\/\/schema.org","@graph":[{"@type":"WebPage","@id":"https:\/\/www.recom.link\/bhsc\/marciacq-pomirenje-vise-nije-prioritet-eu-na-balkanu-4\/","url":"https:\/\/www.recom.link\/bhsc\/marciacq-pomirenje-vise-nije-prioritet-eu-na-balkanu-4\/","name":"Marciacq: Pomirenje vi\u0161e nije prioritet EU na Balkanu - REKOM ~ KOMRA ~ RECOM","isPartOf":{"@id":"https:\/\/www.recom.link\/en\/#website"},"primaryImageOfPage":{"@id":"https:\/\/www.recom.link\/bhsc\/marciacq-pomirenje-vise-nije-prioritet-eu-na-balkanu-4\/#primaryimage"},"image":{"@id":"https:\/\/www.recom.link\/bhsc\/marciacq-pomirenje-vise-nije-prioritet-eu-na-balkanu-4\/#primaryimage"},"thumbnailUrl":"https:\/\/www.recom.link\/wp-content\/uploads\/2019\/05\/5122B50C-7073-44F5-9C51-74B5E24AD389_cx0_cy6_cw0_w1023_r1_s-1-8.jpg","datePublished":"2019-05-06T23:00:00+00:00","dateModified":"2020-04-04T21:02:26+00:00","author":{"@id":"https:\/\/www.recom.link\/en\/#\/schema\/person\/c0862c436fe4eedec04aac0a2fb07530"},"breadcrumb":{"@id":"https:\/\/www.recom.link\/bhsc\/marciacq-pomirenje-vise-nije-prioritet-eu-na-balkanu-4\/#breadcrumb"},"inLanguage":"bhsc","potentialAction":[{"@type":"ReadAction","target":["https:\/\/www.recom.link\/bhsc\/marciacq-pomirenje-vise-nije-prioritet-eu-na-balkanu-4\/"]}]},{"@type":"ImageObject","inLanguage":"bhsc","@id":"https:\/\/www.recom.link\/bhsc\/marciacq-pomirenje-vise-nije-prioritet-eu-na-balkanu-4\/#primaryimage","url":"https:\/\/www.recom.link\/wp-content\/uploads\/2019\/05\/5122B50C-7073-44F5-9C51-74B5E24AD389_cx0_cy6_cw0_w1023_r1_s-1-8.jpg","contentUrl":"https:\/\/www.recom.link\/wp-content\/uploads\/2019\/05\/5122B50C-7073-44F5-9C51-74B5E24AD389_cx0_cy6_cw0_w1023_r1_s-1-8.jpg","width":1023,"height":575},{"@type":"BreadcrumbList","@id":"https:\/\/www.recom.link\/bhsc\/marciacq-pomirenje-vise-nije-prioritet-eu-na-balkanu-4\/#breadcrumb","itemListElement":[{"@type":"ListItem","position":1,"name":"Home","item":"https:\/\/www.recom.link\/en\/"},{"@type":"ListItem","position":2,"name":"Marciacq: Pomirenje vi\u0161e nije prioritet EU na Balkanu"}]},{"@type":"WebSite","@id":"https:\/\/www.recom.link\/en\/#website","url":"https:\/\/www.recom.link\/en\/","name":"REKOM ~ KOMRA ~ RECOM","description":"","potentialAction":[{"@type":"SearchAction","target":{"@type":"EntryPoint","urlTemplate":"https:\/\/www.recom.link\/en\/?s={search_term_string}"},"query-input":{"@type":"PropertyValueSpecification","valueRequired":true,"valueName":"search_term_string"}}],"inLanguage":"bhsc"},{"@type":"Person","@id":"https:\/\/www.recom.link\/en\/#\/schema\/person\/c0862c436fe4eedec04aac0a2fb07530","name":"mihajlo","image":{"@type":"ImageObject","inLanguage":"bhsc","@id":"https:\/\/www.recom.link\/en\/#\/schema\/person\/image\/","url":"https:\/\/secure.gravatar.com\/avatar\/fdf797cd3492e4836264e464108a55ee?s=96&d=mm&r=g","contentUrl":"https:\/\/secure.gravatar.com\/avatar\/fdf797cd3492e4836264e464108a55ee?s=96&d=mm&r=g","caption":"mihajlo"},"url":"https:\/\/www.recom.link\/bhsc\/author\/mihajlo\/"}]}},"_links":{"self":[{"href":"https:\/\/www.recom.link\/bhsc\/wp-json\/wp\/v2\/posts\/146755"}],"collection":[{"href":"https:\/\/www.recom.link\/bhsc\/wp-json\/wp\/v2\/posts"}],"about":[{"href":"https:\/\/www.recom.link\/bhsc\/wp-json\/wp\/v2\/types\/post"}],"author":[{"embeddable":true,"href":"https:\/\/www.recom.link\/bhsc\/wp-json\/wp\/v2\/users\/116"}],"replies":[{"embeddable":true,"href":"https:\/\/www.recom.link\/bhsc\/wp-json\/wp\/v2\/comments?post=146755"}],"version-history":[{"count":1,"href":"https:\/\/www.recom.link\/bhsc\/wp-json\/wp\/v2\/posts\/146755\/revisions"}],"predecessor-version":[{"id":168459,"href":"https:\/\/www.recom.link\/bhsc\/wp-json\/wp\/v2\/posts\/146755\/revisions\/168459"}],"wp:featuredmedia":[{"embeddable":true,"href":"https:\/\/www.recom.link\/bhsc\/wp-json\/wp\/v2\/media\/168460"}],"wp:attachment":[{"href":"https:\/\/www.recom.link\/bhsc\/wp-json\/wp\/v2\/media?parent=146755"}],"wp:term":[{"taxonomy":"category","embeddable":true,"href":"https:\/\/www.recom.link\/bhsc\/wp-json\/wp\/v2\/categories?post=146755"},{"taxonomy":"post_tag","embeddable":true,"href":"https:\/\/www.recom.link\/bhsc\/wp-json\/wp\/v2\/tags?post=146755"}],"curies":[{"name":"wp","href":"https:\/\/api.w.org\/{rel}","templated":true}]}}