{"id":146436,"date":"2018-12-11T00:00:00","date_gmt":"2018-12-10T23:00:00","guid":{"rendered":"http:\/\/localhost\/newRecom\/rekom-je-temelj-secanja-na-proslost\/"},"modified":"2020-02-25T20:07:57","modified_gmt":"2020-02-25T19:07:57","slug":"rekom-je-temelj-secanja-na-proslost","status":"publish","type":"post","link":"https:\/\/www.recom.link\/bhsc\/rekom-je-temelj-secanja-na-proslost\/","title":{"rendered":"REKOM je temelj se\u0107anja na pro\u0161lost"},"content":{"rendered":"<p>Pi\u0161e:\u00a0<strong>Nata\u0161a Kandi\u0107<\/strong><\/p>\n<p><!--more--><\/p>\n<p><strong>Od oktobra 2008. kada je formirana Koalicija za REKOM, traje jedinstvena akcija civilnog dru\u0161tva za osnivanje me\u0111udr\u017eavne komisije za utvr\u0111ivanje \u010dinjenica o ratnim zlo\u010dinima i sa\u010dinjavanje registra \u017ertava u vezi sa ratovima 1991- 2001. na podru\u010dju nekada\u0161nje SFRJ.<\/strong><\/p>\n<p class=\"western\" lang=\"en-US\">Tri i po godine, u okviru 128 lokalnih i regionalnih sastanaka i foruma, diskutovali smo o ciljevima, zadacima i aktivnostima te regionalne komisije nazvane REKOM. Kada je jedna \u010dlanica udru\u017eenja porodica \u017ertava rekla da je iznena\u0111ena da su \u201esudbine \u017ertava druge nacije sli\u010dne njenim \u017ertvama\u201c, znali smo da smo na dobrom putu. Najte\u017ei zadatak je bio pokrenuti politi\u010dare da verbalnu podr\u0161ku zamene konkretnim delima \u2013 uklju\u010divanjem u rad Radne grupe za izradu Nacrta Statuta REKOM.<\/p>\n<p class=\"western\" lang=\"en-US\">Dve godine je pro\u0161lo dok predsednici zemalja u regionu nisu imenovali svoje izaslanike, a oni, pravni i politi\u010dki eksperti, lako su se slo\u017eili i dali predloge koji su otklonili sumnje da \u201eREKOM ima pretenzije da preuzme sudske nadle\u017enosti\u201c, kako se \u010dulo od nekih kriti\u010dara. Skup\u0161tina Koalicija je u novembru 2014. bez ijedne primedbe usvojila Nacrt Statuta REKOM. Aktivisti Koalicije su u roku od nekoliko nedelja \u0161irom nekada\u0161nje SFRJ prikupili 550.000 potpisa za osnivanje REKOM, s fokusom na \u017ertve. Ohrabreni jakom javnom podr\u0161kom, o\u010dekivali smo po\u010detak prenosa procesa REKOM na dr\u017eavne institucije. Zatra\u017eili smo od predsednika da pokrenu procedure za osnivanje REKOM-a, ali su doga\u0111aji krenuli drugim putem. Mandat Ha\u0161kog tribunala je isticao, \u0161to je ohrabrilo balkanske politi\u010dare da objave da su uspe\u0161no zavr\u0161ili saradnju sa me\u0111unarodnim tribunalom i da je vreme da se okrenu budu\u0107nosti.<\/p>\n<p class=\"western\" lang=\"en-US\">EU je nespremno do\u010dekala zatvaranje tribunala za biv\u0161u Jugoslaviju. Pokrenula je Berlinski proces, daju\u0107i prioritet regionalnom povezivanju preko ekonomskih projekata. U deklaracijama samita, dokumentima i izjavama predstavnika EU akcenat je bio na integracijama zemalja Zapadnog Balkana u EU, isticao se zna\u010daj prevazila\u017eenja pro\u0161losti, ali je pomirenje posmatrano kao unutra\u0161nje pitanje zemalja regiona, \u010diji napredak zavisi od politi\u010dke zrelosti njenih lidera. Koalicija je smatrala da taj pristup be\u017ei od \u010dinjenice da je, zatvaranjem me\u0111unarodnog tribunala, tranziciona pravda marginalizovana, i da bez jake evropske strategije nema izgleda za prevazila\u017eenje nasle\u0111a, pomirenje i regionalnu saradnju. Uporno je ukazivala da je trenutak za REKOM, da politi\u010dare treba obavezati da konkretnim delima potvrde verbalnu podr\u0161ku imenovanju \u017ertava. U februaru 2018. Evropska komisija poja\u010dava podr\u0161ku inicijativama za pomirenje, ali ponavlja da se \u201eregionalna saradnja, dobrosusedski odnosi i pomirenje ne mogu nametnuti spolja nego da lideri regiona moraju da preuzmu puno vlasni\u0161tvo i da vode primerom\u201c. Ipak, u aneksu Komunikacije, od 6. februara 2018, EK izdvaja Inicijativu REKOM kao vode\u0107u inicijativu za podsticanje pomirenja.<\/p>\n<p class=\"western\" lang=\"en-US\">Kada je Koalicija pozvala lidere u regionu da zajedni\u010dki pripreme Deklaraciju za osnivanje REKOM, koju bi potpisali na samitu Berlinskog procesa u Londonu, u julu 2018, odazvali su se predsednici Srbije, Crne Gore, Makedonije i Kosova, i bo\u0161nja\u010dki \u010dlan Predsedni\u0161tva BiH. Dogovoreno je da premijeri \u010detiri zemlje potpi\u0161u Deklaraciju i pozovu ostale premijere da to u\u010dine na samitu ili se kasnije pridru\u017ee. Iskreno, organizatori samita imali su druge planove i prioritete. Pripremili su tri deklaracije, me\u0111u kojima im je Deklaracija o nestalim osobama, \u010diji je predlaga\u010d bila Me\u0111unarodna komisija za nestala lica (MKNL), bila posebno va\u017ena. Zbog pa\u017enje kraljevske porodice prema porodicama nestalih, a i zbog dugogodi\u0161nje saradnje sa MKNL. Deklaracije o REKOM-u nije bilo na dnevnom redu samita i zbog toga \u0161to lideri Srbije, Kosova i Makedonije nisu re\u010di pratili i delima, tako da je Koalicija tri dana uo\u010di samita obavestila organizatora da nije uspela da dobije pismenu odluku vlada o potpisivanju Deklaracije.<\/p>\n<p class=\"western\" lang=\"en-US\">To ne zna\u010di da smo odustali, izgubili civilizacijsku perspektivu. Ima dobrih vesti. EU je aktuelizovala pitanje pomirenja i regionalne saradnje. Izbori u BiH su zavr\u0161eni. Podr\u0161ka novog Predsedni\u0161tva BiH je izglednija nego prethodnog. Od Hrvatske o\u010dekujemo evropsku ulogu u podsticanju pomirenja na temelju \u010dinjenica. S druge strane, nasle\u0111e Ha\u0161kog tribunala je od velikog zna\u010daja za uspe\u0161ni mandat REKOM-a i izgradnju znanja i dru\u0161tvenog se\u0107anja.<\/p>\n<p class=\"western\" lang=\"en-US\">Ne treba zaboraviti da i dr\u017eavne institucije, ministarstva odbrane, policije, pravde, spoljnih poslova, lokalni sudovi, zatim, komisije, dokumentacioni centri, medijske arhive, baze vladinih i nevladinih organizacija, internet platforme, evidencije udru\u017eenja, privatne arhive, i drugi izvori raspola\u017eu sa vi\u0161e stotina hiljada dokumenata o identitetu i okolnostima stradanja civila i pripadnika oru\u017eanih snaga. Ha\u0161ki tribunal je ustanovio identitet i uzrok smrti najmanje 18.000 \u017ertava ratnih zlo\u010dina. Koalicija za REKOM je prikupila oko 60.000 dokumenata i ustanovila \u010dinjenice o identitetu najmanje 22.000 \u017ertava u vezi sa ratovima. Trenutak je da se dokumenta, podaci i \u010dinjenice prikupe, klasifikuju prema jedinstvenoj metodologiji, unesu u bazu podataka i da s poverenjem pratimo rad zvani\u010dne komisije posve\u0107ene \u017ertvama i budu\u0107nosti. \u010cinjenice koje utvrdi REKOM posta\u0107e temelj na\u0161eg znanja i izgradnje dru\u0161tvenog se\u0107anja.<\/p>\n<p lang=\"en-US\"><em>Objavljeno u <a href=\"https:\/\/www.danas.rs\/dijalog\/licni-stavovi\/rekom-je-temelj-secanja-na-proslost\/\">Danasu<\/a>, 10. 12. 2018.<\/em><\/p>\n","protected":false},"excerpt":{"rendered":"Pi\u0161e:\u00a0Nata\u0161a Kandi\u0107","protected":false},"author":116,"featured_media":145616,"comment_status":"closed","ping_status":"closed","sticky":false,"template":"","format":"standard","meta":{"_acf_changed":false,"footnotes":""},"categories":[1707],"tags":[1747],"class_list":["post-146436","post","type-post","status-publish","format-standard","has-post-thumbnail","hentry","category-pomirenje","tag-natasa-kandic"],"acf":[],"yoast_head":"<!-- This site is optimized with the Yoast SEO plugin v25.6 - https:\/\/yoast.com\/wordpress\/plugins\/seo\/ -->\n<title>REKOM je temelj se\u0107anja na pro\u0161lost - REKOM ~ KOMRA ~ RECOM<\/title>\n<meta name=\"robots\" content=\"index, follow, max-snippet:-1, max-image-preview:large, max-video-preview:-1\" \/>\n<link rel=\"canonical\" href=\"https:\/\/www.recom.link\/bhsc\/rekom-je-temelj-secanja-na-proslost\/\" \/>\n<meta property=\"og:locale\" content=\"en_US\" \/>\n<meta property=\"og:type\" content=\"article\" \/>\n<meta property=\"og:title\" content=\"REKOM je temelj se\u0107anja na pro\u0161lost - REKOM ~ KOMRA ~ RECOM\" \/>\n<meta property=\"og:description\" content=\"Pi\u0161e:\u00a0Nata\u0161a Kandi\u0107\" \/>\n<meta property=\"og:url\" content=\"https:\/\/www.recom.link\/bhsc\/rekom-je-temelj-secanja-na-proslost\/\" \/>\n<meta property=\"og:site_name\" content=\"REKOM ~ KOMRA ~ RECOM\" \/>\n<meta property=\"article:publisher\" content=\"https:\/\/www.facebook.com\/ZaREKOM.PerKOMRA.ForRECOM\/\" \/>\n<meta property=\"article:published_time\" content=\"2018-12-10T23:00:00+00:00\" \/>\n<meta property=\"article:modified_time\" content=\"2020-02-25T19:07:57+00:00\" \/>\n<meta property=\"og:image\" content=\"https:\/\/www.recom.link\/wp-content\/uploads\/2018\/07\/ponovo-za-novu-vest-foto_medija_centar.jpg\" \/>\n\t<meta property=\"og:image:width\" content=\"925\" \/>\n\t<meta property=\"og:image:height\" content=\"520\" \/>\n\t<meta property=\"og:image:type\" content=\"image\/jpeg\" \/>\n<meta name=\"author\" content=\"mihajlo\" \/>\n<meta name=\"twitter:card\" content=\"summary_large_image\" \/>\n<meta name=\"twitter:creator\" content=\"@REKOM_KOMRA\" \/>\n<meta name=\"twitter:site\" content=\"@REKOM_KOMRA\" \/>\n<meta name=\"twitter:label1\" content=\"Written by\" \/>\n\t<meta name=\"twitter:data1\" content=\"mihajlo\" \/>\n\t<meta name=\"twitter:label2\" content=\"Est. reading time\" \/>\n\t<meta name=\"twitter:data2\" content=\"4 minutes\" \/>\n<script type=\"application\/ld+json\" class=\"yoast-schema-graph\">{\"@context\":\"https:\/\/schema.org\",\"@graph\":[{\"@type\":\"WebPage\",\"@id\":\"https:\/\/www.recom.link\/bhsc\/rekom-je-temelj-secanja-na-proslost\/\",\"url\":\"https:\/\/www.recom.link\/bhsc\/rekom-je-temelj-secanja-na-proslost\/\",\"name\":\"REKOM je temelj se\u0107anja na pro\u0161lost - REKOM ~ KOMRA ~ RECOM\",\"isPartOf\":{\"@id\":\"https:\/\/www.recom.link\/en\/#website\"},\"primaryImageOfPage\":{\"@id\":\"https:\/\/www.recom.link\/bhsc\/rekom-je-temelj-secanja-na-proslost\/#primaryimage\"},\"image\":{\"@id\":\"https:\/\/www.recom.link\/bhsc\/rekom-je-temelj-secanja-na-proslost\/#primaryimage\"},\"thumbnailUrl\":\"https:\/\/www.recom.link\/wp-content\/uploads\/2018\/07\/ponovo-za-novu-vest-foto_medija_centar.jpg\",\"datePublished\":\"2018-12-10T23:00:00+00:00\",\"dateModified\":\"2020-02-25T19:07:57+00:00\",\"author\":{\"@id\":\"https:\/\/www.recom.link\/en\/#\/schema\/person\/c0862c436fe4eedec04aac0a2fb07530\"},\"breadcrumb\":{\"@id\":\"https:\/\/www.recom.link\/bhsc\/rekom-je-temelj-secanja-na-proslost\/#breadcrumb\"},\"inLanguage\":\"bhsc\",\"potentialAction\":[{\"@type\":\"ReadAction\",\"target\":[\"https:\/\/www.recom.link\/bhsc\/rekom-je-temelj-secanja-na-proslost\/\"]}]},{\"@type\":\"ImageObject\",\"inLanguage\":\"bhsc\",\"@id\":\"https:\/\/www.recom.link\/bhsc\/rekom-je-temelj-secanja-na-proslost\/#primaryimage\",\"url\":\"https:\/\/www.recom.link\/wp-content\/uploads\/2018\/07\/ponovo-za-novu-vest-foto_medija_centar.jpg\",\"contentUrl\":\"https:\/\/www.recom.link\/wp-content\/uploads\/2018\/07\/ponovo-za-novu-vest-foto_medija_centar.jpg\",\"width\":925,\"height\":520},{\"@type\":\"BreadcrumbList\",\"@id\":\"https:\/\/www.recom.link\/bhsc\/rekom-je-temelj-secanja-na-proslost\/#breadcrumb\",\"itemListElement\":[{\"@type\":\"ListItem\",\"position\":1,\"name\":\"Home\",\"item\":\"https:\/\/www.recom.link\/en\/\"},{\"@type\":\"ListItem\",\"position\":2,\"name\":\"REKOM je temelj se\u0107anja na pro\u0161lost\"}]},{\"@type\":\"WebSite\",\"@id\":\"https:\/\/www.recom.link\/en\/#website\",\"url\":\"https:\/\/www.recom.link\/en\/\",\"name\":\"REKOM ~ KOMRA ~ RECOM\",\"description\":\"\",\"potentialAction\":[{\"@type\":\"SearchAction\",\"target\":{\"@type\":\"EntryPoint\",\"urlTemplate\":\"https:\/\/www.recom.link\/en\/?s={search_term_string}\"},\"query-input\":{\"@type\":\"PropertyValueSpecification\",\"valueRequired\":true,\"valueName\":\"search_term_string\"}}],\"inLanguage\":\"bhsc\"},{\"@type\":\"Person\",\"@id\":\"https:\/\/www.recom.link\/en\/#\/schema\/person\/c0862c436fe4eedec04aac0a2fb07530\",\"name\":\"mihajlo\",\"image\":{\"@type\":\"ImageObject\",\"inLanguage\":\"bhsc\",\"@id\":\"https:\/\/www.recom.link\/en\/#\/schema\/person\/image\/\",\"url\":\"https:\/\/secure.gravatar.com\/avatar\/fdf797cd3492e4836264e464108a55ee?s=96&d=mm&r=g\",\"contentUrl\":\"https:\/\/secure.gravatar.com\/avatar\/fdf797cd3492e4836264e464108a55ee?s=96&d=mm&r=g\",\"caption\":\"mihajlo\"},\"url\":\"https:\/\/www.recom.link\/bhsc\/author\/mihajlo\/\"}]}<\/script>\n<!-- \/ Yoast SEO plugin. -->","yoast_head_json":{"title":"REKOM je temelj se\u0107anja na pro\u0161lost - REKOM ~ KOMRA ~ RECOM","robots":{"index":"index","follow":"follow","max-snippet":"max-snippet:-1","max-image-preview":"max-image-preview:large","max-video-preview":"max-video-preview:-1"},"canonical":"https:\/\/www.recom.link\/bhsc\/rekom-je-temelj-secanja-na-proslost\/","og_locale":"en_US","og_type":"article","og_title":"REKOM je temelj se\u0107anja na pro\u0161lost - REKOM ~ KOMRA ~ RECOM","og_description":"Pi\u0161e:\u00a0Nata\u0161a Kandi\u0107","og_url":"https:\/\/www.recom.link\/bhsc\/rekom-je-temelj-secanja-na-proslost\/","og_site_name":"REKOM ~ KOMRA ~ RECOM","article_publisher":"https:\/\/www.facebook.com\/ZaREKOM.PerKOMRA.ForRECOM\/","article_published_time":"2018-12-10T23:00:00+00:00","article_modified_time":"2020-02-25T19:07:57+00:00","og_image":[{"width":925,"height":520,"url":"https:\/\/www.recom.link\/wp-content\/uploads\/2018\/07\/ponovo-za-novu-vest-foto_medija_centar.jpg","type":"image\/jpeg"}],"author":"mihajlo","twitter_card":"summary_large_image","twitter_creator":"@REKOM_KOMRA","twitter_site":"@REKOM_KOMRA","twitter_misc":{"Written by":"mihajlo","Est. reading time":"4 minutes"},"schema":{"@context":"https:\/\/schema.org","@graph":[{"@type":"WebPage","@id":"https:\/\/www.recom.link\/bhsc\/rekom-je-temelj-secanja-na-proslost\/","url":"https:\/\/www.recom.link\/bhsc\/rekom-je-temelj-secanja-na-proslost\/","name":"REKOM je temelj se\u0107anja na pro\u0161lost - REKOM ~ KOMRA ~ RECOM","isPartOf":{"@id":"https:\/\/www.recom.link\/en\/#website"},"primaryImageOfPage":{"@id":"https:\/\/www.recom.link\/bhsc\/rekom-je-temelj-secanja-na-proslost\/#primaryimage"},"image":{"@id":"https:\/\/www.recom.link\/bhsc\/rekom-je-temelj-secanja-na-proslost\/#primaryimage"},"thumbnailUrl":"https:\/\/www.recom.link\/wp-content\/uploads\/2018\/07\/ponovo-za-novu-vest-foto_medija_centar.jpg","datePublished":"2018-12-10T23:00:00+00:00","dateModified":"2020-02-25T19:07:57+00:00","author":{"@id":"https:\/\/www.recom.link\/en\/#\/schema\/person\/c0862c436fe4eedec04aac0a2fb07530"},"breadcrumb":{"@id":"https:\/\/www.recom.link\/bhsc\/rekom-je-temelj-secanja-na-proslost\/#breadcrumb"},"inLanguage":"bhsc","potentialAction":[{"@type":"ReadAction","target":["https:\/\/www.recom.link\/bhsc\/rekom-je-temelj-secanja-na-proslost\/"]}]},{"@type":"ImageObject","inLanguage":"bhsc","@id":"https:\/\/www.recom.link\/bhsc\/rekom-je-temelj-secanja-na-proslost\/#primaryimage","url":"https:\/\/www.recom.link\/wp-content\/uploads\/2018\/07\/ponovo-za-novu-vest-foto_medija_centar.jpg","contentUrl":"https:\/\/www.recom.link\/wp-content\/uploads\/2018\/07\/ponovo-za-novu-vest-foto_medija_centar.jpg","width":925,"height":520},{"@type":"BreadcrumbList","@id":"https:\/\/www.recom.link\/bhsc\/rekom-je-temelj-secanja-na-proslost\/#breadcrumb","itemListElement":[{"@type":"ListItem","position":1,"name":"Home","item":"https:\/\/www.recom.link\/en\/"},{"@type":"ListItem","position":2,"name":"REKOM je temelj se\u0107anja na pro\u0161lost"}]},{"@type":"WebSite","@id":"https:\/\/www.recom.link\/en\/#website","url":"https:\/\/www.recom.link\/en\/","name":"REKOM ~ KOMRA ~ RECOM","description":"","potentialAction":[{"@type":"SearchAction","target":{"@type":"EntryPoint","urlTemplate":"https:\/\/www.recom.link\/en\/?s={search_term_string}"},"query-input":{"@type":"PropertyValueSpecification","valueRequired":true,"valueName":"search_term_string"}}],"inLanguage":"bhsc"},{"@type":"Person","@id":"https:\/\/www.recom.link\/en\/#\/schema\/person\/c0862c436fe4eedec04aac0a2fb07530","name":"mihajlo","image":{"@type":"ImageObject","inLanguage":"bhsc","@id":"https:\/\/www.recom.link\/en\/#\/schema\/person\/image\/","url":"https:\/\/secure.gravatar.com\/avatar\/fdf797cd3492e4836264e464108a55ee?s=96&d=mm&r=g","contentUrl":"https:\/\/secure.gravatar.com\/avatar\/fdf797cd3492e4836264e464108a55ee?s=96&d=mm&r=g","caption":"mihajlo"},"url":"https:\/\/www.recom.link\/bhsc\/author\/mihajlo\/"}]}},"_links":{"self":[{"href":"https:\/\/www.recom.link\/bhsc\/wp-json\/wp\/v2\/posts\/146436"}],"collection":[{"href":"https:\/\/www.recom.link\/bhsc\/wp-json\/wp\/v2\/posts"}],"about":[{"href":"https:\/\/www.recom.link\/bhsc\/wp-json\/wp\/v2\/types\/post"}],"author":[{"embeddable":true,"href":"https:\/\/www.recom.link\/bhsc\/wp-json\/wp\/v2\/users\/116"}],"replies":[{"embeddable":true,"href":"https:\/\/www.recom.link\/bhsc\/wp-json\/wp\/v2\/comments?post=146436"}],"version-history":[{"count":1,"href":"https:\/\/www.recom.link\/bhsc\/wp-json\/wp\/v2\/posts\/146436\/revisions"}],"predecessor-version":[{"id":168140,"href":"https:\/\/www.recom.link\/bhsc\/wp-json\/wp\/v2\/posts\/146436\/revisions\/168140"}],"wp:featuredmedia":[{"embeddable":true,"href":"https:\/\/www.recom.link\/bhsc\/wp-json\/wp\/v2\/media\/145616"}],"wp:attachment":[{"href":"https:\/\/www.recom.link\/bhsc\/wp-json\/wp\/v2\/media?parent=146436"}],"wp:term":[{"taxonomy":"category","embeddable":true,"href":"https:\/\/www.recom.link\/bhsc\/wp-json\/wp\/v2\/categories?post=146436"},{"taxonomy":"post_tag","embeddable":true,"href":"https:\/\/www.recom.link\/bhsc\/wp-json\/wp\/v2\/tags?post=146436"}],"curies":[{"name":"wp","href":"https:\/\/api.w.org\/{rel}","templated":true}]}}