{"id":145801,"date":"2018-07-10T00:00:00","date_gmt":"2018-07-09T23:00:00","guid":{"rendered":"http:\/\/localhost\/newRecom\/resid-hasanovic\/"},"modified":"2020-08-28T09:09:39","modified_gmt":"2020-08-28T08:09:39","slug":"resid-hasanovic","status":"publish","type":"post","link":"https:\/\/www.recom.link\/bhsc\/resid-hasanovic\/","title":{"rendered":"Re\u0161id Hasanovi\u0107"},"content":{"rendered":"<h4>Re\u0161id Hasanovi\u0107 je svedo\u010dio o premla\u0107ivanju zatvorenika u \u0161koli u Bratuncu tokom tri dana u junu 1992. godine.<\/h4>\n<h4>Nekada\u0161nji predsednik Narodne skup\u0161tine Republike Srpske Mom\u010dilo Kraji\u0161nik je za zlo\u010dine protiv \u010dove\u010dnosti nad nesrpskim stanovni\u0161tvom osu\u0111en na 20 godina zatvora.<\/h4>\n<p>&nbsp;<\/p>\n<p><!--more--><\/p>\n<p><strong>Predmet: Kraji\u0161nik (IT-00-39)<\/strong><\/p>\n<p><strong>Sud: Me\u0111unarodni krivi\u010dni tribunal za biv\u0161u Jugoslaviju (MKTJ)<\/strong><\/p>\n<p><strong>Tu\u017eilac: Stephen Margetts<\/strong><\/p>\n<p><strong>Sudija: Alphons Orie, predsedavaju\u0107i<\/strong><\/p>\n<p><strong>Datum svedo\u010denja: 21. i 22.04.2004. godine<\/strong><\/p>\n<p>&nbsp;<\/p>\n<h4>Izvod iz video zapisa svedo\u010denja<\/h4>\n<p><iframe loading=\"lazy\" title=\"Re\u0161id Hasanovi\u0107\" width=\"500\" height=\"375\" src=\"https:\/\/www.youtube.com\/embed\/zhgJPO2mm_o?start=22&#038;feature=oembed\" frameborder=\"0\" allow=\"accelerometer; autoplay; clipboard-write; encrypted-media; gyroscope; picture-in-picture; web-share\" referrerpolicy=\"strict-origin-when-cross-origin\" allowfullscreen><\/iframe><\/p>\n<p>Re\u0161id Hasanovi\u0107\u00a0je 10.06.1992. godine bio me\u0111u vi\u0161e od 2.000 bosanskih Muslimana &#8211; mu\u0161karaca, \u017eena i dece &#8211; koje su pripadnici Jugoslovenske narodne armije (JNA) sproveli iz naselja Suha kod Bratunca na gradski stadion. Tamo su svi mu\u0161karci odvojeni od porodica i odvedeni na druga mesta zato\u010denja.<\/p>\n<p>Svedok je dobio papir na kojem je trebalo da napi\u0161e priznanje da je navodno planirao ubistvo Srba i delio oru\u017eje preko Stranke demokratske akcije (SDA). Kada je to odbio, rekli su mu: \u201eE, onda \u0107e\u0161 sad propjevati kada vidi\u0161 kako ubijamo tvoje.\u201c<\/p>\n<p>Zato\u010denici su bili prepu\u0161teni na milost i nemilost trojici pripadnika paravojne jedinice. Svedok veruje da su to bili \u201earkanovci\u201c: Bane, Dragan i \u2019Makedonac\u2019. Od \u0161kolskih klupa su napravili krug u koji su uvodili zato\u010denike i prebijali palicama ili ubijali metkom iz pi\u0161tolja. Jedan oficir je do\u0161ao i prekinuo premla\u0107ivanje. Tada je umrlo sedam ljudi.<\/p>\n<p>Svedok je naveo da su ubijeni: Husnija Had\u017eibuli\u0107, D\u017eemo Hod\u017ei\u0107, hod\u017ea Mustafa Mujkanovi\u0107, i Ahmet Salki\u0107 \u201ekoji je ubijen jednim udarcem, jer je bio fizi\u010dki slab\u201c.<\/p>\n<p>Svedok je pre\u017eiveo zahvaljuju\u0107i tome \u0161to je u sastavu vojne policije JNA bio Novak Stjepanovi\u0107, zvani Krke, s kojim je radio i bio mu \u0161ef. Stjepanovi\u0107 je trojici \u201earkanovaca\u201c rekao: \u201eOvog nemojte dirati. To je moj prijatelj i dobar \u010dovjek.\u201c<\/p>\n<p>Re\u0161id Hasanovi\u0107 je razmenjen na Palama 14.06.1992. godine s jo\u0161 oko 400 bosanskih Muslimana.<\/p>\n<p>&nbsp;<\/p>\n<p>Transkript svedo\u010denja (engleski jezik): <a href=\"https:\/\/www.icty.org\/x\/cases\/krajisnik\/trans\/en\/040421ED.htm\"><strong>Prvi deo<\/strong><\/a> i <a href=\"https:\/\/www.icty.org\/x\/cases\/krajisnik\/trans\/en\/040422ED.htm\"><strong>Drugi deo<\/strong><\/a><\/p>\n<p>&nbsp;<\/p>\n<p><strong>Obrada: Koalicija za REKOM, avgust 2017.<\/strong><\/p>\n<p>&nbsp;<\/p>\n","protected":false},"excerpt":{"rendered":"Re\u0161id Hasanovi\u0107 je svedo\u010dio o premla\u0107ivanju zatvorenika u \u0161koli u Bratuncu tokom tri dana u junu 1992. godine.","protected":false},"author":116,"featured_media":184710,"comment_status":"closed","ping_status":"open","sticky":false,"template":"","format":"standard","meta":{"_acf_changed":false,"footnotes":""},"categories":[1808,2361,2360],"tags":[2489,2869,2362,2380,2218,2963,2371,2996,2366,2365,2997,1844,2113,1870,3030,3031,2364,2363],"class_list":["post-145801","post","type-post","status-publish","format-standard","has-post-thumbnail","hentry","category-glas-zrtava","category-transkript","category-video","tag-alphons-orie","tag-bratunac-1992","tag-glas-zrtava","tag-haski-tribunal","tag-icty-bhsc","tag-jugoslovenska-narodna-armija","tag-komra-bhsc","tag-krajisnik-it-00-39","tag-medunarodni-krivicni-tribunal-za-bivsu-jugoslaviju","tag-mktj","tag-momcilo-krajisnik","tag-ratni-zlocini","tag-recom-bhsc","tag-rekom-bhsc","tag-resid-hasanovic","tag-stephen-margetts","tag-victims-voice","tag-voice-of-victims"],"acf":[],"yoast_head":"<!-- This site is optimized with the Yoast SEO plugin v25.6 - https:\/\/yoast.com\/wordpress\/plugins\/seo\/ -->\n<title>Re\u0161id Hasanovi\u0107 - REKOM ~ KOMRA ~ RECOM<\/title>\n<meta name=\"description\" content=\"Re\u0161id Hasanovi\u0107 je svedo\u010dio o premla\u0107ivanju zatvorenika u \u0161koli u Bratuncu tokom tri dana u junu 1992. godine.\" \/>\n<meta name=\"robots\" content=\"index, follow, max-snippet:-1, max-image-preview:large, max-video-preview:-1\" \/>\n<link rel=\"canonical\" href=\"https:\/\/www.recom.link\/bhsc\/resid-hasanovic\/\" \/>\n<meta property=\"og:locale\" content=\"en_US\" \/>\n<meta property=\"og:type\" content=\"article\" \/>\n<meta property=\"og:title\" content=\"Re\u0161id Hasanovi\u0107: \u2019Oni su samo tukli, tukli\u2019\" \/>\n<meta property=\"og:description\" content=\"Re\u0161id Hasanovi\u0107 je svedo\u010dio o premla\u0107ivanju zatvorenika u \u0161koli u Bratuncu tokom tri dana u junu 1992. godine. #GlasZrtava #VictimsVoice #Bratunac1992 #Krajisnik #ICTY\" \/>\n<meta property=\"og:url\" content=\"https:\/\/www.recom.link\/bhsc\/resid-hasanovic\/\" \/>\n<meta property=\"og:site_name\" content=\"REKOM ~ KOMRA ~ RECOM\" \/>\n<meta property=\"article:publisher\" content=\"https:\/\/www.facebook.com\/ZaREKOM.PerKOMRA.ForRECOM\/\" \/>\n<meta property=\"article:published_time\" content=\"2018-07-09T23:00:00+00:00\" \/>\n<meta property=\"article:modified_time\" content=\"2020-08-28T08:09:39+00:00\" \/>\n<meta property=\"og:image\" content=\"https:\/\/www.recom.link\/wp-content\/uploads\/2018\/07\/Resid-Hasanovic_Krajisnik_ICTY_20040421.png\" \/>\n\t<meta property=\"og:image:width\" content=\"492\" \/>\n\t<meta property=\"og:image:height\" content=\"360\" \/>\n\t<meta property=\"og:image:type\" content=\"image\/png\" \/>\n<meta name=\"author\" content=\"mihajlo\" \/>\n<meta name=\"twitter:card\" content=\"summary_large_image\" \/>\n<meta name=\"twitter:title\" content=\"Re\u0161id Hasanovi\u0107: \u2019Oni su samo tukli, tukli\u2019\" \/>\n<meta name=\"twitter:description\" content=\"Re\u0161id Hasanovi\u0107 je svedo\u010dio o premla\u0107ivanju zatvorenika u \u0161koli u Bratuncu tokom tri dana u junu 1992. godine. #GlasZrtava #VictimsVoice #Bratunac1992 #Krajisnik #ICTY\" \/>\n<meta name=\"twitter:creator\" content=\"@REKOM_KOMRA\" \/>\n<meta name=\"twitter:site\" content=\"@REKOM_KOMRA\" \/>\n<meta name=\"twitter:label1\" content=\"Written by\" \/>\n\t<meta name=\"twitter:data1\" content=\"mihajlo\" \/>\n\t<meta name=\"twitter:label2\" content=\"Est. reading time\" \/>\n\t<meta name=\"twitter:data2\" content=\"2 minutes\" \/>\n<script type=\"application\/ld+json\" class=\"yoast-schema-graph\">{\"@context\":\"https:\/\/schema.org\",\"@graph\":[{\"@type\":\"WebPage\",\"@id\":\"https:\/\/www.recom.link\/bhsc\/resid-hasanovic\/\",\"url\":\"https:\/\/www.recom.link\/bhsc\/resid-hasanovic\/\",\"name\":\"Re\u0161id Hasanovi\u0107 - REKOM ~ KOMRA ~ RECOM\",\"isPartOf\":{\"@id\":\"https:\/\/www.recom.link\/en\/#website\"},\"primaryImageOfPage\":{\"@id\":\"https:\/\/www.recom.link\/bhsc\/resid-hasanovic\/#primaryimage\"},\"image\":{\"@id\":\"https:\/\/www.recom.link\/bhsc\/resid-hasanovic\/#primaryimage\"},\"thumbnailUrl\":\"https:\/\/www.recom.link\/wp-content\/uploads\/2018\/07\/Resid-Hasanovic_Krajisnik_ICTY_20040421.png\",\"datePublished\":\"2018-07-09T23:00:00+00:00\",\"dateModified\":\"2020-08-28T08:09:39+00:00\",\"author\":{\"@id\":\"https:\/\/www.recom.link\/en\/#\/schema\/person\/c0862c436fe4eedec04aac0a2fb07530\"},\"description\":\"Re\u0161id Hasanovi\u0107 je svedo\u010dio o premla\u0107ivanju zatvorenika u \u0161koli u Bratuncu tokom tri dana u junu 1992. godine.\",\"breadcrumb\":{\"@id\":\"https:\/\/www.recom.link\/bhsc\/resid-hasanovic\/#breadcrumb\"},\"inLanguage\":\"bhsc\",\"potentialAction\":[{\"@type\":\"ReadAction\",\"target\":[\"https:\/\/www.recom.link\/bhsc\/resid-hasanovic\/\"]}]},{\"@type\":\"ImageObject\",\"inLanguage\":\"bhsc\",\"@id\":\"https:\/\/www.recom.link\/bhsc\/resid-hasanovic\/#primaryimage\",\"url\":\"https:\/\/www.recom.link\/wp-content\/uploads\/2018\/07\/Resid-Hasanovic_Krajisnik_ICTY_20040421.png\",\"contentUrl\":\"https:\/\/www.recom.link\/wp-content\/uploads\/2018\/07\/Resid-Hasanovic_Krajisnik_ICTY_20040421.png\",\"width\":492,\"height\":360,\"caption\":\"Re\u0161id Hasanovi\u0107 svedo\u010di o premla\u0107ivanju zatvorenika u Bratuncu 1992. (ICTY TV, 21.04.2004.)\"},{\"@type\":\"BreadcrumbList\",\"@id\":\"https:\/\/www.recom.link\/bhsc\/resid-hasanovic\/#breadcrumb\",\"itemListElement\":[{\"@type\":\"ListItem\",\"position\":1,\"name\":\"Home\",\"item\":\"https:\/\/www.recom.link\/en\/\"},{\"@type\":\"ListItem\",\"position\":2,\"name\":\"Re\u0161id Hasanovi\u0107\"}]},{\"@type\":\"WebSite\",\"@id\":\"https:\/\/www.recom.link\/en\/#website\",\"url\":\"https:\/\/www.recom.link\/en\/\",\"name\":\"REKOM ~ KOMRA ~ RECOM\",\"description\":\"\",\"potentialAction\":[{\"@type\":\"SearchAction\",\"target\":{\"@type\":\"EntryPoint\",\"urlTemplate\":\"https:\/\/www.recom.link\/en\/?s={search_term_string}\"},\"query-input\":{\"@type\":\"PropertyValueSpecification\",\"valueRequired\":true,\"valueName\":\"search_term_string\"}}],\"inLanguage\":\"bhsc\"},{\"@type\":\"Person\",\"@id\":\"https:\/\/www.recom.link\/en\/#\/schema\/person\/c0862c436fe4eedec04aac0a2fb07530\",\"name\":\"mihajlo\",\"image\":{\"@type\":\"ImageObject\",\"inLanguage\":\"bhsc\",\"@id\":\"https:\/\/www.recom.link\/en\/#\/schema\/person\/image\/\",\"url\":\"https:\/\/secure.gravatar.com\/avatar\/fdf797cd3492e4836264e464108a55ee?s=96&d=mm&r=g\",\"contentUrl\":\"https:\/\/secure.gravatar.com\/avatar\/fdf797cd3492e4836264e464108a55ee?s=96&d=mm&r=g\",\"caption\":\"mihajlo\"},\"url\":\"https:\/\/www.recom.link\/bhsc\/author\/mihajlo\/\"}]}<\/script>\n<!-- \/ Yoast SEO plugin. -->","yoast_head_json":{"title":"Re\u0161id Hasanovi\u0107 - REKOM ~ KOMRA ~ RECOM","description":"Re\u0161id Hasanovi\u0107 je svedo\u010dio o premla\u0107ivanju zatvorenika u \u0161koli u Bratuncu tokom tri dana u junu 1992. godine.","robots":{"index":"index","follow":"follow","max-snippet":"max-snippet:-1","max-image-preview":"max-image-preview:large","max-video-preview":"max-video-preview:-1"},"canonical":"https:\/\/www.recom.link\/bhsc\/resid-hasanovic\/","og_locale":"en_US","og_type":"article","og_title":"Re\u0161id Hasanovi\u0107: \u2019Oni su samo tukli, tukli\u2019","og_description":"Re\u0161id Hasanovi\u0107 je svedo\u010dio o premla\u0107ivanju zatvorenika u \u0161koli u Bratuncu tokom tri dana u junu 1992. godine. #GlasZrtava #VictimsVoice #Bratunac1992 #Krajisnik #ICTY","og_url":"https:\/\/www.recom.link\/bhsc\/resid-hasanovic\/","og_site_name":"REKOM ~ KOMRA ~ RECOM","article_publisher":"https:\/\/www.facebook.com\/ZaREKOM.PerKOMRA.ForRECOM\/","article_published_time":"2018-07-09T23:00:00+00:00","article_modified_time":"2020-08-28T08:09:39+00:00","og_image":[{"width":492,"height":360,"url":"https:\/\/www.recom.link\/wp-content\/uploads\/2018\/07\/Resid-Hasanovic_Krajisnik_ICTY_20040421.png","type":"image\/png"}],"author":"mihajlo","twitter_card":"summary_large_image","twitter_title":"Re\u0161id Hasanovi\u0107: \u2019Oni su samo tukli, tukli\u2019","twitter_description":"Re\u0161id Hasanovi\u0107 je svedo\u010dio o premla\u0107ivanju zatvorenika u \u0161koli u Bratuncu tokom tri dana u junu 1992. godine. #GlasZrtava #VictimsVoice #Bratunac1992 #Krajisnik #ICTY","twitter_creator":"@REKOM_KOMRA","twitter_site":"@REKOM_KOMRA","twitter_misc":{"Written by":"mihajlo","Est. reading time":"2 minutes"},"schema":{"@context":"https:\/\/schema.org","@graph":[{"@type":"WebPage","@id":"https:\/\/www.recom.link\/bhsc\/resid-hasanovic\/","url":"https:\/\/www.recom.link\/bhsc\/resid-hasanovic\/","name":"Re\u0161id Hasanovi\u0107 - REKOM ~ KOMRA ~ RECOM","isPartOf":{"@id":"https:\/\/www.recom.link\/en\/#website"},"primaryImageOfPage":{"@id":"https:\/\/www.recom.link\/bhsc\/resid-hasanovic\/#primaryimage"},"image":{"@id":"https:\/\/www.recom.link\/bhsc\/resid-hasanovic\/#primaryimage"},"thumbnailUrl":"https:\/\/www.recom.link\/wp-content\/uploads\/2018\/07\/Resid-Hasanovic_Krajisnik_ICTY_20040421.png","datePublished":"2018-07-09T23:00:00+00:00","dateModified":"2020-08-28T08:09:39+00:00","author":{"@id":"https:\/\/www.recom.link\/en\/#\/schema\/person\/c0862c436fe4eedec04aac0a2fb07530"},"description":"Re\u0161id Hasanovi\u0107 je svedo\u010dio o premla\u0107ivanju zatvorenika u \u0161koli u Bratuncu tokom tri dana u junu 1992. godine.","breadcrumb":{"@id":"https:\/\/www.recom.link\/bhsc\/resid-hasanovic\/#breadcrumb"},"inLanguage":"bhsc","potentialAction":[{"@type":"ReadAction","target":["https:\/\/www.recom.link\/bhsc\/resid-hasanovic\/"]}]},{"@type":"ImageObject","inLanguage":"bhsc","@id":"https:\/\/www.recom.link\/bhsc\/resid-hasanovic\/#primaryimage","url":"https:\/\/www.recom.link\/wp-content\/uploads\/2018\/07\/Resid-Hasanovic_Krajisnik_ICTY_20040421.png","contentUrl":"https:\/\/www.recom.link\/wp-content\/uploads\/2018\/07\/Resid-Hasanovic_Krajisnik_ICTY_20040421.png","width":492,"height":360,"caption":"Re\u0161id Hasanovi\u0107 svedo\u010di o premla\u0107ivanju zatvorenika u Bratuncu 1992. (ICTY TV, 21.04.2004.)"},{"@type":"BreadcrumbList","@id":"https:\/\/www.recom.link\/bhsc\/resid-hasanovic\/#breadcrumb","itemListElement":[{"@type":"ListItem","position":1,"name":"Home","item":"https:\/\/www.recom.link\/en\/"},{"@type":"ListItem","position":2,"name":"Re\u0161id Hasanovi\u0107"}]},{"@type":"WebSite","@id":"https:\/\/www.recom.link\/en\/#website","url":"https:\/\/www.recom.link\/en\/","name":"REKOM ~ KOMRA ~ RECOM","description":"","potentialAction":[{"@type":"SearchAction","target":{"@type":"EntryPoint","urlTemplate":"https:\/\/www.recom.link\/en\/?s={search_term_string}"},"query-input":{"@type":"PropertyValueSpecification","valueRequired":true,"valueName":"search_term_string"}}],"inLanguage":"bhsc"},{"@type":"Person","@id":"https:\/\/www.recom.link\/en\/#\/schema\/person\/c0862c436fe4eedec04aac0a2fb07530","name":"mihajlo","image":{"@type":"ImageObject","inLanguage":"bhsc","@id":"https:\/\/www.recom.link\/en\/#\/schema\/person\/image\/","url":"https:\/\/secure.gravatar.com\/avatar\/fdf797cd3492e4836264e464108a55ee?s=96&d=mm&r=g","contentUrl":"https:\/\/secure.gravatar.com\/avatar\/fdf797cd3492e4836264e464108a55ee?s=96&d=mm&r=g","caption":"mihajlo"},"url":"https:\/\/www.recom.link\/bhsc\/author\/mihajlo\/"}]}},"_links":{"self":[{"href":"https:\/\/www.recom.link\/bhsc\/wp-json\/wp\/v2\/posts\/145801"}],"collection":[{"href":"https:\/\/www.recom.link\/bhsc\/wp-json\/wp\/v2\/posts"}],"about":[{"href":"https:\/\/www.recom.link\/bhsc\/wp-json\/wp\/v2\/types\/post"}],"author":[{"embeddable":true,"href":"https:\/\/www.recom.link\/bhsc\/wp-json\/wp\/v2\/users\/116"}],"replies":[{"embeddable":true,"href":"https:\/\/www.recom.link\/bhsc\/wp-json\/wp\/v2\/comments?post=145801"}],"version-history":[{"count":5,"href":"https:\/\/www.recom.link\/bhsc\/wp-json\/wp\/v2\/posts\/145801\/revisions"}],"predecessor-version":[{"id":184746,"href":"https:\/\/www.recom.link\/bhsc\/wp-json\/wp\/v2\/posts\/145801\/revisions\/184746"}],"wp:featuredmedia":[{"embeddable":true,"href":"https:\/\/www.recom.link\/bhsc\/wp-json\/wp\/v2\/media\/184710"}],"wp:attachment":[{"href":"https:\/\/www.recom.link\/bhsc\/wp-json\/wp\/v2\/media?parent=145801"}],"wp:term":[{"taxonomy":"category","embeddable":true,"href":"https:\/\/www.recom.link\/bhsc\/wp-json\/wp\/v2\/categories?post=145801"},{"taxonomy":"post_tag","embeddable":true,"href":"https:\/\/www.recom.link\/bhsc\/wp-json\/wp\/v2\/tags?post=145801"}],"curies":[{"name":"wp","href":"https:\/\/api.w.org\/{rel}","templated":true}]}}