{"id":145703,"date":"2018-07-02T00:00:00","date_gmt":"2018-07-01T23:00:00","guid":{"rendered":"http:\/\/localhost\/newRecom\/ahmo-hasic\/"},"modified":"2020-08-13T14:56:25","modified_gmt":"2020-08-13T13:56:25","slug":"ahmo-hasic","status":"publish","type":"post","link":"https:\/\/www.recom.link\/bhsc\/ahmo-hasic\/","title":{"rendered":"Ahmo Hasi\u0107"},"content":{"rendered":"<h4>Svedok Ahmo Hasi\u0107 je 16.07.1995. pre\u017eiveo streljanje vi\u0161e od hiljadu\u00a0 Bosanskih Muslimana na farmi Branjevo. Na su\u0111enju u Hagu opisao je kako je pobegao s mesta streljanja.<\/h4>\n<h4>Vujadin Popovi\u0107 i Ljubi\u0161a Beara su osu\u0111eni na do\u017eivotnu kaznu zatvora, Drago Nikoli\u0107 na 35 godina, Radivoje Mileti\u0107 na 18 godina, a Vinko Pandurevi\u0107 na 13 godina zatvora.<\/h4>\n<h4><!--more--><\/h4>\n<p><strong>Predmet: Popovi\u0107 i drugi (IT-05-88) \u201eSrebrenica\u201c<\/strong><\/p>\n<p><strong>Sud: Me\u0111unarodni krivi\u010dni tribunal za biv\u0161u Jugoslaviju (MKTJ)<\/strong><\/p>\n<p><strong>Tu\u017eilac: Lada \u0160oljan, u ime kancelarije tu\u017eioca<\/strong><\/p>\n<p><strong>Sudija: Carmel Agius, predsedavaju\u0107i<\/strong><\/p>\n<h4><strong>Datum svedo\u010denja: 06. i 07.09.2006. godine<\/strong><\/h4>\n<p>&nbsp;<\/p>\n<h4>Izvod iz video snimka svedo\u010denja<\/h4>\n<p><a href=\"https:\/\/www.youtube.com\/watch?v=cANzeH_x5d8&#038;t=26\">https:\/\/www.youtube.com\/watch?v=cANzeH_x5d8&amp;t=26<\/a><\/p>\n<p>Dvojica sinova Ahme Hasi\u0107a su s nekoliko hiljada mu\u0161karaca poku\u0161ali da se iz Srebrenice kroz \u0161ume probiju do Tuzle. Nisu uspeli da se spasu, a Hasi\u0107 je prona\u0161ao i sahranio ostatke jednog sina, dok za sudbinu drugog do vremena svedo\u010denja nije ni\u0161ta saznao.<\/p>\n<p>Ahmo Hasi\u0107 je \u201eu koloni od sedam autobusa\u201c preba\u010den u Osnovnu \u0161kolu \u2018Vuk Karad\u017ei\u0107\u2019 u Bratuncu.\u00a0Dok je le\u017eao me\u0111u mrtvima, na farmu u Branjevu je dovedeno \u201ejo\u0161 sedam kolona zato\u010denika\u201c koji su tako\u0111e streljani. Kada se uve\u010de uverio da vojnika vi\u0161e nema, Hasi\u0107 je uspeo da skine kanap kojim su mu bile vezane ruke i pobegne u \u0161umu. Lutao je desetak dana, a potom ponovo pao u ruke VRS. S jo\u0161 tridesetak zarobljenih Muslimana, 26.07.1995. godine je preba\u010den u logor Batkovi\u0107i. Razmenjen je 24.12.1995. godine.<\/p>\n<p>Ahmo Hasi\u0107 je u Srebrenici izgubio i dvojicu bra\u0107e. Njihovi posmrtni ostaci su prona\u0111eni u masovnoj grobnici u Pilici. Sahranjeni su na mezarju u Poto\u010darima.<\/p>\n<p>Transkript svedo\u010denja:\u00a0<strong><a href=\"https:\/\/icty.org\/x\/cases\/popovic\/trans\/en\/060906ED.htm\">Prvi deo<\/a><\/strong>\u00a0i\u00a0<a href=\"https:\/\/icty.org\/x\/cases\/popovic\/trans\/en\/060906ED.htm\"><strong>Drugi deo<\/strong><\/a><\/p>\n<p><strong>Obrada: Koalicija za REKOM, jun 2017.<\/strong><\/p>\n","protected":false},"excerpt":{"rendered":"Svedok Ahmo Hasi\u0107 je 16.07.1995. pre\u017eiveo streljanje vi\u0161e od hiljadu\u00a0 Bosanskih Muslimana na farmi Branjevo. Na su\u0111enju u Hagu opisao je kako je pobegao s mesta streljanja.","protected":false},"author":116,"featured_media":167411,"comment_status":"closed","ping_status":"open","sticky":false,"template":"","format":"standard","meta":{"_acf_changed":false,"footnotes":""},"categories":[1808,2361,2360],"tags":[2668,2544,2669,2550,2547,2399,2362,2380,2218,2371,2546,2542,2365,2543,2548,1844,2113,1870,815,2364,2549,2363,2379,2545],"class_list":["post-145703","post","type-post","status-publish","format-standard","has-post-thumbnail","hentry","category-glas-zrtava","category-transkript","category-video","tag-ahmo-hasic","tag-armija-bih","tag-branjevo-1995","tag-carmel-agius-bhsc","tag-drago-nikolic","tag-genocid-u-srebrenici","tag-glas-zrtava","tag-haski-tribunal","tag-icty-bhsc","tag-komra-bhsc","tag-ljubisa-beara","tag-mksj","tag-mktj","tag-popovic-i-drugi-it-05-88","tag-radivoje-miletic","tag-ratni-zlocini","tag-recom-bhsc","tag-rekom-bhsc","tag-srebrenica-1995-bhsc","tag-victims-voice","tag-vinko-pandurevic","tag-voice-of-victims","tag-vrs","tag-vujadin-popovic"],"acf":[],"yoast_head":"<!-- This site is optimized with the Yoast SEO plugin v25.6 - https:\/\/yoast.com\/wordpress\/plugins\/seo\/ -->\n<title>Ahmo Hasi\u0107 - REKOM ~ KOMRA ~ RECOM<\/title>\n<meta name=\"description\" content=\"Svedok Ahmo Hasi\u0107 je 16.07.1995. pre\u017eiveo streljanje bosanskih Muslimana na farmi Branjevo. Opisao je kako je pobegao s mesta streljanja.\" \/>\n<meta name=\"robots\" content=\"index, follow, max-snippet:-1, max-image-preview:large, max-video-preview:-1\" \/>\n<link rel=\"canonical\" href=\"https:\/\/www.recom.link\/bhsc\/ahmo-hasic\/\" \/>\n<meta property=\"og:locale\" content=\"en_US\" \/>\n<meta property=\"og:type\" content=\"article\" \/>\n<meta property=\"og:title\" content=\"Ahmo Hasi\u0107: Sinovi \u2019pre\u0161li nisu ni jedan\u2019\" \/>\n<meta property=\"og:description\" content=\"Svedok Ahmo Hasi\u0107 je 16.07.1995. pre\u017eiveo streljanje bosanskih Muslimana na farmi Branjevo. Opisao je kako je pobegao s mesta streljanja. #GlasZrtava #Srebrenica1995 #Branjevo1995\" \/>\n<meta property=\"og:url\" content=\"https:\/\/www.recom.link\/bhsc\/ahmo-hasic\/\" \/>\n<meta property=\"og:site_name\" content=\"REKOM ~ KOMRA ~ RECOM\" \/>\n<meta property=\"article:publisher\" content=\"https:\/\/www.facebook.com\/ZaREKOM.PerKOMRA.ForRECOM\/\" \/>\n<meta property=\"article:published_time\" content=\"2018-07-01T23:00:00+00:00\" \/>\n<meta property=\"article:modified_time\" content=\"2020-08-13T13:56:25+00:00\" \/>\n<meta property=\"og:image\" content=\"https:\/\/www.recom.link\/wp-content\/uploads\/2018\/07\/ahmo-hasic-5.png\" \/>\n\t<meta property=\"og:image:width\" content=\"575\" \/>\n\t<meta property=\"og:image:height\" content=\"385\" \/>\n\t<meta property=\"og:image:type\" content=\"image\/png\" \/>\n<meta name=\"author\" content=\"mihajlo\" \/>\n<meta name=\"twitter:card\" content=\"summary_large_image\" \/>\n<meta name=\"twitter:title\" content=\"Ahmo Hasi\u0107: Sinovi \u2019pre\u0161li nisu ni jedan\u2019\" \/>\n<meta name=\"twitter:description\" content=\"Svedok Ahmo Hasi\u0107 je 16.07.1995. pre\u017eiveo streljanje bosanskih Muslimana na farmi Branjevo. Opisao je kako je pobegao s mesta streljanja. #GlasZrtava #Srebrenica1995 #Branjevo1995\" \/>\n<meta name=\"twitter:creator\" content=\"@REKOM_KOMRA\" \/>\n<meta name=\"twitter:site\" content=\"@REKOM_KOMRA\" \/>\n<meta name=\"twitter:label1\" content=\"Written by\" \/>\n\t<meta name=\"twitter:data1\" content=\"mihajlo\" \/>\n\t<meta name=\"twitter:label2\" content=\"Est. reading time\" \/>\n\t<meta name=\"twitter:data2\" content=\"1 minute\" \/>\n<script type=\"application\/ld+json\" class=\"yoast-schema-graph\">{\"@context\":\"https:\/\/schema.org\",\"@graph\":[{\"@type\":\"WebPage\",\"@id\":\"https:\/\/www.recom.link\/bhsc\/ahmo-hasic\/\",\"url\":\"https:\/\/www.recom.link\/bhsc\/ahmo-hasic\/\",\"name\":\"Ahmo Hasi\u0107 - REKOM ~ KOMRA ~ RECOM\",\"isPartOf\":{\"@id\":\"https:\/\/www.recom.link\/en\/#website\"},\"primaryImageOfPage\":{\"@id\":\"https:\/\/www.recom.link\/bhsc\/ahmo-hasic\/#primaryimage\"},\"image\":{\"@id\":\"https:\/\/www.recom.link\/bhsc\/ahmo-hasic\/#primaryimage\"},\"thumbnailUrl\":\"https:\/\/www.recom.link\/wp-content\/uploads\/2018\/07\/ahmo-hasic-5.png\",\"datePublished\":\"2018-07-01T23:00:00+00:00\",\"dateModified\":\"2020-08-13T13:56:25+00:00\",\"author\":{\"@id\":\"https:\/\/www.recom.link\/en\/#\/schema\/person\/c0862c436fe4eedec04aac0a2fb07530\"},\"description\":\"Svedok Ahmo Hasi\u0107 je 16.07.1995. pre\u017eiveo streljanje bosanskih Muslimana na farmi Branjevo. Opisao je kako je pobegao s mesta streljanja.\",\"breadcrumb\":{\"@id\":\"https:\/\/www.recom.link\/bhsc\/ahmo-hasic\/#breadcrumb\"},\"inLanguage\":\"bhsc\",\"potentialAction\":[{\"@type\":\"ReadAction\",\"target\":[\"https:\/\/www.recom.link\/bhsc\/ahmo-hasic\/\"]}]},{\"@type\":\"ImageObject\",\"inLanguage\":\"bhsc\",\"@id\":\"https:\/\/www.recom.link\/bhsc\/ahmo-hasic\/#primaryimage\",\"url\":\"https:\/\/www.recom.link\/wp-content\/uploads\/2018\/07\/ahmo-hasic-5.png\",\"contentUrl\":\"https:\/\/www.recom.link\/wp-content\/uploads\/2018\/07\/ahmo-hasic-5.png\",\"width\":575,\"height\":385,\"caption\":\"Ahmo Hasi\u0107 tokom svedo\u010denja u Hagu (ICTY TV - 07.09.2006.)\"},{\"@type\":\"BreadcrumbList\",\"@id\":\"https:\/\/www.recom.link\/bhsc\/ahmo-hasic\/#breadcrumb\",\"itemListElement\":[{\"@type\":\"ListItem\",\"position\":1,\"name\":\"Home\",\"item\":\"https:\/\/www.recom.link\/en\/\"},{\"@type\":\"ListItem\",\"position\":2,\"name\":\"Ahmo Hasi\u0107\"}]},{\"@type\":\"WebSite\",\"@id\":\"https:\/\/www.recom.link\/en\/#website\",\"url\":\"https:\/\/www.recom.link\/en\/\",\"name\":\"REKOM ~ KOMRA ~ RECOM\",\"description\":\"\",\"potentialAction\":[{\"@type\":\"SearchAction\",\"target\":{\"@type\":\"EntryPoint\",\"urlTemplate\":\"https:\/\/www.recom.link\/en\/?s={search_term_string}\"},\"query-input\":{\"@type\":\"PropertyValueSpecification\",\"valueRequired\":true,\"valueName\":\"search_term_string\"}}],\"inLanguage\":\"bhsc\"},{\"@type\":\"Person\",\"@id\":\"https:\/\/www.recom.link\/en\/#\/schema\/person\/c0862c436fe4eedec04aac0a2fb07530\",\"name\":\"mihajlo\",\"image\":{\"@type\":\"ImageObject\",\"inLanguage\":\"bhsc\",\"@id\":\"https:\/\/www.recom.link\/en\/#\/schema\/person\/image\/\",\"url\":\"https:\/\/secure.gravatar.com\/avatar\/fdf797cd3492e4836264e464108a55ee?s=96&d=mm&r=g\",\"contentUrl\":\"https:\/\/secure.gravatar.com\/avatar\/fdf797cd3492e4836264e464108a55ee?s=96&d=mm&r=g\",\"caption\":\"mihajlo\"},\"url\":\"https:\/\/www.recom.link\/bhsc\/author\/mihajlo\/\"}]}<\/script>\n<!-- \/ Yoast SEO plugin. -->","yoast_head_json":{"title":"Ahmo Hasi\u0107 - REKOM ~ KOMRA ~ RECOM","description":"Svedok Ahmo Hasi\u0107 je 16.07.1995. pre\u017eiveo streljanje bosanskih Muslimana na farmi Branjevo. Opisao je kako je pobegao s mesta streljanja.","robots":{"index":"index","follow":"follow","max-snippet":"max-snippet:-1","max-image-preview":"max-image-preview:large","max-video-preview":"max-video-preview:-1"},"canonical":"https:\/\/www.recom.link\/bhsc\/ahmo-hasic\/","og_locale":"en_US","og_type":"article","og_title":"Ahmo Hasi\u0107: Sinovi \u2019pre\u0161li nisu ni jedan\u2019","og_description":"Svedok Ahmo Hasi\u0107 je 16.07.1995. pre\u017eiveo streljanje bosanskih Muslimana na farmi Branjevo. Opisao je kako je pobegao s mesta streljanja. #GlasZrtava #Srebrenica1995 #Branjevo1995","og_url":"https:\/\/www.recom.link\/bhsc\/ahmo-hasic\/","og_site_name":"REKOM ~ KOMRA ~ RECOM","article_publisher":"https:\/\/www.facebook.com\/ZaREKOM.PerKOMRA.ForRECOM\/","article_published_time":"2018-07-01T23:00:00+00:00","article_modified_time":"2020-08-13T13:56:25+00:00","og_image":[{"width":575,"height":385,"url":"https:\/\/www.recom.link\/wp-content\/uploads\/2018\/07\/ahmo-hasic-5.png","type":"image\/png"}],"author":"mihajlo","twitter_card":"summary_large_image","twitter_title":"Ahmo Hasi\u0107: Sinovi \u2019pre\u0161li nisu ni jedan\u2019","twitter_description":"Svedok Ahmo Hasi\u0107 je 16.07.1995. pre\u017eiveo streljanje bosanskih Muslimana na farmi Branjevo. Opisao je kako je pobegao s mesta streljanja. #GlasZrtava #Srebrenica1995 #Branjevo1995","twitter_creator":"@REKOM_KOMRA","twitter_site":"@REKOM_KOMRA","twitter_misc":{"Written by":"mihajlo","Est. reading time":"1 minute"},"schema":{"@context":"https:\/\/schema.org","@graph":[{"@type":"WebPage","@id":"https:\/\/www.recom.link\/bhsc\/ahmo-hasic\/","url":"https:\/\/www.recom.link\/bhsc\/ahmo-hasic\/","name":"Ahmo Hasi\u0107 - REKOM ~ KOMRA ~ RECOM","isPartOf":{"@id":"https:\/\/www.recom.link\/en\/#website"},"primaryImageOfPage":{"@id":"https:\/\/www.recom.link\/bhsc\/ahmo-hasic\/#primaryimage"},"image":{"@id":"https:\/\/www.recom.link\/bhsc\/ahmo-hasic\/#primaryimage"},"thumbnailUrl":"https:\/\/www.recom.link\/wp-content\/uploads\/2018\/07\/ahmo-hasic-5.png","datePublished":"2018-07-01T23:00:00+00:00","dateModified":"2020-08-13T13:56:25+00:00","author":{"@id":"https:\/\/www.recom.link\/en\/#\/schema\/person\/c0862c436fe4eedec04aac0a2fb07530"},"description":"Svedok Ahmo Hasi\u0107 je 16.07.1995. pre\u017eiveo streljanje bosanskih Muslimana na farmi Branjevo. Opisao je kako je pobegao s mesta streljanja.","breadcrumb":{"@id":"https:\/\/www.recom.link\/bhsc\/ahmo-hasic\/#breadcrumb"},"inLanguage":"bhsc","potentialAction":[{"@type":"ReadAction","target":["https:\/\/www.recom.link\/bhsc\/ahmo-hasic\/"]}]},{"@type":"ImageObject","inLanguage":"bhsc","@id":"https:\/\/www.recom.link\/bhsc\/ahmo-hasic\/#primaryimage","url":"https:\/\/www.recom.link\/wp-content\/uploads\/2018\/07\/ahmo-hasic-5.png","contentUrl":"https:\/\/www.recom.link\/wp-content\/uploads\/2018\/07\/ahmo-hasic-5.png","width":575,"height":385,"caption":"Ahmo Hasi\u0107 tokom svedo\u010denja u Hagu (ICTY TV - 07.09.2006.)"},{"@type":"BreadcrumbList","@id":"https:\/\/www.recom.link\/bhsc\/ahmo-hasic\/#breadcrumb","itemListElement":[{"@type":"ListItem","position":1,"name":"Home","item":"https:\/\/www.recom.link\/en\/"},{"@type":"ListItem","position":2,"name":"Ahmo Hasi\u0107"}]},{"@type":"WebSite","@id":"https:\/\/www.recom.link\/en\/#website","url":"https:\/\/www.recom.link\/en\/","name":"REKOM ~ KOMRA ~ RECOM","description":"","potentialAction":[{"@type":"SearchAction","target":{"@type":"EntryPoint","urlTemplate":"https:\/\/www.recom.link\/en\/?s={search_term_string}"},"query-input":{"@type":"PropertyValueSpecification","valueRequired":true,"valueName":"search_term_string"}}],"inLanguage":"bhsc"},{"@type":"Person","@id":"https:\/\/www.recom.link\/en\/#\/schema\/person\/c0862c436fe4eedec04aac0a2fb07530","name":"mihajlo","image":{"@type":"ImageObject","inLanguage":"bhsc","@id":"https:\/\/www.recom.link\/en\/#\/schema\/person\/image\/","url":"https:\/\/secure.gravatar.com\/avatar\/fdf797cd3492e4836264e464108a55ee?s=96&d=mm&r=g","contentUrl":"https:\/\/secure.gravatar.com\/avatar\/fdf797cd3492e4836264e464108a55ee?s=96&d=mm&r=g","caption":"mihajlo"},"url":"https:\/\/www.recom.link\/bhsc\/author\/mihajlo\/"}]}},"_links":{"self":[{"href":"https:\/\/www.recom.link\/bhsc\/wp-json\/wp\/v2\/posts\/145703"}],"collection":[{"href":"https:\/\/www.recom.link\/bhsc\/wp-json\/wp\/v2\/posts"}],"about":[{"href":"https:\/\/www.recom.link\/bhsc\/wp-json\/wp\/v2\/types\/post"}],"author":[{"embeddable":true,"href":"https:\/\/www.recom.link\/bhsc\/wp-json\/wp\/v2\/users\/116"}],"replies":[{"embeddable":true,"href":"https:\/\/www.recom.link\/bhsc\/wp-json\/wp\/v2\/comments?post=145703"}],"version-history":[{"count":4,"href":"https:\/\/www.recom.link\/bhsc\/wp-json\/wp\/v2\/posts\/145703\/revisions"}],"predecessor-version":[{"id":183884,"href":"https:\/\/www.recom.link\/bhsc\/wp-json\/wp\/v2\/posts\/145703\/revisions\/183884"}],"wp:featuredmedia":[{"embeddable":true,"href":"https:\/\/www.recom.link\/bhsc\/wp-json\/wp\/v2\/media\/167411"}],"wp:attachment":[{"href":"https:\/\/www.recom.link\/bhsc\/wp-json\/wp\/v2\/media?parent=145703"}],"wp:term":[{"taxonomy":"category","embeddable":true,"href":"https:\/\/www.recom.link\/bhsc\/wp-json\/wp\/v2\/categories?post=145703"},{"taxonomy":"post_tag","embeddable":true,"href":"https:\/\/www.recom.link\/bhsc\/wp-json\/wp\/v2\/tags?post=145703"}],"curies":[{"name":"wp","href":"https:\/\/api.w.org\/{rel}","templated":true}]}}