{"id":140024,"date":"2016-08-09T09:50:46","date_gmt":"2016-08-09T08:50:46","guid":{"rendered":"http:\/\/www.recom.link\/acknowledging-genocide-moral-prerequisite-reconciliation-2\/"},"modified":"2016-08-09T10:27:19","modified_gmt":"2016-08-09T09:27:19","slug":"acknowledging-genocide-moral-prerequisite-reconciliation","status":"publish","type":"post","link":"https:\/\/www.recom.link\/bhsc\/acknowledging-genocide-moral-prerequisite-reconciliation\/","title":{"rendered":"Priznavanje genocida je moralni uslov pomirenja"},"content":{"rendered":"<p><em>Bila sam \u0161okirana da se ministar Da\u010di\u0107, bliski saradnik Slobodana Milo\u0161evi\u0107a, neko ko je iz partije koja snosi odgovornost za bombardovanje zemlje, usudio da ka\u017ee da je vreme da se preispita odgovornost \u010dlanica NATO za bombardovanje SRJ<\/em><\/p>\n<p>&nbsp;<\/p>\n<p><a href=\"http:\/\/www.recom.link\/wp-content\/uploads\/2015\/07\/natasa-kandic-720x340.jpeg\"><img loading=\"lazy\" decoding=\"async\" class=\"alignnone wp-image-134117\" src=\"http:\/\/www.recom.link\/wp-content\/uploads\/2015\/07\/natasa-kandic-720x340-300x142.jpeg\" alt=\"natasa-kandic-720x340\" width=\"433\" height=\"205\" srcset=\"https:\/\/www.recom.link\/wp-content\/uploads\/2015\/07\/natasa-kandic-720x340-300x142.jpeg 300w, https:\/\/www.recom.link\/wp-content\/uploads\/2015\/07\/natasa-kandic-720x340.jpeg 720w\" sizes=\"(max-width: 433px) 100vw, 433px\" \/><\/a><\/p>\n<p>&nbsp;<\/p>\n<p>Ha\u0161im Ta\u010di je polo\u017eio cve\u0107e na spomen-plo\u010du \u017ertvama iz Starog Gackog na 16. godi\u0161njicu zlo\u010dina, \u0161to nije odjeknulo kao &#8220;klju\u010d pomirenja&#8221;, ali bitno je da iz Srbije nije bilo povika &#8220;on \u0107e na\u0161im \u017ertvama&#8230;&#8221;.<\/p>\n<p>Mene su Ta\u010dijeve re\u010di iznenadile. Nije rekao &#8220;pola\u017eem cve\u0107e srpskim \u017ertvama, o\u010dekujem da i premijer Srbije polo\u017ei cve\u0107e albanskim \u017ertvama&#8221;. Napravio je korak ispred premijera i predsednika Srbije, koji po\u0161tuju druge \u017ertve, ali &#8220;pod uslovom da drugi priznaju i po\u0161tuju srpske \u017ertve&#8221;. Iskreno, ni raniji predstavlja\u010di Srbije, predsednici, premijeri i parlamenti, nisu prihvatali iskustvene \u010dinjenice uspe\u0161nih tranzicija da suo\u010davanje s pro\u0161lo\u0161\u0107u po\u010dinje &#8220;bezuslovnim priznavanjem drugih \u017ertava&#8221;. Setimo se Deklaracije o po\u0161tovanju \u017ertava Srebrenice (mart 2010), i odmah za njom, Deklaracije o osudi zlo\u010dina nad srpskim narodom i poziva parlamentima drugih dr\u017eava iz regiona da osude zlo\u010dine i izraze po\u0161tovanje prema srpskim \u017ertvama (oktobar 2010).<\/p>\n<p>U Srbiji ima jedno mesto za koje pouzdano znamo da je mesto izvr\u0161enja zlo\u010dina nad Albancima koji su po me\u0111unarodnom pravu i doma\u0107im zakonima imali status za\u0161ti\u0107enih lica &#8211; Petrovo selo, policijski kamp u kojem su streljana trojica bra\u0107e Biti\u0107i. U Petrovom selu nema plo\u010de na kojoj pi\u0161e da su tu, po naredbi najvi\u0161ih institucija Srbije, streljana trojica mladi\u0107a, Albanaca, ameri\u010dkih dr\u017eavljana, koji su pomogli ugro\u017eenoj romskoj porodici da sa Kosova pre\u0111e u Srbiju. Pro\u0161lo je 17 godina od ubistva bra\u0107e Biti\u0107i, nije kasno da predsednik ili premijer, ili obojica, polo\u017ee cve\u0107e na mestu izvr\u0161enja i skrivanja zlo\u010dina nad Albancima. Najbolje bez re\u010di &#8211; isti\u010de u razgovoru za Danas Nata\u0161a Kandi\u0107, biv\u0161a direktorka Fonda za humanitarno pravo.<\/p>\n<p>&nbsp;<\/p>\n<p>Pi\u0161e <strong>Sne\u017eana \u010congradin<\/strong><\/p>\n<p>&nbsp;<\/p>\n<p><strong>Kakva je uloga EU u tom procesu? Da li su opravdane kritike da su takvi postupci usiljeni, da su na njih regionalni lideri primorani, odnosno da ih nikada ne bi bilo da evropske integracije ne zahtevaju suo\u010davanje sa pro\u0161lo\u0161\u0107u i pomirenje koje bi iz toga trebalo da proiza\u0111e?<\/strong><\/p>\n<p>EU nema strategiju pomirenja u postkonfliktnim dru\u0161tvima, kojima pripadaju dr\u017eave nastale na teritoriji nekada\u0161nje SFRJ. Dok se Ha\u0161ki tribunal bavio istragama, EU je uslovljavala napredak u pristupanju saradnjom sa Ha\u0161kim tribunalom, na nivou konkretnih dela &#8211; hap\u0161enje i predavanje optu\u017eenih, dostavljanje vojnih i policijskih dokumenata, i obezbe\u0111enje prisustva pozvanih svedoka. Danas su svi optu\u017eeni predati, sudi im se pred Ha\u0161kim tribunalom, i time kao da je EU poru\u010dila liderima u regionu &#8220;krivi\u010dna pravda je u va\u0161im rukama&#8221;.<\/p>\n<p><strong>Da li je taj konstantan zahtev &#8211; prizna\u0107u tvoje \u017ertve ako ti prizna\u0161 moje &#8211; normalna okolnost iz koje mo\u017ee da nastane istinsko priznanje?<\/strong><\/p>\n<p>Politi\u010dari u Srbiji, mislim na premijera, predsednika i ministra diplomatije, koji se naj\u010de\u0161\u0107e javljaju u javnosti, moraju da u\u010de iz tu\u0111eg iskustva, da razumeju da priznavanje i po\u0161tovanje drugih \u017ertava je priznanje da su \u017eivoti tih \u017ertava vredni. U javnosti u regionu je prepoznato da Srbija tra\u017ei izjedna\u010davanje odgovornosti za rat. To niko ne\u0107e priznati. Postoje sudske \u010dinjenice o odgovornosti brojnih generala, uklju\u010duju\u0107i i ratnog zlo\u010dinca Vladimira Lazarevi\u0107a, koje indirektno govore i o odgovornosti institucija dr\u017eava za \u010dinjenje ratnih zlo\u010dina. Srbija mora da prihvati i da se nosi sa te\u0161kim nasle\u0111em pro\u0161losti. Hiljade i hiljade \u017ertava su izgubile \u017eivot od ruku pripadnika JNA\/VJ i MUP Srbije. Te \u010dinjenice se ne mogu promeniti, ali moramo nau\u010diti lekcije.<\/p>\n<p><strong>Primetno je da su srpski zvani\u010dnici skloniji da priznaju i, koliko toliko, sa \u017ealjenjem se odnose prema bo\u0161nja\u010dkim \u017ertvama nego prema kosovskim Albancima. Zbog \u010dega je takav slu\u010daj?<\/strong><\/p>\n<p>Ta\u010dno je da predstavnici institucija Srbije pokazuju saose\u0107anje sa muslimanskim \u017ertvama, a da je odnos prema albanskim \u017ertvama hladan, i \u010desto neprijatan. \u017divoti albanskih \u017ertava su manje vredni od \u017eivota srpskih, pa i bo\u0161nja\u010dkih &#8211; to se ose\u0107a u izjavama srpskih politi\u010dara. Iako niko ne ka\u017ee &#8220;trebalo ih je sve ubiti&#8221;, ja uvek sumnjam da im je to u glavi.<\/p>\n<p><strong>Kako komentari\u0161ete o\u010dekivanje Ivice Da\u010di\u0107a da se preispita odgovornost za bombardovanje SRJ 1999. godine?<\/strong><\/p>\n<p>Bila sam \u0161okirana da se ministar Da\u010di\u0107, bliski saradnik Slobodana Milo\u0161evi\u0107a, neko ko je iz partije koja snosi odgovornost za bombardovanje zemlje, usudio da ka\u017ee da je vreme da se preispita odgovornost \u010dlanica NATO za bombardovanje SRJ. Pla\u0161i me ta njegova izjava, kao da je ocenio da je trenutak za &#8220;istorijske izmene&#8221;. Kad to ka\u017ee Palma, nema te\u017einu, ali ova izjava je opasna, posebno jer su politi\u010dari uspeli da se u javnosti stvori percepcija da je zemlja nepravedno bombardovana, da su hiljade i hiljade ljudi ubijeni. Ne vredi \u0161to FHP svake godine objavi imena 758 ljudi koji su izgubili \u017eivot u NATO napadima, i u Srbiji i na Kosovu. Naravno najvi\u0161e je poginulo pripadnika VJ, ali je me\u0111u njima 104 mladih regruta, poginulih na Ko\u0161arama. Treba otvoriti debatu o odgovornosti za NATO bombardovanje, za\u0161to ne u parlamentu i u civilnom dru\u0161tvu. Neposredno posle 5. oktobra po\u010delo se govoriti o odgovornosti za bombardovanje zemlje, u kontekstu odgovornosti S. Milo\u0161evi\u0107a i generala VJ i MUP Srbije, ali je brzo prekinuta. Ja sam zaklju\u010dila da su generali nadja\u010dali krhke glasove o njihovoj odgovornosti. Vremenom generali su vratili svoju mo\u0107 i poziciju heroja, \u0161ta vi\u0161e uspeli su da ubede roditelje ubijenih regruta na Ko\u0161arama da su za njihovu smrt krivi OVK i NATO, a ne oni koji su naredili da se \u017ertvuju de\u010daci.<\/p>\n<p><strong>Hrvatska je u procesu otvaranja poglavlja Srbiji tra\u017eila da Srbija ukine zakon o univerzalnoj nadle\u017enosti za ratne zlo\u010dine. EU je, me\u0111utim, saop\u0161tila da taj hrvatski zahtev ne\u0107e biti deo pregovara\u010dkog procesa. Varnice na relaciji Beograd-Zagreb zbog tog zakona ne prestaju ni danas. Kako to komentari\u0161ete?<\/strong><\/p>\n<p>Hrvatska vlada ima pravo da tra\u017ei ukidanje spornog zakona, ali nema pravu argumentaciju. U tome, obema stranama, i hrvatskoj i srpskoj, mo\u017ee da pomogne biv\u0161i predsednik Hrvatske Ivo Josipovi\u0107.<\/p>\n<p><strong>Za\u0161to je EU na srpskoj strani po ovom pitanju, a ne na hrvatskoj?<\/strong><\/p>\n<p>U situaciji sa &#8220;bregzitom&#8221;, EU je morala da se poka\u017ee jakom i da odlu\u010duje. Zgodno je do\u0161la opcija otvaranja pregovara sa Srbijom. Osim toga, EU mora da prekine blokadu dijaloga izme\u0111u Srbije I Kosova. Zato je neophodan Aleksandar Vu\u010di\u0107, kooperativan na stari na\u010din, bez obzira na trenutke nepoliti\u010dkog pona\u0161anja prema predstavnicima EU.<\/p>\n<p><strong><br \/>\nMajke Srebrenice nisu trebale to da ka\u017eu<\/strong><\/p>\n<p>&nbsp;<\/p>\n<p><strong>Kako komentari\u0161ete odluku majki Srebrenice i na\u010delnika Srebrenice \u0106amila Durakovi\u0107a da uo\u010di komemoracije \u017ertvama genocida u Srebrenici ka\u017eu da svi oni koji negiraju genocid nisu dobrodo\u0161li u Poto\u010dare?<\/strong><\/p>\n<p>Majke Srebrenice nisu trebale to da ka\u017eu, jer su pro\u0161log 11. jula ra\u0161irenih ruku do\u010dekale premijera Srbije. Taj 11. juli je dan \u017ealosti. I u Srbiji treba da bude, a ne da se pla\u0161imo da javno \u017ealimo za izgubljenim \u017eivotima. Priznavanje genocida je moralni uslov pomirenja. Ako aktuelni premijer i predsednik to ne u\u010dine, pristupni pregovori o poglavljima 23 i 24 nemaju smisla.<\/p>\n<p>&nbsp;<\/p>\n<p>(Objavljeno u listu <a href=\"http:\/\/www.danas.rs\/politika.56.html?news_id=324099&amp;title=I%20SPS%20snosi%20odgovornost%20za%20bombardovanje#sthash.3KJwie5X.dpuf\">Danas, 22. jula 2016<\/a>, pod naslovom \u201cI SPS snosi odgovornost za bombardovanje\u201d)<\/p>\n<p>&nbsp;<\/p>\n<p>&nbsp;<\/p>\n","protected":false},"excerpt":{"rendered":"Bila sam \u0161okirana da se ministar Da\u010di\u0107, bliski saradnik Slobodana Milo\u0161evi\u0107a, neko ko je iz partije koja snosi odgovornost za&#8230; ","protected":false},"author":8,"featured_media":134117,"comment_status":"closed","ping_status":"closed","sticky":false,"template":"","format":"standard","meta":{"_acf_changed":false,"footnotes":""},"categories":[425,593],"tags":[],"class_list":["post-140024","post","type-post","status-publish","format-standard","has-post-thumbnail","hentry","category-intervjui-bhsc","category-tranziciona-pravda-bhsc"],"acf":[],"yoast_head":"<!-- This site is optimized with the Yoast SEO plugin v25.6 - https:\/\/yoast.com\/wordpress\/plugins\/seo\/ -->\n<title>Priznavanje genocida je moralni uslov pomirenja - REKOM ~ KOMRA ~ RECOM<\/title>\n<meta name=\"robots\" content=\"index, follow, max-snippet:-1, max-image-preview:large, max-video-preview:-1\" \/>\n<link rel=\"canonical\" href=\"https:\/\/www.recom.link\/bhsc\/acknowledging-genocide-moral-prerequisite-reconciliation\/\" \/>\n<meta property=\"og:locale\" content=\"en_US\" \/>\n<meta property=\"og:type\" content=\"article\" \/>\n<meta property=\"og:title\" content=\"Priznavanje genocida je moralni uslov pomirenja - REKOM ~ KOMRA ~ RECOM\" \/>\n<meta property=\"og:description\" content=\"Bila sam \u0161okirana da se ministar Da\u010di\u0107, bliski saradnik Slobodana Milo\u0161evi\u0107a, neko ko je iz partije koja snosi odgovornost za...\" \/>\n<meta property=\"og:url\" content=\"https:\/\/www.recom.link\/bhsc\/acknowledging-genocide-moral-prerequisite-reconciliation\/\" \/>\n<meta property=\"og:site_name\" content=\"REKOM ~ KOMRA ~ RECOM\" \/>\n<meta property=\"article:publisher\" content=\"https:\/\/www.facebook.com\/ZaREKOM.PerKOMRA.ForRECOM\/\" \/>\n<meta property=\"article:published_time\" content=\"2016-08-09T08:50:46+00:00\" \/>\n<meta property=\"article:modified_time\" content=\"2016-08-09T09:27:19+00:00\" \/>\n<meta property=\"og:image\" content=\"https:\/\/www.recom.link\/wp-content\/uploads\/2015\/07\/natasa-kandic-720x340.jpeg\" \/>\n\t<meta property=\"og:image:width\" content=\"720\" \/>\n\t<meta property=\"og:image:height\" content=\"340\" \/>\n\t<meta property=\"og:image:type\" content=\"image\/jpeg\" \/>\n<meta name=\"author\" content=\"Recom Editor\" \/>\n<meta name=\"twitter:card\" content=\"summary_large_image\" \/>\n<meta name=\"twitter:creator\" content=\"@REKOM_KOMRA\" \/>\n<meta name=\"twitter:site\" content=\"@REKOM_KOMRA\" \/>\n<meta name=\"twitter:label1\" content=\"Written by\" \/>\n\t<meta name=\"twitter:data1\" content=\"Recom Editor\" \/>\n\t<meta name=\"twitter:label2\" content=\"Est. reading time\" \/>\n\t<meta name=\"twitter:data2\" content=\"6 minutes\" \/>\n<script type=\"application\/ld+json\" class=\"yoast-schema-graph\">{\"@context\":\"https:\/\/schema.org\",\"@graph\":[{\"@type\":\"WebPage\",\"@id\":\"https:\/\/www.recom.link\/bhsc\/acknowledging-genocide-moral-prerequisite-reconciliation\/\",\"url\":\"https:\/\/www.recom.link\/bhsc\/acknowledging-genocide-moral-prerequisite-reconciliation\/\",\"name\":\"Priznavanje genocida je moralni uslov pomirenja - REKOM ~ KOMRA ~ RECOM\",\"isPartOf\":{\"@id\":\"https:\/\/www.recom.link\/en\/#website\"},\"primaryImageOfPage\":{\"@id\":\"https:\/\/www.recom.link\/bhsc\/acknowledging-genocide-moral-prerequisite-reconciliation\/#primaryimage\"},\"image\":{\"@id\":\"https:\/\/www.recom.link\/bhsc\/acknowledging-genocide-moral-prerequisite-reconciliation\/#primaryimage\"},\"thumbnailUrl\":\"https:\/\/www.recom.link\/wp-content\/uploads\/2015\/07\/natasa-kandic-720x340.jpeg\",\"datePublished\":\"2016-08-09T08:50:46+00:00\",\"dateModified\":\"2016-08-09T09:27:19+00:00\",\"author\":{\"@id\":\"https:\/\/www.recom.link\/en\/#\/schema\/person\/0b0fce47cdf986c8b4194146b69999a3\"},\"breadcrumb\":{\"@id\":\"https:\/\/www.recom.link\/bhsc\/acknowledging-genocide-moral-prerequisite-reconciliation\/#breadcrumb\"},\"inLanguage\":\"bhsc\",\"potentialAction\":[{\"@type\":\"ReadAction\",\"target\":[\"https:\/\/www.recom.link\/bhsc\/acknowledging-genocide-moral-prerequisite-reconciliation\/\"]}]},{\"@type\":\"ImageObject\",\"inLanguage\":\"bhsc\",\"@id\":\"https:\/\/www.recom.link\/bhsc\/acknowledging-genocide-moral-prerequisite-reconciliation\/#primaryimage\",\"url\":\"https:\/\/www.recom.link\/wp-content\/uploads\/2015\/07\/natasa-kandic-720x340.jpeg\",\"contentUrl\":\"https:\/\/www.recom.link\/wp-content\/uploads\/2015\/07\/natasa-kandic-720x340.jpeg\",\"width\":720,\"height\":340},{\"@type\":\"BreadcrumbList\",\"@id\":\"https:\/\/www.recom.link\/bhsc\/acknowledging-genocide-moral-prerequisite-reconciliation\/#breadcrumb\",\"itemListElement\":[{\"@type\":\"ListItem\",\"position\":1,\"name\":\"Home\",\"item\":\"https:\/\/www.recom.link\/en\/\"},{\"@type\":\"ListItem\",\"position\":2,\"name\":\"Priznavanje genocida je moralni uslov pomirenja\"}]},{\"@type\":\"WebSite\",\"@id\":\"https:\/\/www.recom.link\/en\/#website\",\"url\":\"https:\/\/www.recom.link\/en\/\",\"name\":\"REKOM ~ KOMRA ~ RECOM\",\"description\":\"\",\"potentialAction\":[{\"@type\":\"SearchAction\",\"target\":{\"@type\":\"EntryPoint\",\"urlTemplate\":\"https:\/\/www.recom.link\/en\/?s={search_term_string}\"},\"query-input\":{\"@type\":\"PropertyValueSpecification\",\"valueRequired\":true,\"valueName\":\"search_term_string\"}}],\"inLanguage\":\"bhsc\"},{\"@type\":\"Person\",\"@id\":\"https:\/\/www.recom.link\/en\/#\/schema\/person\/0b0fce47cdf986c8b4194146b69999a3\",\"name\":\"Recom Editor\",\"image\":{\"@type\":\"ImageObject\",\"inLanguage\":\"bhsc\",\"@id\":\"https:\/\/www.recom.link\/en\/#\/schema\/person\/image\/\",\"url\":\"https:\/\/secure.gravatar.com\/avatar\/b345ee03975bccfc62280b0fd1ffd916?s=96&d=mm&r=g\",\"contentUrl\":\"https:\/\/secure.gravatar.com\/avatar\/b345ee03975bccfc62280b0fd1ffd916?s=96&d=mm&r=g\",\"caption\":\"Recom Editor\"},\"url\":\"https:\/\/www.recom.link\/bhsc\/author\/jelanag\/\"}]}<\/script>\n<!-- \/ Yoast SEO plugin. -->","yoast_head_json":{"title":"Priznavanje genocida je moralni uslov pomirenja - REKOM ~ KOMRA ~ RECOM","robots":{"index":"index","follow":"follow","max-snippet":"max-snippet:-1","max-image-preview":"max-image-preview:large","max-video-preview":"max-video-preview:-1"},"canonical":"https:\/\/www.recom.link\/bhsc\/acknowledging-genocide-moral-prerequisite-reconciliation\/","og_locale":"en_US","og_type":"article","og_title":"Priznavanje genocida je moralni uslov pomirenja - REKOM ~ KOMRA ~ RECOM","og_description":"Bila sam \u0161okirana da se ministar Da\u010di\u0107, bliski saradnik Slobodana Milo\u0161evi\u0107a, neko ko je iz partije koja snosi odgovornost za...","og_url":"https:\/\/www.recom.link\/bhsc\/acknowledging-genocide-moral-prerequisite-reconciliation\/","og_site_name":"REKOM ~ KOMRA ~ RECOM","article_publisher":"https:\/\/www.facebook.com\/ZaREKOM.PerKOMRA.ForRECOM\/","article_published_time":"2016-08-09T08:50:46+00:00","article_modified_time":"2016-08-09T09:27:19+00:00","og_image":[{"width":720,"height":340,"url":"https:\/\/www.recom.link\/wp-content\/uploads\/2015\/07\/natasa-kandic-720x340.jpeg","type":"image\/jpeg"}],"author":"Recom Editor","twitter_card":"summary_large_image","twitter_creator":"@REKOM_KOMRA","twitter_site":"@REKOM_KOMRA","twitter_misc":{"Written by":"Recom Editor","Est. reading time":"6 minutes"},"schema":{"@context":"https:\/\/schema.org","@graph":[{"@type":"WebPage","@id":"https:\/\/www.recom.link\/bhsc\/acknowledging-genocide-moral-prerequisite-reconciliation\/","url":"https:\/\/www.recom.link\/bhsc\/acknowledging-genocide-moral-prerequisite-reconciliation\/","name":"Priznavanje genocida je moralni uslov pomirenja - REKOM ~ KOMRA ~ RECOM","isPartOf":{"@id":"https:\/\/www.recom.link\/en\/#website"},"primaryImageOfPage":{"@id":"https:\/\/www.recom.link\/bhsc\/acknowledging-genocide-moral-prerequisite-reconciliation\/#primaryimage"},"image":{"@id":"https:\/\/www.recom.link\/bhsc\/acknowledging-genocide-moral-prerequisite-reconciliation\/#primaryimage"},"thumbnailUrl":"https:\/\/www.recom.link\/wp-content\/uploads\/2015\/07\/natasa-kandic-720x340.jpeg","datePublished":"2016-08-09T08:50:46+00:00","dateModified":"2016-08-09T09:27:19+00:00","author":{"@id":"https:\/\/www.recom.link\/en\/#\/schema\/person\/0b0fce47cdf986c8b4194146b69999a3"},"breadcrumb":{"@id":"https:\/\/www.recom.link\/bhsc\/acknowledging-genocide-moral-prerequisite-reconciliation\/#breadcrumb"},"inLanguage":"bhsc","potentialAction":[{"@type":"ReadAction","target":["https:\/\/www.recom.link\/bhsc\/acknowledging-genocide-moral-prerequisite-reconciliation\/"]}]},{"@type":"ImageObject","inLanguage":"bhsc","@id":"https:\/\/www.recom.link\/bhsc\/acknowledging-genocide-moral-prerequisite-reconciliation\/#primaryimage","url":"https:\/\/www.recom.link\/wp-content\/uploads\/2015\/07\/natasa-kandic-720x340.jpeg","contentUrl":"https:\/\/www.recom.link\/wp-content\/uploads\/2015\/07\/natasa-kandic-720x340.jpeg","width":720,"height":340},{"@type":"BreadcrumbList","@id":"https:\/\/www.recom.link\/bhsc\/acknowledging-genocide-moral-prerequisite-reconciliation\/#breadcrumb","itemListElement":[{"@type":"ListItem","position":1,"name":"Home","item":"https:\/\/www.recom.link\/en\/"},{"@type":"ListItem","position":2,"name":"Priznavanje genocida je moralni uslov pomirenja"}]},{"@type":"WebSite","@id":"https:\/\/www.recom.link\/en\/#website","url":"https:\/\/www.recom.link\/en\/","name":"REKOM ~ KOMRA ~ RECOM","description":"","potentialAction":[{"@type":"SearchAction","target":{"@type":"EntryPoint","urlTemplate":"https:\/\/www.recom.link\/en\/?s={search_term_string}"},"query-input":{"@type":"PropertyValueSpecification","valueRequired":true,"valueName":"search_term_string"}}],"inLanguage":"bhsc"},{"@type":"Person","@id":"https:\/\/www.recom.link\/en\/#\/schema\/person\/0b0fce47cdf986c8b4194146b69999a3","name":"Recom Editor","image":{"@type":"ImageObject","inLanguage":"bhsc","@id":"https:\/\/www.recom.link\/en\/#\/schema\/person\/image\/","url":"https:\/\/secure.gravatar.com\/avatar\/b345ee03975bccfc62280b0fd1ffd916?s=96&d=mm&r=g","contentUrl":"https:\/\/secure.gravatar.com\/avatar\/b345ee03975bccfc62280b0fd1ffd916?s=96&d=mm&r=g","caption":"Recom Editor"},"url":"https:\/\/www.recom.link\/bhsc\/author\/jelanag\/"}]}},"_links":{"self":[{"href":"https:\/\/www.recom.link\/bhsc\/wp-json\/wp\/v2\/posts\/140024"}],"collection":[{"href":"https:\/\/www.recom.link\/bhsc\/wp-json\/wp\/v2\/posts"}],"about":[{"href":"https:\/\/www.recom.link\/bhsc\/wp-json\/wp\/v2\/types\/post"}],"author":[{"embeddable":true,"href":"https:\/\/www.recom.link\/bhsc\/wp-json\/wp\/v2\/users\/8"}],"replies":[{"embeddable":true,"href":"https:\/\/www.recom.link\/bhsc\/wp-json\/wp\/v2\/comments?post=140024"}],"version-history":[{"count":3,"href":"https:\/\/www.recom.link\/bhsc\/wp-json\/wp\/v2\/posts\/140024\/revisions"}],"predecessor-version":[{"id":140034,"href":"https:\/\/www.recom.link\/bhsc\/wp-json\/wp\/v2\/posts\/140024\/revisions\/140034"}],"wp:featuredmedia":[{"embeddable":true,"href":"https:\/\/www.recom.link\/bhsc\/wp-json\/wp\/v2\/media\/134117"}],"wp:attachment":[{"href":"https:\/\/www.recom.link\/bhsc\/wp-json\/wp\/v2\/media?parent=140024"}],"wp:term":[{"taxonomy":"category","embeddable":true,"href":"https:\/\/www.recom.link\/bhsc\/wp-json\/wp\/v2\/categories?post=140024"},{"taxonomy":"post_tag","embeddable":true,"href":"https:\/\/www.recom.link\/bhsc\/wp-json\/wp\/v2\/tags?post=140024"}],"curies":[{"name":"wp","href":"https:\/\/api.w.org\/{rel}","templated":true}]}}