{"id":138237,"date":"2016-03-25T13:58:36","date_gmt":"2016-03-25T12:58:36","guid":{"rendered":"http:\/\/www.recom.link\/138221-2-2\/"},"modified":"2020-04-10T11:25:36","modified_gmt":"2020-04-10T10:25:36","slug":"138221-2","status":"publish","type":"post","link":"https:\/\/www.recom.link\/bhsc\/138221-2\/","title":{"rendered":"Nata\u0161a Kandi\u0107: Predugo se \u010dekalo na presudu Karad\u017ei\u0107u"},"content":{"rendered":"<p class=\"subhead\"><em>Izvr\u0161na direktorica Fonda za humanitarno pravo u Srbiji Nata\u0161a Kandi\u0107 komentari\u0161u\u0107i za Anadoliju dana\u0161nju presudu Radovanu Karad\u017ei\u0107u pred Ha\u0161kim tribunalom, rekla je da se predugo \u010dekalo na tu presudu, ali da je va\u017eno da je kona\u010dno donijeta te da se nije dogodilo da iskrsnu neki doga\u0111aji, pitanja, novi doga\u0111aji, koji bi omeli njeno dono\u0161enje.<\/em><\/p>\n<div class=\"box-text\">\n<div class=\"box-social\">\n<\/div>\n<div class=\"sliderContainer fullWidth clearfix\">\n<div id=\"full-width-slider\" class=\"royalSlider heroSlider rsMinW rsHor rsWithBullets\">\n<div class=\"rsOverflow\">\n<div class=\"rsContainer\">\n<div class=\"rsSlide \">\n<div class=\"rsContent\"><img loading=\"lazy\" decoding=\"async\" class=\"rsImg rsMainSlideImage\" src=\"http:\/\/www.oslobodjenje.ba\/portal\/images\/articles\/natasa-kandic-predugo-se-cekalo-na-presudu-karadzicu_1458851001.jpg\" alt=\"\" width=\"488\" height=\"325\" \/><\/div>\n<\/div>\n<\/div>\n<\/div>\n<\/div>\n<\/div>\n<\/div>\n<div class=\"sliderContainer fullWidth clearfix\"><\/div>\n<p>&#8220;Presuda je istorijski relevantna, mislim da je ona najve\u0107a prepreka za svaki poku\u0161aj revizionizma i u toliko je njena vrednost nemerljiva. Svako ko je pratio sva ta su\u0111enja i izvo\u0111enja dokaza, pratio u koliko predmeta je potvr\u0111en genocid u Srebrenici, znao je da ni u ovoj presudi ne\u0107e biti odgovornosti za genocid u op\u0161tinama koje su pomenute i argumentovane&#8221;, navela je Kandi\u0107.<\/p>\n<p>Ona je dodala da nema predmeta u kojem je presu\u0111en genocid u op\u0161tini Fo\u010da, Vlasinica tako da se znalo da ne\u0107e biti te pravne odluke, ali da je zna\u010dajno to \u0161to su utvr\u0111ene nove sudske \u010dinjenice.<\/p>\n<p>&#8220;Zlo\u010dini u op\u0161tini Zvornik, a napravljeni su u velikom broju, gde je preko 700 ljudi ubijeno, u ovom predmetu Karad\u017ei\u0107u je prikupljeno stvarno i veliki broj dokaza, \u010dinjenica, koje su sudski potvr\u0111ene. I u svakoj od tih sedam op\u0161tina utvr\u0111ene su dodatne \u010dinjenice, a vrednost tih \u010dinjenica je nemerljiva&#8221;, istakla je.<\/p>\n<p>Komentari\u0161u\u0107i kako \u0107e presudu do\u017eiveti \u017ertve i udru\u017eenja \u017ertava, Kandi\u0107 je navela da smatra da one ne mogu imati druga\u010diji nego emocionalni odnos prema presudi i visini kazne te da nisu zadovoljne, ali da \u0107e &#8220;vremenom i \u017ertve i udru\u017eenja \u017ertava shvatiti da postoji jo\u0161 jedna dimenzija, a to je ta, ne samo istorijska, ve\u0107 postoji budu\u0107nost, ne\u0161to \u0161to treba ostaviti budu\u0107im generacijama&#8221;.<\/p>\n<p>&#8220;Osim toga, postoje i problemi, kao \u0161to je to \u0161to je klima svuda u regionu ekstremno nacionalna, da je bilo bolje pro\u0161le godine, prethodnih godina te da je sada priznavanje \u010dinjenica veoma te\u0161ko. Predstoji sada jedna borba za prihvatanje \u010dinjenica&#8221;, dodala je.<\/p>\n<p>Upitana da li \u0107e to \u0161to je Karad\u017ei\u0107 osu\u0111en izme\u0111u ostalog i za genocid u Srebrenici promijeniti i stav zvani\u010dnika u Srbiji, koji doga\u0111aje u Srebrenici tretitraju samo kao ratni zlo\u010din, Kandi\u0107 je rekla da mislim da u ovom trenutku se to ne mo\u017ee o\u010dekivati te da to potvr\u0111uje i izjava predsjednika Nikoli\u0107a, koji je rekao da svi treba da se bore za srpski narod, da opstane RS.<\/p>\n<p>&#8220;U igri se veoma pola\u017ee na Republiku Srpsku kao ratni plen. Ima tuma\u010denja da je to zaslugom Milo\u0161evi\u0107a, Karad\u017ei\u0107a, Mladi\u0107a dobijeno tako da mi se \u010dini da predstoji jedna borba protiv takve interpretacije i tuma\u010denja i naravno ostaje na civilnom dru\u0161tvu najvi\u0161e da uti\u010de i iznosi argumente koji su sudski utvr\u0111ene&#8221;, rekla je Kandi\u0107 i dodala:<\/p>\n<p>&#8220;Sve ide u prilog i sla\u017ee se sa onim \u0161to Krad\u017ei\u0107 ka\u017ee, da presuda njegova i ranije izre\u010dene presude odma\u017eu pomirenju i da one su \u0161tetne i poni\u0161tavaju svaku \u0161ansu za zajedni\u010dki \u017eivot. Vidi se da on apsolutno daje prednost va\u017enosti teritorija, a da zapravo nigde ne vidi ljude, \u010dak ni srpske \u017ertve, on ni o njima ne govori.&#8221;<\/p>\n<p>Komentari\u0161u\u0107i govor ha\u0161kog optu\u017eenika Vojislava \u0160e\u0161elja na dana\u0161njem mitingu, Kandi\u0107 je rekla da kada se vratio u Srbiju na privremenu slobodu, svi su mislili da \u0160e\u0161elj nema nikakvu snagu i potencijal.<\/p>\n<p>&#8220;Me\u0111utim, u tom \u010ditavom kontekstu ja\u010danja tog ekstremnog nacionalizma, \u0160e\u0161elj se pojavljuje kao snaga. On nije bolestan \u010dovek, on je nadigrao Ha\u0161ki tribunal. On \u0107e morati da bude spakovan i predat Ha\u0161kom tribunalu, ako izre\u010dena kazna prelazi dve tre\u0107ine izdr\u017eanog pritvora. Po mom razumevanju, mislim da ne\u0107e imati razloga da se vra\u0107a u Ha\u0161ki tribunal, a \u0161to se ti\u010de njegove snage ovde, mislim da ima ru\u0161ila\u010dki potencijal&#8221;, rekla je Kandi\u0107 i dodala da \u0107e Srpska napredna stranka i ta vlast ubudu\u0107e morati da vode ra\u010duna o tome i da \u0107e umjesto desni\u010darskih grupa imati pred sobom \u0160e\u0161elja.<\/p>\n<p>(<a href=\"http:\/\/www.oslobodjenje.ba\/vijesti\/bih\/natasa-kandic-predugo-se-cekalo-na-presudu-karadzicu\" target=\"_blank\" rel=\"noopener noreferrer\">Oslobo\u0111enje\/Anadolija, 24.03.2016.<\/a>)<\/p>\n","protected":false},"excerpt":{"rendered":"Izvr\u0161na direktorica Fonda za humanitarno pravo u Srbiji Nata\u0161a Kandi\u0107 komentari\u0161u\u0107i za Anadoliju dana\u0161nju presudu Radovanu Karad\u017ei\u0107u pred Ha\u0161kim tribunalom,&#8230; ","protected":false},"author":8,"featured_media":138222,"comment_status":"closed","ping_status":"closed","sticky":false,"template":"","format":"standard","meta":{"_acf_changed":false,"footnotes":""},"categories":[425],"tags":[1818,1863,1857],"class_list":["post-138237","post","type-post","status-publish","format-standard","has-post-thumbnail","hentry","category-intervjui-bhsc","tag-natasa-kandic-bhsc","tag-presuda","tag-radovan-karadzic"],"acf":[],"yoast_head":"<!-- This site is optimized with the Yoast SEO plugin v25.6 - https:\/\/yoast.com\/wordpress\/plugins\/seo\/ -->\n<title>Nata\u0161a Kandi\u0107: Predugo se \u010dekalo na presudu Karad\u017ei\u0107u - REKOM ~ KOMRA ~ RECOM<\/title>\n<meta name=\"robots\" content=\"index, follow, max-snippet:-1, max-image-preview:large, max-video-preview:-1\" \/>\n<link rel=\"canonical\" href=\"https:\/\/www.recom.link\/bhsc\/138221-2\/\" \/>\n<meta property=\"og:locale\" content=\"en_US\" \/>\n<meta property=\"og:type\" content=\"article\" \/>\n<meta property=\"og:title\" content=\"Nata\u0161a Kandi\u0107: Predugo se \u010dekalo na presudu Karad\u017ei\u0107u - REKOM ~ KOMRA ~ RECOM\" \/>\n<meta property=\"og:description\" content=\"Izvr\u0161na direktorica Fonda za humanitarno pravo u Srbiji Nata\u0161a Kandi\u0107 komentari\u0161u\u0107i za Anadoliju dana\u0161nju presudu Radovanu Karad\u017ei\u0107u pred Ha\u0161kim tribunalom,...\" \/>\n<meta property=\"og:url\" content=\"https:\/\/www.recom.link\/bhsc\/138221-2\/\" \/>\n<meta property=\"og:site_name\" content=\"REKOM ~ KOMRA ~ RECOM\" \/>\n<meta property=\"article:publisher\" content=\"https:\/\/www.facebook.com\/ZaREKOM.PerKOMRA.ForRECOM\/\" \/>\n<meta property=\"article:published_time\" content=\"2016-03-25T12:58:36+00:00\" \/>\n<meta property=\"article:modified_time\" content=\"2020-04-10T10:25:36+00:00\" \/>\n<meta property=\"og:image\" content=\"https:\/\/www.recom.link\/wp-content\/uploads\/2016\/03\/natasa-kandic-predugo-se-cekalo-na-presudu-karadzicu_1458851001.jpg\" \/>\n\t<meta property=\"og:image:width\" content=\"1920\" \/>\n\t<meta property=\"og:image:height\" content=\"1280\" \/>\n\t<meta property=\"og:image:type\" content=\"image\/jpeg\" \/>\n<meta name=\"author\" content=\"Recom Editor\" \/>\n<meta name=\"twitter:card\" content=\"summary_large_image\" \/>\n<meta name=\"twitter:creator\" content=\"@REKOM_KOMRA\" \/>\n<meta name=\"twitter:site\" content=\"@REKOM_KOMRA\" \/>\n<meta name=\"twitter:label1\" content=\"Written by\" \/>\n\t<meta name=\"twitter:data1\" content=\"Recom Editor\" \/>\n\t<meta name=\"twitter:label2\" content=\"Est. reading time\" \/>\n\t<meta name=\"twitter:data2\" content=\"4 minutes\" \/>\n<script type=\"application\/ld+json\" class=\"yoast-schema-graph\">{\"@context\":\"https:\/\/schema.org\",\"@graph\":[{\"@type\":\"WebPage\",\"@id\":\"https:\/\/www.recom.link\/bhsc\/138221-2\/\",\"url\":\"https:\/\/www.recom.link\/bhsc\/138221-2\/\",\"name\":\"Nata\u0161a Kandi\u0107: Predugo se \u010dekalo na presudu Karad\u017ei\u0107u - REKOM ~ KOMRA ~ RECOM\",\"isPartOf\":{\"@id\":\"https:\/\/www.recom.link\/en\/#website\"},\"primaryImageOfPage\":{\"@id\":\"https:\/\/www.recom.link\/bhsc\/138221-2\/#primaryimage\"},\"image\":{\"@id\":\"https:\/\/www.recom.link\/bhsc\/138221-2\/#primaryimage\"},\"thumbnailUrl\":\"https:\/\/www.recom.link\/wp-content\/uploads\/2016\/03\/natasa-kandic-predugo-se-cekalo-na-presudu-karadzicu_1458851001.jpg\",\"datePublished\":\"2016-03-25T12:58:36+00:00\",\"dateModified\":\"2020-04-10T10:25:36+00:00\",\"author\":{\"@id\":\"https:\/\/www.recom.link\/en\/#\/schema\/person\/0b0fce47cdf986c8b4194146b69999a3\"},\"breadcrumb\":{\"@id\":\"https:\/\/www.recom.link\/bhsc\/138221-2\/#breadcrumb\"},\"inLanguage\":\"bhsc\",\"potentialAction\":[{\"@type\":\"ReadAction\",\"target\":[\"https:\/\/www.recom.link\/bhsc\/138221-2\/\"]}]},{\"@type\":\"ImageObject\",\"inLanguage\":\"bhsc\",\"@id\":\"https:\/\/www.recom.link\/bhsc\/138221-2\/#primaryimage\",\"url\":\"https:\/\/www.recom.link\/wp-content\/uploads\/2016\/03\/natasa-kandic-predugo-se-cekalo-na-presudu-karadzicu_1458851001.jpg\",\"contentUrl\":\"https:\/\/www.recom.link\/wp-content\/uploads\/2016\/03\/natasa-kandic-predugo-se-cekalo-na-presudu-karadzicu_1458851001.jpg\",\"width\":1920,\"height\":1280},{\"@type\":\"BreadcrumbList\",\"@id\":\"https:\/\/www.recom.link\/bhsc\/138221-2\/#breadcrumb\",\"itemListElement\":[{\"@type\":\"ListItem\",\"position\":1,\"name\":\"Home\",\"item\":\"https:\/\/www.recom.link\/en\/\"},{\"@type\":\"ListItem\",\"position\":2,\"name\":\"Nata\u0161a Kandi\u0107: Predugo se \u010dekalo na presudu Karad\u017ei\u0107u\"}]},{\"@type\":\"WebSite\",\"@id\":\"https:\/\/www.recom.link\/en\/#website\",\"url\":\"https:\/\/www.recom.link\/en\/\",\"name\":\"REKOM ~ KOMRA ~ RECOM\",\"description\":\"\",\"potentialAction\":[{\"@type\":\"SearchAction\",\"target\":{\"@type\":\"EntryPoint\",\"urlTemplate\":\"https:\/\/www.recom.link\/en\/?s={search_term_string}\"},\"query-input\":{\"@type\":\"PropertyValueSpecification\",\"valueRequired\":true,\"valueName\":\"search_term_string\"}}],\"inLanguage\":\"bhsc\"},{\"@type\":\"Person\",\"@id\":\"https:\/\/www.recom.link\/en\/#\/schema\/person\/0b0fce47cdf986c8b4194146b69999a3\",\"name\":\"Recom Editor\",\"image\":{\"@type\":\"ImageObject\",\"inLanguage\":\"bhsc\",\"@id\":\"https:\/\/www.recom.link\/en\/#\/schema\/person\/image\/\",\"url\":\"https:\/\/secure.gravatar.com\/avatar\/b345ee03975bccfc62280b0fd1ffd916?s=96&d=mm&r=g\",\"contentUrl\":\"https:\/\/secure.gravatar.com\/avatar\/b345ee03975bccfc62280b0fd1ffd916?s=96&d=mm&r=g\",\"caption\":\"Recom Editor\"},\"url\":\"https:\/\/www.recom.link\/bhsc\/author\/jelanag\/\"}]}<\/script>\n<!-- \/ Yoast SEO plugin. -->","yoast_head_json":{"title":"Nata\u0161a Kandi\u0107: Predugo se \u010dekalo na presudu Karad\u017ei\u0107u - REKOM ~ KOMRA ~ RECOM","robots":{"index":"index","follow":"follow","max-snippet":"max-snippet:-1","max-image-preview":"max-image-preview:large","max-video-preview":"max-video-preview:-1"},"canonical":"https:\/\/www.recom.link\/bhsc\/138221-2\/","og_locale":"en_US","og_type":"article","og_title":"Nata\u0161a Kandi\u0107: Predugo se \u010dekalo na presudu Karad\u017ei\u0107u - REKOM ~ KOMRA ~ RECOM","og_description":"Izvr\u0161na direktorica Fonda za humanitarno pravo u Srbiji Nata\u0161a Kandi\u0107 komentari\u0161u\u0107i za Anadoliju dana\u0161nju presudu Radovanu Karad\u017ei\u0107u pred Ha\u0161kim tribunalom,...","og_url":"https:\/\/www.recom.link\/bhsc\/138221-2\/","og_site_name":"REKOM ~ KOMRA ~ RECOM","article_publisher":"https:\/\/www.facebook.com\/ZaREKOM.PerKOMRA.ForRECOM\/","article_published_time":"2016-03-25T12:58:36+00:00","article_modified_time":"2020-04-10T10:25:36+00:00","og_image":[{"width":1920,"height":1280,"url":"https:\/\/www.recom.link\/wp-content\/uploads\/2016\/03\/natasa-kandic-predugo-se-cekalo-na-presudu-karadzicu_1458851001.jpg","type":"image\/jpeg"}],"author":"Recom Editor","twitter_card":"summary_large_image","twitter_creator":"@REKOM_KOMRA","twitter_site":"@REKOM_KOMRA","twitter_misc":{"Written by":"Recom Editor","Est. reading time":"4 minutes"},"schema":{"@context":"https:\/\/schema.org","@graph":[{"@type":"WebPage","@id":"https:\/\/www.recom.link\/bhsc\/138221-2\/","url":"https:\/\/www.recom.link\/bhsc\/138221-2\/","name":"Nata\u0161a Kandi\u0107: Predugo se \u010dekalo na presudu Karad\u017ei\u0107u - REKOM ~ KOMRA ~ RECOM","isPartOf":{"@id":"https:\/\/www.recom.link\/en\/#website"},"primaryImageOfPage":{"@id":"https:\/\/www.recom.link\/bhsc\/138221-2\/#primaryimage"},"image":{"@id":"https:\/\/www.recom.link\/bhsc\/138221-2\/#primaryimage"},"thumbnailUrl":"https:\/\/www.recom.link\/wp-content\/uploads\/2016\/03\/natasa-kandic-predugo-se-cekalo-na-presudu-karadzicu_1458851001.jpg","datePublished":"2016-03-25T12:58:36+00:00","dateModified":"2020-04-10T10:25:36+00:00","author":{"@id":"https:\/\/www.recom.link\/en\/#\/schema\/person\/0b0fce47cdf986c8b4194146b69999a3"},"breadcrumb":{"@id":"https:\/\/www.recom.link\/bhsc\/138221-2\/#breadcrumb"},"inLanguage":"bhsc","potentialAction":[{"@type":"ReadAction","target":["https:\/\/www.recom.link\/bhsc\/138221-2\/"]}]},{"@type":"ImageObject","inLanguage":"bhsc","@id":"https:\/\/www.recom.link\/bhsc\/138221-2\/#primaryimage","url":"https:\/\/www.recom.link\/wp-content\/uploads\/2016\/03\/natasa-kandic-predugo-se-cekalo-na-presudu-karadzicu_1458851001.jpg","contentUrl":"https:\/\/www.recom.link\/wp-content\/uploads\/2016\/03\/natasa-kandic-predugo-se-cekalo-na-presudu-karadzicu_1458851001.jpg","width":1920,"height":1280},{"@type":"BreadcrumbList","@id":"https:\/\/www.recom.link\/bhsc\/138221-2\/#breadcrumb","itemListElement":[{"@type":"ListItem","position":1,"name":"Home","item":"https:\/\/www.recom.link\/en\/"},{"@type":"ListItem","position":2,"name":"Nata\u0161a Kandi\u0107: Predugo se \u010dekalo na presudu Karad\u017ei\u0107u"}]},{"@type":"WebSite","@id":"https:\/\/www.recom.link\/en\/#website","url":"https:\/\/www.recom.link\/en\/","name":"REKOM ~ KOMRA ~ RECOM","description":"","potentialAction":[{"@type":"SearchAction","target":{"@type":"EntryPoint","urlTemplate":"https:\/\/www.recom.link\/en\/?s={search_term_string}"},"query-input":{"@type":"PropertyValueSpecification","valueRequired":true,"valueName":"search_term_string"}}],"inLanguage":"bhsc"},{"@type":"Person","@id":"https:\/\/www.recom.link\/en\/#\/schema\/person\/0b0fce47cdf986c8b4194146b69999a3","name":"Recom Editor","image":{"@type":"ImageObject","inLanguage":"bhsc","@id":"https:\/\/www.recom.link\/en\/#\/schema\/person\/image\/","url":"https:\/\/secure.gravatar.com\/avatar\/b345ee03975bccfc62280b0fd1ffd916?s=96&d=mm&r=g","contentUrl":"https:\/\/secure.gravatar.com\/avatar\/b345ee03975bccfc62280b0fd1ffd916?s=96&d=mm&r=g","caption":"Recom Editor"},"url":"https:\/\/www.recom.link\/bhsc\/author\/jelanag\/"}]}},"_links":{"self":[{"href":"https:\/\/www.recom.link\/bhsc\/wp-json\/wp\/v2\/posts\/138237"}],"collection":[{"href":"https:\/\/www.recom.link\/bhsc\/wp-json\/wp\/v2\/posts"}],"about":[{"href":"https:\/\/www.recom.link\/bhsc\/wp-json\/wp\/v2\/types\/post"}],"author":[{"embeddable":true,"href":"https:\/\/www.recom.link\/bhsc\/wp-json\/wp\/v2\/users\/8"}],"replies":[{"embeddable":true,"href":"https:\/\/www.recom.link\/bhsc\/wp-json\/wp\/v2\/comments?post=138237"}],"version-history":[{"count":1,"href":"https:\/\/www.recom.link\/bhsc\/wp-json\/wp\/v2\/posts\/138237\/revisions"}],"predecessor-version":[{"id":178820,"href":"https:\/\/www.recom.link\/bhsc\/wp-json\/wp\/v2\/posts\/138237\/revisions\/178820"}],"wp:featuredmedia":[{"embeddable":true,"href":"https:\/\/www.recom.link\/bhsc\/wp-json\/wp\/v2\/media\/138222"}],"wp:attachment":[{"href":"https:\/\/www.recom.link\/bhsc\/wp-json\/wp\/v2\/media?parent=138237"}],"wp:term":[{"taxonomy":"category","embeddable":true,"href":"https:\/\/www.recom.link\/bhsc\/wp-json\/wp\/v2\/categories?post=138237"},{"taxonomy":"post_tag","embeddable":true,"href":"https:\/\/www.recom.link\/bhsc\/wp-json\/wp\/v2\/tags?post=138237"}],"curies":[{"name":"wp","href":"https:\/\/api.w.org\/{rel}","templated":true}]}}