{"id":137866,"date":"2016-03-01T14:45:04","date_gmt":"2016-03-01T13:45:04","guid":{"rendered":"http:\/\/www.recom.link\/sarajevo-obelezava-dan-nezavisnosti-kraj-opsade-grada-24-godine-od-referenduma-2\/"},"modified":"2020-04-12T00:41:53","modified_gmt":"2020-04-11T23:41:53","slug":"sarajevo-obelezava-dan-nezavisnosti-kraj-opsade-grada-24-godine-od-referenduma","status":"publish","type":"post","link":"https:\/\/www.recom.link\/bhsc\/sarajevo-obelezava-dan-nezavisnosti-kraj-opsade-grada-24-godine-od-referenduma\/","title":{"rendered":"Sarajevo obele\u017eava dan nezavisnosti, kraj opsade grada, 24 godine od referenduma&#8230;"},"content":{"rendered":"<figure id=\"attachment_137856\" aria-describedby=\"caption-attachment-137856\" style=\"width: 235px\" class=\"wp-caption alignnone\"><a href=\"http:\/\/www.recom.link\/wp-content\/uploads\/2016\/03\/Sarajevo.jpg\" rel=\"attachment wp-att-137856\"><img loading=\"lazy\" decoding=\"async\" class=\"wp-image-137856\" src=\"http:\/\/www.recom.link\/wp-content\/uploads\/2016\/03\/Sarajevo-194x300.jpg\" alt=\"Sarajevo\" width=\"235\" height=\"363\" srcset=\"https:\/\/www.recom.link\/wp-content\/uploads\/2016\/03\/Sarajevo-194x300.jpg 194w, https:\/\/www.recom.link\/wp-content\/uploads\/2016\/03\/Sarajevo-768x1189.jpg 768w, https:\/\/www.recom.link\/wp-content\/uploads\/2016\/03\/Sarajevo-661x1024.jpg 661w, https:\/\/www.recom.link\/wp-content\/uploads\/2016\/03\/Sarajevo.jpg 974w\" sizes=\"(max-width: 235px) 100vw, 235px\" \/><\/a><figcaption id=\"caption-attachment-137856\" class=\"wp-caption-text\">Slu\u017ebenik sarajevskih vlasti mijenja srpsku zastavom BiH ispred glavne policijske stanice u Vogo\u0161\u0107i, naselja koje su tokom opsade grada pod kontrolom dr\u017eale snage bosanskih Srba i koje je Dejtonskim sporazumom pripalo Federaciji BiH. 23. februar. 1996. Foto: Radio Slobodna Evropa<\/figcaption><\/figure>\n<h1 class=\"single-article-title\"><\/h1>\n<h1 class=\"single-article-title\">Dan nezavisnosti sve\u010dano<\/h1>\n<h1 class=\"single-article-title\">obilje\u017een u Sarajevu<\/h1>\n<p>&nbsp;<\/p>\n<p class=\"story-lead\">Na dana\u0161nji dan ve\u0107ina gra\u0111ana BiH na referendumu izjasnila se da \u017eeli krenuti putem slobode i nezavisnosti \u0161to se danas vidi kao prava odluka i pravi potez, poru\u010deno je danas sa obilje\u017eavanja 1. marta, Dana nezavisnosti BiH, u Sarajevu.<\/p>\n<p>Brojne dr\u017eavne, kantonalne, gradske i op\u0107inske delegacije povodom 1. marta polo\u017eile su cvije\u0107e na \u0160ehidskom spomen-mezarju Kova\u010di u Sarajevu gdje je odata po\u010dast poginulim braniteljima BiH.<\/p>\n<p>\u010cestitaju\u0107i dana\u0161nji praznik svim gra\u0111anima BiH, \u010dlan Predsjedni\u0161tva BiH Bakir Izetbegovi\u0107 podsjetio je kako je rije\u010d o velikom i va\u017enom danu za zemlju i sve gra\u0111ane koji u njoj \u017eive.<\/p>\n<p>&#8220;\u010cestitam svim Bosancima i Hercegovcima, Bosankama i Hercegovkama, Dan nezavisnosti. Prije 24 godine preko dva miliona gra\u0111ana se na historijskom raskr\u0161\u0107u opredjelilo da ide putem slobode i nezavisnosti. Nakon toga tu odluku su svojim \u017eivotom potvrdile desetine hiljada na\u0161ih najboljih sinova. Imamo obavezu prema njima da nastavimo graditi ovu zemlju, da napravimo dru\u0161tvo pravde i prosperiteta, da pridobijemo ljude koji \u017eele mir, prosperitet, koji vole svoju zemlju&#8221;, rekao je Izetbegovi\u0107.<\/p>\n<p>Podsje\u0107aju\u0107i da jo\u0161 uvijek postoje oni koji ne slave dana\u0161nji dan, iako je rije\u010d o dr\u017eavnom prazniku, Izetbegovi\u0107 je rekao da u BiH \u017eive ljudi koji \u017eele su\u017eivot.<\/p>\n<p><strong>&#8220;\u0160irom BiH u oba njena entiteta \u017eive ljudi koji \u017eele mir, mir sa kom\u0161ijama, koji \u017eele bolji \u017eivot, koji vole zemlju u kojoj su ro\u0111eni. Na nama je da postupno udru\u017eimo snage svih tih ljudi. Da ih otmemo iz ruku politi\u010dara koji ih vode pogre\u0161nim putem. Mislim da smo u tom smjeru krenuli kada smo grupu lidera iz RS-a pridobili kroz zajedni\u010dku izjavu gdje smo prihvatili da \u0107emo stabilizirati prilike u ovoj zemlji&#8221;<\/strong>, rekao je Izetbegovi\u0107.<\/p>\n<p>Da je na dana\u0161nji dan 1992. godine ve\u0107ina gra\u0111ana odlu\u010dila krenuti putem slobode podsjetio je i predsjedavaju\u0107i Vije\u0107a ministara BiH Denis Zvizdi\u0107.<\/p>\n<p><strong>&#8220;BiH je prije 24 godine odlu\u010dila da krene putem nezavisnosti i dana\u0161nje vrijeme pokazuje da je to bio najbolji potez i odluka. BiH danas sna\u017eno kora\u010da ka \u010dlanstvu u Evropsku uniju, ulazi u porodicu modernih zemalja i obezbje\u0111uje kvalitetnu budu\u0107nost za njene gra\u0111ane. Zato \u010destitam svim gra\u0111anima koji vole svoju zemlju dana\u0161nji praznik&#8221;<\/strong>, poru\u010dio je Zvizdi\u0107.<\/p>\n<p>Cvije\u0107e je polo\u017eeno i na mezaru prvog predsjednika Predsjedni\u0161tva Republike BiH Alije Izetbegovi\u0107a.<\/p>\n<p>\u010cestitaju\u0107i svim gra\u0111anima BiH dana\u0161nji praznik, predsjedavaju\u0107i Zastupni\u010dkog doma Parlamentarne skup\u0161tine BiH \u0160efik D\u017eaferovi\u0107 istakao je da je 1. mart jedan od najzna\u010dajnijih datuma u modernoj historiji BiH.<\/p>\n<p>Tada su gra\u0111ani BiH kazali &#8220;da&#8221; samostalnom i slobodnom putu BiH.<\/p>\n<p><strong>&#8220;Tog dana 1992. godine mo\u017eda po prvi puta u historiji gra\u0111ani BiH li\u010dnim izja\u0161njavanjem odredili su budu\u0107i dr\u017eavno-pravni status BiH. Kazali su &#8216;ne&#8217; velikodr\u017eavnim ambicijama na ovim prostorima, kazali su &#8216;ne&#8217; krnjoj Jugoslaviji. Skoro dvije tre\u0107ine gra\u0111ana je reklo da BiH treba da bude samostalna dr\u017eava. To je tako sna\u017ena podr\u0161ka da mora biti vrijedna pa\u017enje od strane svih onih koji osporavaju 1. mart, moraju znati da se tada izjasnilo skoro dvije tre\u0107ine svih gra\u0111ana za ovakav put BiH&#8221;<\/strong>, rekao je D\u017eaferovi\u0107 naglasiv\u0161i kako je BiH o\u010duvala kontinuitet koji je danas razvija u demokratsku dr\u017eavu, dr\u017eavu svih njenih naroda na njenom cijelom teritoriju.<\/p>\n<p>Na one koji ne priznaju nezavisnost BiH osvrnuo se i premijer Vlade Kantona Sarajevo Konakovi\u0107 Elmedin isti\u010du\u0107i kako je samo &#8220;njihov problem&#8221;.<\/p>\n<p><strong>&#8220;Tih ljudi mi je \u017eao, da \u017eivite u zemlji gdje ne cijenite sebe i njene vrijednosti, to je problem takvih koji tako razmi\u0161ljaju. U suverenitet BiH i njenu neovisnost vi\u0161e ne sumnja niko, 24 godine nakon agresije danas govorimo o ekonomskim problemima, a to pokazuje da je BiH ono \u0161to je vijekovima bila: trajna kategorija bez obzira na sve koji su poku\u0161ali ovladati BiH i ljudima u njoj&#8221;<\/strong>, istakao je Konakovi\u0107.<\/p>\n<p>Delegecije su polo\u017eile cvije\u0107e i odali po\u010dast i na spomen-obilje\u017eju Vje\u010dna vatra u centru grada. Me\u0111u okupljenima je bio i mali broj Sarajlija koji su do\u0161li obilje\u017eiti praznik.<\/p>\n<p><strong>&#8220;Ovaj dan je va\u017ean dan. Zamislite da \u017eivite u zemlji koja se ne zove va\u0161om dr\u017eavom, da se ne zove nezavisna. Mislim da ljudi ne razmi\u0161ljaju, ne zna\u010di to da ne vole zemlju, oni su navikli na probleme koje imamo, jednostavno to shvataju olako, ali ovo je velika stvar, bar za mene. Nezavisan biti, nema \u0161ta dalje od toga, ja sam sve\u010dana&#8221;<\/strong>, rekla je Janja Grozdanovi\u0107 iz Sarajeva.<\/p>\n<p>Na dana\u0161nji dan prije 24. godine progla\u0161ena je nezavisnost BiH nakon \u0161to su tu odluku donijeli njeni gra\u0111ani putem referenduma. Tada je ve\u0107ina gra\u0111ana odlu\u010dila da se zemlja odvoji se od tada\u0161nje Socijalisti\u010dke Federativne Republike Jugoslavije (SFRJ) i postane nezavisna.<\/p>\n<p>Referendumsko pitanje glasilo je: Jeste li za suverenu i nezavisnu Bosnu i Hercegovinu, dr\u017eavu ravnopravnih gra\u0111ana, naroda BiH &#8211; Muslimana, Srba, Hrvata i pripadnika drugih naroda koji u njoj \u017eive?<\/p>\n<p><a href=\"http:\/\/ba.n1info.com\/a84278\/Vijesti\/Vijesti\/U-Bosni-i-Hercegovini-danas-se-slavi-Dan-nezavisnosti.html\" target=\"_blank\" rel=\"noopener noreferrer\">Referendum je odr\u017ean 29. februara<\/a>, a za nezavisnost je glasalo 2.073.568 glasa\u010da. Od ukupnog broja onih koji su se odazvali na referendum &#8211; 99.7 posto bilo je za nezavisnost, a 0,3 posto protiv.<\/p>\n<p>Mjesec dana nakon referenduma uslijedila je agresija na Bosnu i Hercegovinu.\u00a0 (<a href=\"http:\/\/ba.n1info.com\/a84314\/Vijesti\/Vijesti\/Dan-nezavisnosti-u-Sarajevu.html\" target=\"_blank\" rel=\"noopener noreferrer\">Anadolija\/N1, 01.03.2016.<\/a>)<\/p>\n<p>(Pogledajte galeriju fotografija sa proslave na dnu stranice)<\/p>\n<h1>20 godina od okon\u010danja opsade Sarajeva<\/h1>\n<p class=\"standfirst\">Na dan 29. februara, samo dan nakon \u0161to se obele\u017eava godi\u0161njica nezavisnosti BiH, Sarajevo obele\u017eava kraj opsade tog grada. Gotovo svi regionalni mediji, osim oni u Srbiji, izvestili su o godi\u0161njici kraja opsade koja\u00a0 je trajala 1500 dana. To je najdu\u017ea opsada grada posle Drugog svetskog rata. U opsadi Sarajeva je stradalo vi\u0161e od 11.500 ljudi, a ona je trajala 1.500 dana.<\/p>\n<p class=\"standfirst\"><a href=\"http:\/\/www.recom.link\/wp-content\/uploads\/2016\/03\/Sarajevo-stolice.jpg\" rel=\"attachment wp-att-137857\"><img loading=\"lazy\" decoding=\"async\" class=\"alignnone wp-image-137857\" src=\"http:\/\/www.recom.link\/wp-content\/uploads\/2016\/03\/Sarajevo-stolice-300x169.jpg\" alt=\"Sarajevo stolice\" width=\"396\" height=\"223\" srcset=\"https:\/\/www.recom.link\/wp-content\/uploads\/2016\/03\/Sarajevo-stolice-300x169.jpg 300w, https:\/\/www.recom.link\/wp-content\/uploads\/2016\/03\/Sarajevo-stolice-360x204.jpg 360w, https:\/\/www.recom.link\/wp-content\/uploads\/2016\/03\/Sarajevo-stolice-290x163.jpg 290w, https:\/\/www.recom.link\/wp-content\/uploads\/2016\/03\/Sarajevo-stolice.jpg 640w\" sizes=\"(max-width: 396px) 100vw, 396px\" \/><\/a><\/p>\n<p>Ranijih godina, obele\u017eavanje kraja opsade grada bilo je mnogo vidljivije. Za obele\u017eavanje 20-ogodi\u0161njice (2012.), u Titovoj ulici u centru Sarajeva bila je pore\u0111ana 11.541 crvena stolica, koja je podsetila na sve one koji su izgubili \u017eivot u opkoljenom Sarajevu. Hiljade gra\u0111ana iza\u0161lo je na ulice tog dana i stavljalo cve\u0107e na pore\u0111ane stolice. Pred Trgom dece Sarajeva pore\u0111ane su i 643 male, crvene stolice za svako dete koje je tokom opsade ubijeno. Na malim stolicama su postavljene pli\u0161ane igra\u010dke.<\/p>\n<p>&nbsp;<\/p>\n<p><a href=\"http:\/\/www.recom.link\/wp-content\/uploads\/2016\/03\/Dan-Sarajeva.jpg\" rel=\"attachment wp-att-137858\"><img loading=\"lazy\" decoding=\"async\" class=\"alignnone size-medium wp-image-137858\" src=\"http:\/\/www.recom.link\/wp-content\/uploads\/2016\/03\/Dan-Sarajeva-300x169.jpg\" alt=\"Dan Sarajeva\" width=\"300\" height=\"169\" srcset=\"https:\/\/www.recom.link\/wp-content\/uploads\/2016\/03\/Dan-Sarajeva-300x169.jpg 300w, https:\/\/www.recom.link\/wp-content\/uploads\/2016\/03\/Dan-Sarajeva-360x204.jpg 360w, https:\/\/www.recom.link\/wp-content\/uploads\/2016\/03\/Dan-Sarajeva-290x163.jpg 290w, https:\/\/www.recom.link\/wp-content\/uploads\/2016\/03\/Dan-Sarajeva.jpg 600w\" sizes=\"(max-width: 300px) 100vw, 300px\" \/><\/a> <a href=\"http:\/\/www.recom.link\/wp-content\/uploads\/2016\/03\/Dan-Sarajeva2.jpg\" rel=\"attachment wp-att-137859\"><img loading=\"lazy\" decoding=\"async\" class=\"alignnone size-medium wp-image-137859\" src=\"http:\/\/www.recom.link\/wp-content\/uploads\/2016\/03\/Dan-Sarajeva2-300x169.jpg\" alt=\"Dan Sarajeva2\" width=\"300\" height=\"169\" srcset=\"https:\/\/www.recom.link\/wp-content\/uploads\/2016\/03\/Dan-Sarajeva2-300x169.jpg 300w, https:\/\/www.recom.link\/wp-content\/uploads\/2016\/03\/Dan-Sarajeva2-768x431.jpg 768w, https:\/\/www.recom.link\/wp-content\/uploads\/2016\/03\/Dan-Sarajeva2-360x204.jpg 360w, https:\/\/www.recom.link\/wp-content\/uploads\/2016\/03\/Dan-Sarajeva2-290x163.jpg 290w, https:\/\/www.recom.link\/wp-content\/uploads\/2016\/03\/Dan-Sarajeva2.jpg 940w\" sizes=\"(max-width: 300px) 100vw, 300px\" \/><\/a> <a href=\"http:\/\/www.recom.link\/wp-content\/uploads\/2016\/03\/sarajevo3.jpg\" rel=\"attachment wp-att-137860\"><img loading=\"lazy\" decoding=\"async\" class=\"alignnone size-medium wp-image-137860\" src=\"http:\/\/www.recom.link\/wp-content\/uploads\/2016\/03\/sarajevo3-300x169.jpg\" alt=\"sarajevo3\" width=\"300\" height=\"169\" srcset=\"https:\/\/www.recom.link\/wp-content\/uploads\/2016\/03\/sarajevo3-300x169.jpg 300w, https:\/\/www.recom.link\/wp-content\/uploads\/2016\/03\/sarajevo3-768x431.jpg 768w, https:\/\/www.recom.link\/wp-content\/uploads\/2016\/03\/sarajevo3-360x204.jpg 360w, https:\/\/www.recom.link\/wp-content\/uploads\/2016\/03\/sarajevo3-290x163.jpg 290w, https:\/\/www.recom.link\/wp-content\/uploads\/2016\/03\/sarajevo3.jpg 940w\" sizes=\"(max-width: 300px) 100vw, 300px\" \/><\/a> <a href=\"http:\/\/www.recom.link\/wp-content\/uploads\/2016\/03\/sarajevo4.jpg\" rel=\"attachment wp-att-137861\"><img loading=\"lazy\" decoding=\"async\" class=\"alignnone size-medium wp-image-137861\" src=\"http:\/\/www.recom.link\/wp-content\/uploads\/2016\/03\/sarajevo4-300x169.jpg\" alt=\"sarajevo4\" width=\"300\" height=\"169\" srcset=\"https:\/\/www.recom.link\/wp-content\/uploads\/2016\/03\/sarajevo4-300x169.jpg 300w, https:\/\/www.recom.link\/wp-content\/uploads\/2016\/03\/sarajevo4-768x431.jpg 768w, https:\/\/www.recom.link\/wp-content\/uploads\/2016\/03\/sarajevo4-360x204.jpg 360w, https:\/\/www.recom.link\/wp-content\/uploads\/2016\/03\/sarajevo4-290x163.jpg 290w, https:\/\/www.recom.link\/wp-content\/uploads\/2016\/03\/sarajevo4.jpg 940w\" sizes=\"(max-width: 300px) 100vw, 300px\" \/><\/a><\/p>\n<p>Obele\u017eavanje Dana nezavisnosti u BiH. Fotografije RSE.<\/p>\n<p>&nbsp;<\/p>\n","protected":false},"excerpt":{"rendered":"Dan nezavisnosti sve\u010dano obilje\u017een u Sarajevu &nbsp; Na dana\u0161nji dan ve\u0107ina gra\u0111ana BiH na referendumu izjasnila se da \u017eeli krenuti&#8230; ","protected":false},"author":8,"featured_media":137856,"comment_status":"closed","ping_status":"closed","sticky":false,"template":"","format":"standard","meta":{"_acf_changed":false,"footnotes":""},"categories":[1657],"tags":[1630,1894,948,1851],"class_list":["post-137866","post","type-post","status-publish","format-standard","has-post-thumbnail","hentry","category-memorijalizacija-bhsc","tag-memorijalizacija","tag-opsada","tag-sarajevo-bhsc","tag-zrtve"],"acf":[],"yoast_head":"<!-- This site is optimized with the Yoast SEO plugin v25.6 - https:\/\/yoast.com\/wordpress\/plugins\/seo\/ -->\n<title>Sarajevo obele\u017eava dan nezavisnosti, kraj opsade grada, 24 godine od referenduma... - REKOM ~ KOMRA ~ RECOM<\/title>\n<meta name=\"robots\" content=\"index, follow, max-snippet:-1, max-image-preview:large, max-video-preview:-1\" \/>\n<link rel=\"canonical\" href=\"https:\/\/www.recom.link\/bhsc\/sarajevo-obelezava-dan-nezavisnosti-kraj-opsade-grada-24-godine-od-referenduma\/\" \/>\n<meta property=\"og:locale\" content=\"en_US\" \/>\n<meta property=\"og:type\" content=\"article\" \/>\n<meta property=\"og:title\" content=\"Sarajevo obele\u017eava dan nezavisnosti, kraj opsade grada, 24 godine od referenduma... - REKOM ~ KOMRA ~ RECOM\" \/>\n<meta property=\"og:description\" content=\"Dan nezavisnosti sve\u010dano obilje\u017een u Sarajevu &nbsp; Na dana\u0161nji dan ve\u0107ina gra\u0111ana BiH na referendumu izjasnila se da \u017eeli krenuti...\" \/>\n<meta property=\"og:url\" content=\"https:\/\/www.recom.link\/bhsc\/sarajevo-obelezava-dan-nezavisnosti-kraj-opsade-grada-24-godine-od-referenduma\/\" \/>\n<meta property=\"og:site_name\" content=\"REKOM ~ KOMRA ~ RECOM\" \/>\n<meta property=\"article:publisher\" content=\"https:\/\/www.facebook.com\/ZaREKOM.PerKOMRA.ForRECOM\/\" \/>\n<meta property=\"article:published_time\" content=\"2016-03-01T13:45:04+00:00\" \/>\n<meta property=\"article:modified_time\" content=\"2020-04-11T23:41:53+00:00\" \/>\n<meta property=\"og:image\" content=\"https:\/\/www.recom.link\/wp-content\/uploads\/2016\/03\/Sarajevo.jpg\" \/>\n\t<meta property=\"og:image:width\" content=\"974\" \/>\n\t<meta property=\"og:image:height\" content=\"1508\" \/>\n\t<meta property=\"og:image:type\" content=\"image\/jpeg\" \/>\n<meta name=\"author\" content=\"Recom Editor\" \/>\n<meta name=\"twitter:card\" content=\"summary_large_image\" \/>\n<meta name=\"twitter:creator\" content=\"@REKOM_KOMRA\" \/>\n<meta name=\"twitter:site\" content=\"@REKOM_KOMRA\" \/>\n<meta name=\"twitter:label1\" content=\"Written by\" \/>\n\t<meta name=\"twitter:data1\" content=\"Recom Editor\" \/>\n\t<meta name=\"twitter:label2\" content=\"Est. reading time\" \/>\n\t<meta name=\"twitter:data2\" content=\"6 minutes\" \/>\n<script type=\"application\/ld+json\" class=\"yoast-schema-graph\">{\"@context\":\"https:\/\/schema.org\",\"@graph\":[{\"@type\":\"WebPage\",\"@id\":\"https:\/\/www.recom.link\/bhsc\/sarajevo-obelezava-dan-nezavisnosti-kraj-opsade-grada-24-godine-od-referenduma\/\",\"url\":\"https:\/\/www.recom.link\/bhsc\/sarajevo-obelezava-dan-nezavisnosti-kraj-opsade-grada-24-godine-od-referenduma\/\",\"name\":\"Sarajevo obele\u017eava dan nezavisnosti, kraj opsade grada, 24 godine od referenduma... - REKOM ~ KOMRA ~ RECOM\",\"isPartOf\":{\"@id\":\"https:\/\/www.recom.link\/en\/#website\"},\"primaryImageOfPage\":{\"@id\":\"https:\/\/www.recom.link\/bhsc\/sarajevo-obelezava-dan-nezavisnosti-kraj-opsade-grada-24-godine-od-referenduma\/#primaryimage\"},\"image\":{\"@id\":\"https:\/\/www.recom.link\/bhsc\/sarajevo-obelezava-dan-nezavisnosti-kraj-opsade-grada-24-godine-od-referenduma\/#primaryimage\"},\"thumbnailUrl\":\"https:\/\/www.recom.link\/wp-content\/uploads\/2016\/03\/Sarajevo.jpg\",\"datePublished\":\"2016-03-01T13:45:04+00:00\",\"dateModified\":\"2020-04-11T23:41:53+00:00\",\"author\":{\"@id\":\"https:\/\/www.recom.link\/en\/#\/schema\/person\/0b0fce47cdf986c8b4194146b69999a3\"},\"breadcrumb\":{\"@id\":\"https:\/\/www.recom.link\/bhsc\/sarajevo-obelezava-dan-nezavisnosti-kraj-opsade-grada-24-godine-od-referenduma\/#breadcrumb\"},\"inLanguage\":\"bhsc\",\"potentialAction\":[{\"@type\":\"ReadAction\",\"target\":[\"https:\/\/www.recom.link\/bhsc\/sarajevo-obelezava-dan-nezavisnosti-kraj-opsade-grada-24-godine-od-referenduma\/\"]}]},{\"@type\":\"ImageObject\",\"inLanguage\":\"bhsc\",\"@id\":\"https:\/\/www.recom.link\/bhsc\/sarajevo-obelezava-dan-nezavisnosti-kraj-opsade-grada-24-godine-od-referenduma\/#primaryimage\",\"url\":\"https:\/\/www.recom.link\/wp-content\/uploads\/2016\/03\/Sarajevo.jpg\",\"contentUrl\":\"https:\/\/www.recom.link\/wp-content\/uploads\/2016\/03\/Sarajevo.jpg\",\"width\":974,\"height\":1508},{\"@type\":\"BreadcrumbList\",\"@id\":\"https:\/\/www.recom.link\/bhsc\/sarajevo-obelezava-dan-nezavisnosti-kraj-opsade-grada-24-godine-od-referenduma\/#breadcrumb\",\"itemListElement\":[{\"@type\":\"ListItem\",\"position\":1,\"name\":\"Home\",\"item\":\"https:\/\/www.recom.link\/en\/\"},{\"@type\":\"ListItem\",\"position\":2,\"name\":\"Sarajevo obele\u017eava dan nezavisnosti, kraj opsade grada, 24 godine od referenduma&#8230;\"}]},{\"@type\":\"WebSite\",\"@id\":\"https:\/\/www.recom.link\/en\/#website\",\"url\":\"https:\/\/www.recom.link\/en\/\",\"name\":\"REKOM ~ KOMRA ~ RECOM\",\"description\":\"\",\"potentialAction\":[{\"@type\":\"SearchAction\",\"target\":{\"@type\":\"EntryPoint\",\"urlTemplate\":\"https:\/\/www.recom.link\/en\/?s={search_term_string}\"},\"query-input\":{\"@type\":\"PropertyValueSpecification\",\"valueRequired\":true,\"valueName\":\"search_term_string\"}}],\"inLanguage\":\"bhsc\"},{\"@type\":\"Person\",\"@id\":\"https:\/\/www.recom.link\/en\/#\/schema\/person\/0b0fce47cdf986c8b4194146b69999a3\",\"name\":\"Recom Editor\",\"image\":{\"@type\":\"ImageObject\",\"inLanguage\":\"bhsc\",\"@id\":\"https:\/\/www.recom.link\/en\/#\/schema\/person\/image\/\",\"url\":\"https:\/\/secure.gravatar.com\/avatar\/b345ee03975bccfc62280b0fd1ffd916?s=96&d=mm&r=g\",\"contentUrl\":\"https:\/\/secure.gravatar.com\/avatar\/b345ee03975bccfc62280b0fd1ffd916?s=96&d=mm&r=g\",\"caption\":\"Recom Editor\"},\"url\":\"https:\/\/www.recom.link\/bhsc\/author\/jelanag\/\"}]}<\/script>\n<!-- \/ Yoast SEO plugin. -->","yoast_head_json":{"title":"Sarajevo obele\u017eava dan nezavisnosti, kraj opsade grada, 24 godine od referenduma... - REKOM ~ KOMRA ~ RECOM","robots":{"index":"index","follow":"follow","max-snippet":"max-snippet:-1","max-image-preview":"max-image-preview:large","max-video-preview":"max-video-preview:-1"},"canonical":"https:\/\/www.recom.link\/bhsc\/sarajevo-obelezava-dan-nezavisnosti-kraj-opsade-grada-24-godine-od-referenduma\/","og_locale":"en_US","og_type":"article","og_title":"Sarajevo obele\u017eava dan nezavisnosti, kraj opsade grada, 24 godine od referenduma... - REKOM ~ KOMRA ~ RECOM","og_description":"Dan nezavisnosti sve\u010dano obilje\u017een u Sarajevu &nbsp; Na dana\u0161nji dan ve\u0107ina gra\u0111ana BiH na referendumu izjasnila se da \u017eeli krenuti...","og_url":"https:\/\/www.recom.link\/bhsc\/sarajevo-obelezava-dan-nezavisnosti-kraj-opsade-grada-24-godine-od-referenduma\/","og_site_name":"REKOM ~ KOMRA ~ RECOM","article_publisher":"https:\/\/www.facebook.com\/ZaREKOM.PerKOMRA.ForRECOM\/","article_published_time":"2016-03-01T13:45:04+00:00","article_modified_time":"2020-04-11T23:41:53+00:00","og_image":[{"width":974,"height":1508,"url":"https:\/\/www.recom.link\/wp-content\/uploads\/2016\/03\/Sarajevo.jpg","type":"image\/jpeg"}],"author":"Recom Editor","twitter_card":"summary_large_image","twitter_creator":"@REKOM_KOMRA","twitter_site":"@REKOM_KOMRA","twitter_misc":{"Written by":"Recom Editor","Est. reading time":"6 minutes"},"schema":{"@context":"https:\/\/schema.org","@graph":[{"@type":"WebPage","@id":"https:\/\/www.recom.link\/bhsc\/sarajevo-obelezava-dan-nezavisnosti-kraj-opsade-grada-24-godine-od-referenduma\/","url":"https:\/\/www.recom.link\/bhsc\/sarajevo-obelezava-dan-nezavisnosti-kraj-opsade-grada-24-godine-od-referenduma\/","name":"Sarajevo obele\u017eava dan nezavisnosti, kraj opsade grada, 24 godine od referenduma... - REKOM ~ KOMRA ~ RECOM","isPartOf":{"@id":"https:\/\/www.recom.link\/en\/#website"},"primaryImageOfPage":{"@id":"https:\/\/www.recom.link\/bhsc\/sarajevo-obelezava-dan-nezavisnosti-kraj-opsade-grada-24-godine-od-referenduma\/#primaryimage"},"image":{"@id":"https:\/\/www.recom.link\/bhsc\/sarajevo-obelezava-dan-nezavisnosti-kraj-opsade-grada-24-godine-od-referenduma\/#primaryimage"},"thumbnailUrl":"https:\/\/www.recom.link\/wp-content\/uploads\/2016\/03\/Sarajevo.jpg","datePublished":"2016-03-01T13:45:04+00:00","dateModified":"2020-04-11T23:41:53+00:00","author":{"@id":"https:\/\/www.recom.link\/en\/#\/schema\/person\/0b0fce47cdf986c8b4194146b69999a3"},"breadcrumb":{"@id":"https:\/\/www.recom.link\/bhsc\/sarajevo-obelezava-dan-nezavisnosti-kraj-opsade-grada-24-godine-od-referenduma\/#breadcrumb"},"inLanguage":"bhsc","potentialAction":[{"@type":"ReadAction","target":["https:\/\/www.recom.link\/bhsc\/sarajevo-obelezava-dan-nezavisnosti-kraj-opsade-grada-24-godine-od-referenduma\/"]}]},{"@type":"ImageObject","inLanguage":"bhsc","@id":"https:\/\/www.recom.link\/bhsc\/sarajevo-obelezava-dan-nezavisnosti-kraj-opsade-grada-24-godine-od-referenduma\/#primaryimage","url":"https:\/\/www.recom.link\/wp-content\/uploads\/2016\/03\/Sarajevo.jpg","contentUrl":"https:\/\/www.recom.link\/wp-content\/uploads\/2016\/03\/Sarajevo.jpg","width":974,"height":1508},{"@type":"BreadcrumbList","@id":"https:\/\/www.recom.link\/bhsc\/sarajevo-obelezava-dan-nezavisnosti-kraj-opsade-grada-24-godine-od-referenduma\/#breadcrumb","itemListElement":[{"@type":"ListItem","position":1,"name":"Home","item":"https:\/\/www.recom.link\/en\/"},{"@type":"ListItem","position":2,"name":"Sarajevo obele\u017eava dan nezavisnosti, kraj opsade grada, 24 godine od referenduma&#8230;"}]},{"@type":"WebSite","@id":"https:\/\/www.recom.link\/en\/#website","url":"https:\/\/www.recom.link\/en\/","name":"REKOM ~ KOMRA ~ RECOM","description":"","potentialAction":[{"@type":"SearchAction","target":{"@type":"EntryPoint","urlTemplate":"https:\/\/www.recom.link\/en\/?s={search_term_string}"},"query-input":{"@type":"PropertyValueSpecification","valueRequired":true,"valueName":"search_term_string"}}],"inLanguage":"bhsc"},{"@type":"Person","@id":"https:\/\/www.recom.link\/en\/#\/schema\/person\/0b0fce47cdf986c8b4194146b69999a3","name":"Recom Editor","image":{"@type":"ImageObject","inLanguage":"bhsc","@id":"https:\/\/www.recom.link\/en\/#\/schema\/person\/image\/","url":"https:\/\/secure.gravatar.com\/avatar\/b345ee03975bccfc62280b0fd1ffd916?s=96&d=mm&r=g","contentUrl":"https:\/\/secure.gravatar.com\/avatar\/b345ee03975bccfc62280b0fd1ffd916?s=96&d=mm&r=g","caption":"Recom Editor"},"url":"https:\/\/www.recom.link\/bhsc\/author\/jelanag\/"}]}},"_links":{"self":[{"href":"https:\/\/www.recom.link\/bhsc\/wp-json\/wp\/v2\/posts\/137866"}],"collection":[{"href":"https:\/\/www.recom.link\/bhsc\/wp-json\/wp\/v2\/posts"}],"about":[{"href":"https:\/\/www.recom.link\/bhsc\/wp-json\/wp\/v2\/types\/post"}],"author":[{"embeddable":true,"href":"https:\/\/www.recom.link\/bhsc\/wp-json\/wp\/v2\/users\/8"}],"replies":[{"embeddable":true,"href":"https:\/\/www.recom.link\/bhsc\/wp-json\/wp\/v2\/comments?post=137866"}],"version-history":[{"count":3,"href":"https:\/\/www.recom.link\/bhsc\/wp-json\/wp\/v2\/posts\/137866\/revisions"}],"predecessor-version":[{"id":178879,"href":"https:\/\/www.recom.link\/bhsc\/wp-json\/wp\/v2\/posts\/137866\/revisions\/178879"}],"wp:featuredmedia":[{"embeddable":true,"href":"https:\/\/www.recom.link\/bhsc\/wp-json\/wp\/v2\/media\/137856"}],"wp:attachment":[{"href":"https:\/\/www.recom.link\/bhsc\/wp-json\/wp\/v2\/media?parent=137866"}],"wp:term":[{"taxonomy":"category","embeddable":true,"href":"https:\/\/www.recom.link\/bhsc\/wp-json\/wp\/v2\/categories?post=137866"},{"taxonomy":"post_tag","embeddable":true,"href":"https:\/\/www.recom.link\/bhsc\/wp-json\/wp\/v2\/tags?post=137866"}],"curies":[{"name":"wp","href":"https:\/\/api.w.org\/{rel}","templated":true}]}}