{"id":134634,"date":"2015-08-18T11:18:27","date_gmt":"2015-08-18T10:18:27","guid":{"rendered":"http:\/\/www.recom.link\/kandiq-gjykata-speciale-pergjigje-amerikane-ndaj-mossuksesit-te-unmik-ut-dhe-eulex-it-2-2\/"},"modified":"2015-08-21T09:54:52","modified_gmt":"2015-08-21T08:54:52","slug":"kandiq-gjykata-speciale-pergjigje-amerikane-ndaj-mossuksesit-te-unmik-ut-dhe-eulex-it-2","status":"publish","type":"post","link":"https:\/\/www.recom.link\/bhsc\/kandiq-gjykata-speciale-pergjigje-amerikane-ndaj-mossuksesit-te-unmik-ut-dhe-eulex-it-2\/","title":{"rendered":"Kandi\u0107: Specijalni sud nije protiv Kosova"},"content":{"rendered":"<p><a href=\"http:\/\/www.recom.link\/wp-content\/uploads\/2015\/08\/20150808232410952646.jpg\"><img loading=\"lazy\" decoding=\"async\" class=\"alignnone size-medium wp-image-134590\" src=\"http:\/\/www.recom.link\/wp-content\/uploads\/2015\/08\/20150808232410952646-300x200.jpg\" alt=\"20150808232410952646\" width=\"300\" height=\"200\" srcset=\"https:\/\/www.recom.link\/wp-content\/uploads\/2015\/08\/20150808232410952646-300x200.jpg 300w, https:\/\/www.recom.link\/wp-content\/uploads\/2015\/08\/20150808232410952646-165x111.jpg 165w, https:\/\/www.recom.link\/wp-content\/uploads\/2015\/08\/20150808232410952646.jpg 646w\" sizes=\"(max-width: 300px) 100vw, 300px\" \/><\/a><\/p>\n<p>&nbsp;<\/p>\n<p>Intervju za Koha Ditore: Nata\u0161a Kandi\u0107<\/p>\n<p>&nbsp;<\/p>\n<p><em>Formiranje Specijalnog suda za zlo\u010dine koje su po\u010dinili pripadnici OVK je ameri\u010dki odgovor na neuspeh UNMIK-a i EULEX-a u stvaranju uslova u kojima bi kosovsko pravosu\u0111e moglo da preuzme odgovornost za procesuiranje ratnih zlo\u010dina i posleratnih ubistava, etni\u010dki i politi\u010dki motivisanih.<\/em><\/p>\n<p>&nbsp;<\/p>\n<p>Razgovor vodio: <strong>Agron Bajrami<\/strong><\/p>\n<p><strong>Parlament Kosova je izglasao ustavni amandman i zakone kojima se omogu\u0107ava stvaranje Specijalnog suda pred kojim \u0107e se procesuirati slu\u010dajevi koji proizilaze iz istrage Specijalnog tima istra\u017eitelja, a koji je vodio istragu prema nalazima iz izve\u0161taja Specijalnog izvestioca Saveta Evrope, Dika Martija. Kako vi ocenjujete ovakav razvoj doga\u0111aja? Za\u0161to Kosovo mora da stvara ovakav Specijalni sud koji je, u stvari, me\u0111unarodni tribunal koji \u0107e funksionisati u okviru kosovskih zakona?<\/strong><\/p>\n<p>NK: Moje li\u010dno mi\u0161ljenje je da formiranje Specijalnog suda za zlo\u010dine koje su po\u010dinili pripadnici OVK predstavlja ameri\u010dki odgovor na neuspeh UNMIK-a i EULEX-a u stvaranju uslova u kojima bi kosovsko pravosu\u0111e moglo da preuzme odgovornost za procesuiranje ratnih zlo\u010dina i posleratnih ubistava, etni\u010dki i politi\u010dki motivisanih. Ja tu odluku tuma\u010dim u kontekstu odgovornosti koju je Amerika preuzela naspram Kosova \u2013 stvaranje pravne dr\u017eave u kojoj se zakon po\u0161tuje.Verujem da je State Department imao u vidu i otpor politi\u010dke javnosti, dela civilnog dru\u0161tva i nekih lokalnih sudija prema odlukama me\u0111unarodnih sudskih ve\u0107a kada su u pitanju bili visoko pozicionirani komandanti OVK, bilo da je re\u010d o ratnim zlo\u010dinima ili korupciji, kao i strah svedoka, pre svega \u010dlanova porodica albanskih \u017ertava i drugih obi\u010dnih ljudi, da pred sudom svedo\u010de protiv optu\u017eenih pripadnika OVK. Ne treba zaboraviti \u010dinjenicu da je Ha\u0161ki tribunal bio nadle\u017ean samo za kr\u0161enje humanitarnog prava tokom oru\u017eanog sukoba, a da \u0107e se Specijalni sud baviti posleratnim ubistvima, ali u vezi s oru\u017eanim sukobom na Kosovu. Re\u0161enje da Specijalni sud primenjuje kosovske zakone je vrlo dobro \u2013 to je jedinstvena prilika za kosovske tu\u017eioce, sudije i druge pravnike da u\u010de od elitnih me\u0111unarodnih pravnika, ali i da steknu uvid u dokumenta i dokaze koji im bez toga suda ne bi bili dostupni. \u0160teta je \u0161to Ha\u0161ki tribunal nije primenjivao, bar delimi\u010dno, zakonodavstvo biv\u0161e SFRJ, jer je to moglo omogu\u0107iti br\u017ei transfer ha\u0161kog znanja i standarda na nacionalni pravni nivo u post\u2012jugoslovenskim zemljama.<\/p>\n<p>Moj zaklju\u010dak je da Specijalni sud nije protiv Kosova, ve\u0107 da taj sud ima potencijal da otkloni nedostatke Ha\u0161kog tribunala i probleme koji se javljaju u praksi kosovskog pravosu\u0111a. To se, pre svega, vidi u kontekstu istrage tima Clint Wiliamson \u2013 nijedna informacija, nijedno ime nekog osumnji\u010denog nisu procurili u javnost, \u0161to daje garancije da \u0107e Specijalni sud uspeti da obezbedi sigurnost svedoka.<\/p>\n<p><strong>Kako uop\u0161te ocenjujete situaciju sa ratnim zlo\u010dinima po\u010dinjenim na Kosovu? Koliko je pravda za ratne zlo\u010dine po\u010dinjene na Kosovu zapravo dosti\u017ena?<\/strong><\/p>\n<p>Ha\u0161ki tribunal je zaslu\u017ean za to \u0161to su albanske \u017ertve pravno priznate i \u0161to je ustanovio \u010dinjenice koje niko ne\u0107e mo\u0107i da menja. Osnivanje Specijalnog suda, ma koliko bilo otpora tome na Kosovu, jeste ja\u010danje krivi\u010dne pravde. Me\u0111utim, obi\u010dnim ljudima je potrebna i lokalna pravda, da znaju ko je napravio zlo u malom mestu, ili, ako znaju ko je napravio, da ta osoba bude izvedena pred lice pravde \u2012 to je za njih pravda. Rekla bih da vreme za pravdu odmi\u010de, ali ga jo\u0161 uvek ima.<\/p>\n<p><strong>Na Kosovu je bilo mnogo polemike oko toga za\u0161to treba da postoji Specijalni sud samo za odre\u0111ene slu\u010dajeve u kojima su osumnji\u010deni pripadnici OVK, dok se zlo\u010dini srpskih snaga nad Albancima procesuiraju pred nacionalnim sudstvom Srbije, ili se prepu\u0161taju zaboravu, \u0161to je slu\u010daj sa ve\u0107inom njih. Uzimaju\u0107i u obzir dosada\u0161nje funksionisanje srpskog sudstva kad je re\u010d o ratnim zlo\u010dinima protiv Albanaca, mislite li da bi pravda bila efikasnija kad bi Specijalni sud imao mandate i za takve zlo\u010dine?<\/strong><\/p>\n<p>Ha\u0161ki tribunal je osudio gotovo ceo dr\u017eavni vrh Srbije iz perioda rata, tako da jedna dimenzija pravde za \u017ertve jeste zadovoljena. Osu\u0111eni su, osim Slobodana Milo\u0161evi\u0107a, najva\u017eniji vojni, policijski i civilni predstavnici dr\u017eave Srbije. Me\u0111utim, imaju\u0107i u vidu da su, za smrt ili nestanak najmanje 8.000 albanskih civila, u periodu od januara 1998. do juna 1999, odgovorne jedinice VJ\/MUP Srbije i njihovi komandanti, da pred sudovima u Srbiji nije bilo su\u0111enja komandantima, nego direktnim izvr\u0161iocima (u slu\u010daju Suve Reke bio je optu\u017een policijski general Radoslav Mitrovi\u0107, ali ga je prvostepeni sud oslobodio krivi\u010dne odgovornosti), da ima malo su\u0111enja i da traju po nekoliko godina, kao i da Apelacioni sud, po pravilu, ukida osu\u0111uju\u0107e prvostepene presude, nema mesta optimizmu u pogledu pravde za albanske \u017ertve. Moje je mi\u0161ljenje da formiranje Specijalnog suda za ratne zlo\u010dine pripadnika OVK otvara pitanje \u0161ta me\u0111unarodna zajednica treba da u\u010dini kako bi Srbija prestala da minimizira zlo\u010dine VJ\/MUP Srbije i da \u0161titi generale, poput na\u010delnika General\u0161taba Vojske Srbije Ljubi\u0161e Dikovi\u0107a, Momira Stojanovi\u0107a, ratnog na\u010delnika bezbednosti Pri\u0161tinskog korpusa, Bo\u017eidara Deli\u0107a, komandanta 549. brigade Vojske SRJ i Gorana Radosavljevi\u0107a Gurija, komandanta Operativno\u2012poternih grupa u vreme rata. Fond za humanitarno pravo je dokumentovao vezu izme\u0111u delovanja pripadnika 37. motorizovane brigade VJ u op\u0161tini Glogovac, ubistava i nestanka albanskih seljaka i masovne grobnice u Rudnici kod Ra\u0161ke, odakle su krajem 2014. ekshumirani i identifikovani posmrtni ostaci 52 Albanca iz Rezale, Starog \u010cikatova, Donje Zabele i Gladnog Sela. Umesto da Dikovi\u0107 bude smenjen sa pozicije na\u010delnika General\u0161taba i da se otvori istraga protiv njega, predsednik Srbije uzeo ga je u za\u0161titu, a on sam je pokrenuo parnicu protiv mene, navodno zato \u0161to ru\u0161im njegov ugled. \u010cinjenica da je jedan general izabrao da svoju nevinost dokazuje u parnici govori o tome da je on u velikoj panici i strahu. U tom parni\u010dnom postupku, na prvom ro\u010di\u0161tu, pokazalo se da je sudija dobio zadatak da generalu \u201eizda potvrdu\u201c da sam odgovorna za izno\u0161enje neistina i kaljanje ugleda, \u0161to \u0107e on predstavljati kao dokaz svoje nevinosti u odnosu na ubistva seljaka i masovnu grobnicu u Rudnici. Da podsetim da je Interpol, u februaru ove godine, izdao poternicu za generalom Momirom Stojanovi\u0107em, predsednikom Odbora Skup\u0161tine Srbije za kontrolu slu\u017ebi bezbednosti, zbog ume\u0161anosti u ratne zlo\u010dina nad civilima u op\u0161tini \u0110akovica, ali on se slobodno kre\u0107e u Srbiji, dok Tu\u017eila\u0161tvo za ratne zlo\u010dine \u0107uti. Da zaklju\u010dim \u2012 na Srbiju niko vi\u0161e, osim nevladinih organizacija, ne vr\u0161i pritisak da procesuira ratne zlo\u010dine. Evropska komisija vi\u0161e ne uslovljava evropske integracije saradnjom post\u2012jugoslovenskih dr\u017eava sa Ha\u0161kim tribunalom, jer taj sud vi\u0161e ne podi\u017ee optu\u017enice i nema vi\u0161e zahteva za dostavljanje novih dokumenata. Problem je u tome \u0161to EK nema novu strategiju za uspostavljanje tranzicione pravde u zemljama zapadnog Balkana, ili, druga\u010dije re\u010deno, nema politiku uslovljavanja za \u010dlanstvo u EU kada je u pitanju suo\u010davanje s pro\u0161lo\u0161\u0107u i vladavina prava. Moje je mi\u0161ljenje da EK treba da se vrati politici uslovljavanja i da procesuiranje ratnih zlo\u010dina i regionalna saradnja na temelju popisa \u017ertava i okolnosti stradanja treba da dobiju prioritet me\u0111u uslovima za \u010dlanstvo u EU. Jedino se tako mo\u017ee dobiti pravda za sve \u017ertve, ali vode\u0107i ra\u010duna o tome koliko je koja strana odgovorna za ratne zlo\u010dine, u suprotnom, ima\u0107emo stvarno apsurdnu situaciju \u2012 da se, s jedne strane, stvara krivi\u010dni ad hoc sud sa zadatkom da donese pravdu za srpske \u017ertve, a s druge strane, evropsku i me\u0111unarodnu podr\u0161ku neka\u017enjavanju generala Vojske Srbije za zlo\u010dine nad albanskim \u017ertvama.<\/p>\n<p><strong>Odmah posle rata preovladavalo je ube\u0111enje da je Ha\u0161ki tribunal instrument koji \u0107e omogu\u0107iti osudu ratnih zlo\u010dina. Koliko mislite da je Tribunal u Hagu bio efektivan?<\/strong><\/p>\n<p>Ha\u0161ki tribunal je uspeo da prikupi vredne dokaze i utvrdi \u010dinjenice koje nijedan nacionalni sud ne bi mogao da obezbedi. Na po\u010detku, to je bio sud bez mo\u0107i, ali je vremenom uspeo da sve post\u2012jugoslovenske dr\u017eave obave\u017ee na saradnju. Poslednjih godina u radu sudskih ve\u0107a do\u0161lo je do promene standarda, tako da su neki generali oslobo\u0111eni u \u017ealbenom postupku, a da nije bilo novih \u010dinjenica. Preovladali su politi\u010dki razlozi u kvalifikaciji odluka u slu\u010daju hrvatskog generala Gotovine i srpskog generala Peri\u0161i\u0107a. U predmetu \u201e kosovska \u0161estorka\u201c, ha\u0161ke sudije su se vratile starim standardima, te je predmet okon\u010dan u skladu sa te\u017einom po\u010dinjenih zlo\u010dina, ali su osloba\u0111aju\u0107e presude na obrazima pojedinih ha\u0161kih sudija ostavile crne mrlje. I u slu\u010daju Haradinaja, iako je oslobo\u0111en, pre svega jer Tu\u017eila\u0161tvo nije uspelo da doka\u017ee optu\u017enicu, vrlo va\u017ene \u010dinjenice o zlo\u010dinima nad Srbima i navodnim kolaboracionistima utvr\u0111ene su i osta\u0107e zauvek na nivou pravnih istina.<\/p>\n<p><strong>Veliki deo ratnih zlo\u010dina po\u010dinjenih u ratovima u biv\u0161oj Jugoslaviji prepu\u0161ten je nacionalnim sudovima. Koliko je to uticalo na efektivnost pravde za ratne zlo\u010dine?<\/strong><\/p>\n<p>U praksi nacionalnih sudova pokazalo se da su tu\u017eioci najslabija ta\u010dka svakog nacionalnog pravosudnog sistema. Tu\u017eioci se pokazuju kao servis vlasti, a ne samostalni dr\u017eavni organ. Sudije su se pokazale mnogo bolje, ali sudije ne mogu menjati slabe optu\u017enice. Jednom re\u010dju, nacionalni sudovi su pali na ispitu iz vladavine prava \u2013 svi su bili spremni da sude drugima, \u0161to ne doprinosi ja\u010danju vladavine prava. U poslednje vreme, u regionu, posebno u Srbiji, primetno je udvaranje Tu\u017eila\u0161tva \u017ertvama iz svoje dr\u017eave, iako je zadatak te institucije, pre svega, da optu\u017euje po\u010dinioce iz svoje dr\u017eave.<\/p>\n<p><strong>Na Kosovu je, u zadnjih sedam godina, za ratne zlo\u010dine bila nadle\u017ena i misija Evropske Unije, EULEX. Koliko mislite da je EULEX bio uspe\u0161an u tome?<\/strong><\/p>\n<p>Na\u017ealost, EU, jednako kao UNMIK, nije osposobila kosovske institucije da mogu da se odupru politi\u010dkim pritiscima. EULEX je lenja misija, vrlo udaljena od stanovni\u0161tva. Velika bruka je to \u0161to je jedan tu\u017eilac, koji je va\u017eio za vode\u0107eg me\u0111unarodnog tu\u017eioca na Kosovu, nakon zavr\u0161enog mandata, do\u0161ao u Beograd i postao konsultant u me\u0111unarodnoj organizaciji. Izbor tu\u017eilaca i sudija je bio veoma slaba ta\u010dka misije EULEX-a. Pri\u010de o velikom novcu za neke osloba\u0111aju\u0107e presude nisu ispitane, nego zata\u0161kane.<\/p>\n<p><strong>Fond za humanitarno pravo ve\u0107 godinama radi na rasvetljavanju zlo\u010dina po\u010dinjenih na Kosovu, ali i na stvaranju uslova za pomirenje izme\u0111u Kosova i Srbije, to jest Albanaca i Srba. Koliko je za takvo pomirenje va\u017eno da se svi zlo\u010dini osude? <\/strong><\/p>\n<p>Ako jedno profesionalno su\u0111enje zahteva najmanje dve godine, onda moramo da se pomirimo sa \u010dinjenicom da sudovi nemaju kapacitete da sve po\u010dinioce izvedu pred lice pravde i pravi\u010dno ih kazne. Moj stav je da su su\u0111enja va\u017ena, \u010dak i ona koja stru\u010dna javnost oceni kao su\u0111enja sa politi\u010dkim razlozima, jer se utvr\u0111ivanje \u010dinjenica pred sudom odvija prema \u010dvrstoj proceduri, bez politike, dok u dono\u0161enju presude konkretnim pojedincima ima politike. Za pomirenje je potrebno da znamo ko su \u017ertve, imenom i prezimenom, da znamo okolnosti smrti, da priznamo druge \u017ertve i da su \u017eivoti svih \u017ertava jednako vredni, ali da je jedno biti vojnik i poginuti vr\u0161e\u0107i slu\u017ebu, a drugo biti \u017ertva ratnog zlo\u010dina. Za pomirenje je va\u017eno da prihvatimo pojedina\u010dne istine, da ne tra\u017eimo da majke menjaju svoje istine, da utvrdimo \u010dinjenice, i da istori\u010darima i analiti\u010darima ostavimo interpretacije. Za pomirenje nisu dovoljne samo sudske \u010dinjenice. Potrebne su \u010dinjenice o svim \u017ertvama, a to je jedino mogu\u0107e dobiti preko regionalne komisije, kao \u0161to je REKOM. Za osnivanje REKOM-a postoji na\u010delna politi\u010dka podr\u0161ka, ali je u ovom trenutku potrebno da ta podr\u0161ka postane konkretna, da poslove oko osnivanja REKOM-a preuzmu dr\u017eave. Vlada Srbije je dala podr\u0161ku, premijer Srbije je obe\u0107ao da \u0107e se li\u010dno anga\u017eovati da se formira REKOM.<\/p>\n<p><strong>Da li je realno o\u010dekivati da \u0107e svi po\u010dinioci ratnih zlo\u010dina biti izvedeni pred pravdu?<\/strong><\/p>\n<p>Vreme izmi\u010de, svedoci postaju stariji, neki umiru; su\u0111enja treba intenzivirati i imati realna o\u010dekivanja \u2013 da se \u0161to ve\u0107i broj zlo\u010dinaca izvede pred sud. Va\u017eno je ustanoviti imena \u017ertava, kako bismo osigurali trajno se\u0107anje na svaku \u017ertvu pojedina\u010dno.<\/p>\n<p>\u00a9 KOHA Ditore, 09.08.2015<\/p>\n<p>&nbsp;<\/p>\n","protected":false},"excerpt":{"rendered":"&nbsp; Intervju za Koha Ditore: Nata\u0161a Kandi\u0107 &nbsp; Formiranje Specijalnog suda za zlo\u010dine koje su po\u010dinili pripadnici OVK je ameri\u010dki&#8230; ","protected":false},"author":8,"featured_media":134590,"comment_status":"closed","ping_status":"closed","sticky":false,"template":"","format":"standard","meta":{"_acf_changed":false,"footnotes":""},"categories":[425,426],"tags":[],"class_list":["post-134634","post","type-post","status-publish","format-standard","has-post-thumbnail","hentry","category-intervjui-bhsc","category-rekom-u-medijima-bhsc"],"acf":[],"yoast_head":"<!-- This site is optimized with the Yoast SEO plugin v25.6 - https:\/\/yoast.com\/wordpress\/plugins\/seo\/ -->\n<title>Kandi\u0107: Specijalni sud nije protiv Kosova - REKOM ~ KOMRA ~ RECOM<\/title>\n<meta name=\"robots\" content=\"index, follow, max-snippet:-1, max-image-preview:large, max-video-preview:-1\" \/>\n<link rel=\"canonical\" href=\"https:\/\/www.recom.link\/bhsc\/kandiq-gjykata-speciale-pergjigje-amerikane-ndaj-mossuksesit-te-unmik-ut-dhe-eulex-it-2\/\" \/>\n<meta property=\"og:locale\" content=\"en_US\" \/>\n<meta property=\"og:type\" content=\"article\" \/>\n<meta property=\"og:title\" content=\"Kandi\u0107: Specijalni sud nije protiv Kosova - REKOM ~ KOMRA ~ RECOM\" \/>\n<meta property=\"og:description\" content=\"&nbsp; Intervju za Koha Ditore: Nata\u0161a Kandi\u0107 &nbsp; Formiranje Specijalnog suda za zlo\u010dine koje su po\u010dinili pripadnici OVK je ameri\u010dki...\" \/>\n<meta property=\"og:url\" content=\"https:\/\/www.recom.link\/bhsc\/kandiq-gjykata-speciale-pergjigje-amerikane-ndaj-mossuksesit-te-unmik-ut-dhe-eulex-it-2\/\" \/>\n<meta property=\"og:site_name\" content=\"REKOM ~ KOMRA ~ RECOM\" \/>\n<meta property=\"article:publisher\" content=\"https:\/\/www.facebook.com\/ZaREKOM.PerKOMRA.ForRECOM\/\" \/>\n<meta property=\"article:published_time\" content=\"2015-08-18T10:18:27+00:00\" \/>\n<meta property=\"article:modified_time\" content=\"2015-08-21T08:54:52+00:00\" \/>\n<meta property=\"og:image\" content=\"https:\/\/www.recom.link\/wp-content\/uploads\/2015\/08\/20150808232410952646.jpg\" \/>\n\t<meta property=\"og:image:width\" content=\"646\" \/>\n\t<meta property=\"og:image:height\" content=\"431\" \/>\n\t<meta property=\"og:image:type\" content=\"image\/jpeg\" \/>\n<meta name=\"author\" content=\"Recom Editor\" \/>\n<meta name=\"twitter:card\" content=\"summary_large_image\" \/>\n<meta name=\"twitter:creator\" content=\"@REKOM_KOMRA\" \/>\n<meta name=\"twitter:site\" content=\"@REKOM_KOMRA\" \/>\n<meta name=\"twitter:label1\" content=\"Written by\" \/>\n\t<meta name=\"twitter:data1\" content=\"Recom Editor\" \/>\n\t<meta name=\"twitter:label2\" content=\"Est. reading time\" \/>\n\t<meta name=\"twitter:data2\" content=\"11 minutes\" \/>\n<script type=\"application\/ld+json\" class=\"yoast-schema-graph\">{\"@context\":\"https:\/\/schema.org\",\"@graph\":[{\"@type\":\"WebPage\",\"@id\":\"https:\/\/www.recom.link\/bhsc\/kandiq-gjykata-speciale-pergjigje-amerikane-ndaj-mossuksesit-te-unmik-ut-dhe-eulex-it-2\/\",\"url\":\"https:\/\/www.recom.link\/bhsc\/kandiq-gjykata-speciale-pergjigje-amerikane-ndaj-mossuksesit-te-unmik-ut-dhe-eulex-it-2\/\",\"name\":\"Kandi\u0107: Specijalni sud nije protiv Kosova - REKOM ~ KOMRA ~ RECOM\",\"isPartOf\":{\"@id\":\"https:\/\/www.recom.link\/en\/#website\"},\"primaryImageOfPage\":{\"@id\":\"https:\/\/www.recom.link\/bhsc\/kandiq-gjykata-speciale-pergjigje-amerikane-ndaj-mossuksesit-te-unmik-ut-dhe-eulex-it-2\/#primaryimage\"},\"image\":{\"@id\":\"https:\/\/www.recom.link\/bhsc\/kandiq-gjykata-speciale-pergjigje-amerikane-ndaj-mossuksesit-te-unmik-ut-dhe-eulex-it-2\/#primaryimage\"},\"thumbnailUrl\":\"https:\/\/www.recom.link\/wp-content\/uploads\/2015\/08\/20150808232410952646.jpg\",\"datePublished\":\"2015-08-18T10:18:27+00:00\",\"dateModified\":\"2015-08-21T08:54:52+00:00\",\"author\":{\"@id\":\"https:\/\/www.recom.link\/en\/#\/schema\/person\/0b0fce47cdf986c8b4194146b69999a3\"},\"breadcrumb\":{\"@id\":\"https:\/\/www.recom.link\/bhsc\/kandiq-gjykata-speciale-pergjigje-amerikane-ndaj-mossuksesit-te-unmik-ut-dhe-eulex-it-2\/#breadcrumb\"},\"inLanguage\":\"bhsc\",\"potentialAction\":[{\"@type\":\"ReadAction\",\"target\":[\"https:\/\/www.recom.link\/bhsc\/kandiq-gjykata-speciale-pergjigje-amerikane-ndaj-mossuksesit-te-unmik-ut-dhe-eulex-it-2\/\"]}]},{\"@type\":\"ImageObject\",\"inLanguage\":\"bhsc\",\"@id\":\"https:\/\/www.recom.link\/bhsc\/kandiq-gjykata-speciale-pergjigje-amerikane-ndaj-mossuksesit-te-unmik-ut-dhe-eulex-it-2\/#primaryimage\",\"url\":\"https:\/\/www.recom.link\/wp-content\/uploads\/2015\/08\/20150808232410952646.jpg\",\"contentUrl\":\"https:\/\/www.recom.link\/wp-content\/uploads\/2015\/08\/20150808232410952646.jpg\",\"width\":646,\"height\":431},{\"@type\":\"BreadcrumbList\",\"@id\":\"https:\/\/www.recom.link\/bhsc\/kandiq-gjykata-speciale-pergjigje-amerikane-ndaj-mossuksesit-te-unmik-ut-dhe-eulex-it-2\/#breadcrumb\",\"itemListElement\":[{\"@type\":\"ListItem\",\"position\":1,\"name\":\"Home\",\"item\":\"https:\/\/www.recom.link\/en\/\"},{\"@type\":\"ListItem\",\"position\":2,\"name\":\"Kandi\u0107: Specijalni sud nije protiv Kosova\"}]},{\"@type\":\"WebSite\",\"@id\":\"https:\/\/www.recom.link\/en\/#website\",\"url\":\"https:\/\/www.recom.link\/en\/\",\"name\":\"REKOM ~ KOMRA ~ RECOM\",\"description\":\"\",\"potentialAction\":[{\"@type\":\"SearchAction\",\"target\":{\"@type\":\"EntryPoint\",\"urlTemplate\":\"https:\/\/www.recom.link\/en\/?s={search_term_string}\"},\"query-input\":{\"@type\":\"PropertyValueSpecification\",\"valueRequired\":true,\"valueName\":\"search_term_string\"}}],\"inLanguage\":\"bhsc\"},{\"@type\":\"Person\",\"@id\":\"https:\/\/www.recom.link\/en\/#\/schema\/person\/0b0fce47cdf986c8b4194146b69999a3\",\"name\":\"Recom Editor\",\"image\":{\"@type\":\"ImageObject\",\"inLanguage\":\"bhsc\",\"@id\":\"https:\/\/www.recom.link\/en\/#\/schema\/person\/image\/\",\"url\":\"https:\/\/secure.gravatar.com\/avatar\/b345ee03975bccfc62280b0fd1ffd916?s=96&d=mm&r=g\",\"contentUrl\":\"https:\/\/secure.gravatar.com\/avatar\/b345ee03975bccfc62280b0fd1ffd916?s=96&d=mm&r=g\",\"caption\":\"Recom Editor\"},\"url\":\"https:\/\/www.recom.link\/bhsc\/author\/jelanag\/\"}]}<\/script>\n<!-- \/ Yoast SEO plugin. -->","yoast_head_json":{"title":"Kandi\u0107: Specijalni sud nije protiv Kosova - REKOM ~ KOMRA ~ RECOM","robots":{"index":"index","follow":"follow","max-snippet":"max-snippet:-1","max-image-preview":"max-image-preview:large","max-video-preview":"max-video-preview:-1"},"canonical":"https:\/\/www.recom.link\/bhsc\/kandiq-gjykata-speciale-pergjigje-amerikane-ndaj-mossuksesit-te-unmik-ut-dhe-eulex-it-2\/","og_locale":"en_US","og_type":"article","og_title":"Kandi\u0107: Specijalni sud nije protiv Kosova - REKOM ~ KOMRA ~ RECOM","og_description":"&nbsp; Intervju za Koha Ditore: Nata\u0161a Kandi\u0107 &nbsp; Formiranje Specijalnog suda za zlo\u010dine koje su po\u010dinili pripadnici OVK je ameri\u010dki...","og_url":"https:\/\/www.recom.link\/bhsc\/kandiq-gjykata-speciale-pergjigje-amerikane-ndaj-mossuksesit-te-unmik-ut-dhe-eulex-it-2\/","og_site_name":"REKOM ~ KOMRA ~ RECOM","article_publisher":"https:\/\/www.facebook.com\/ZaREKOM.PerKOMRA.ForRECOM\/","article_published_time":"2015-08-18T10:18:27+00:00","article_modified_time":"2015-08-21T08:54:52+00:00","og_image":[{"width":646,"height":431,"url":"https:\/\/www.recom.link\/wp-content\/uploads\/2015\/08\/20150808232410952646.jpg","type":"image\/jpeg"}],"author":"Recom Editor","twitter_card":"summary_large_image","twitter_creator":"@REKOM_KOMRA","twitter_site":"@REKOM_KOMRA","twitter_misc":{"Written by":"Recom Editor","Est. reading time":"11 minutes"},"schema":{"@context":"https:\/\/schema.org","@graph":[{"@type":"WebPage","@id":"https:\/\/www.recom.link\/bhsc\/kandiq-gjykata-speciale-pergjigje-amerikane-ndaj-mossuksesit-te-unmik-ut-dhe-eulex-it-2\/","url":"https:\/\/www.recom.link\/bhsc\/kandiq-gjykata-speciale-pergjigje-amerikane-ndaj-mossuksesit-te-unmik-ut-dhe-eulex-it-2\/","name":"Kandi\u0107: Specijalni sud nije protiv Kosova - REKOM ~ KOMRA ~ RECOM","isPartOf":{"@id":"https:\/\/www.recom.link\/en\/#website"},"primaryImageOfPage":{"@id":"https:\/\/www.recom.link\/bhsc\/kandiq-gjykata-speciale-pergjigje-amerikane-ndaj-mossuksesit-te-unmik-ut-dhe-eulex-it-2\/#primaryimage"},"image":{"@id":"https:\/\/www.recom.link\/bhsc\/kandiq-gjykata-speciale-pergjigje-amerikane-ndaj-mossuksesit-te-unmik-ut-dhe-eulex-it-2\/#primaryimage"},"thumbnailUrl":"https:\/\/www.recom.link\/wp-content\/uploads\/2015\/08\/20150808232410952646.jpg","datePublished":"2015-08-18T10:18:27+00:00","dateModified":"2015-08-21T08:54:52+00:00","author":{"@id":"https:\/\/www.recom.link\/en\/#\/schema\/person\/0b0fce47cdf986c8b4194146b69999a3"},"breadcrumb":{"@id":"https:\/\/www.recom.link\/bhsc\/kandiq-gjykata-speciale-pergjigje-amerikane-ndaj-mossuksesit-te-unmik-ut-dhe-eulex-it-2\/#breadcrumb"},"inLanguage":"bhsc","potentialAction":[{"@type":"ReadAction","target":["https:\/\/www.recom.link\/bhsc\/kandiq-gjykata-speciale-pergjigje-amerikane-ndaj-mossuksesit-te-unmik-ut-dhe-eulex-it-2\/"]}]},{"@type":"ImageObject","inLanguage":"bhsc","@id":"https:\/\/www.recom.link\/bhsc\/kandiq-gjykata-speciale-pergjigje-amerikane-ndaj-mossuksesit-te-unmik-ut-dhe-eulex-it-2\/#primaryimage","url":"https:\/\/www.recom.link\/wp-content\/uploads\/2015\/08\/20150808232410952646.jpg","contentUrl":"https:\/\/www.recom.link\/wp-content\/uploads\/2015\/08\/20150808232410952646.jpg","width":646,"height":431},{"@type":"BreadcrumbList","@id":"https:\/\/www.recom.link\/bhsc\/kandiq-gjykata-speciale-pergjigje-amerikane-ndaj-mossuksesit-te-unmik-ut-dhe-eulex-it-2\/#breadcrumb","itemListElement":[{"@type":"ListItem","position":1,"name":"Home","item":"https:\/\/www.recom.link\/en\/"},{"@type":"ListItem","position":2,"name":"Kandi\u0107: Specijalni sud nije protiv Kosova"}]},{"@type":"WebSite","@id":"https:\/\/www.recom.link\/en\/#website","url":"https:\/\/www.recom.link\/en\/","name":"REKOM ~ KOMRA ~ RECOM","description":"","potentialAction":[{"@type":"SearchAction","target":{"@type":"EntryPoint","urlTemplate":"https:\/\/www.recom.link\/en\/?s={search_term_string}"},"query-input":{"@type":"PropertyValueSpecification","valueRequired":true,"valueName":"search_term_string"}}],"inLanguage":"bhsc"},{"@type":"Person","@id":"https:\/\/www.recom.link\/en\/#\/schema\/person\/0b0fce47cdf986c8b4194146b69999a3","name":"Recom Editor","image":{"@type":"ImageObject","inLanguage":"bhsc","@id":"https:\/\/www.recom.link\/en\/#\/schema\/person\/image\/","url":"https:\/\/secure.gravatar.com\/avatar\/b345ee03975bccfc62280b0fd1ffd916?s=96&d=mm&r=g","contentUrl":"https:\/\/secure.gravatar.com\/avatar\/b345ee03975bccfc62280b0fd1ffd916?s=96&d=mm&r=g","caption":"Recom Editor"},"url":"https:\/\/www.recom.link\/bhsc\/author\/jelanag\/"}]}},"_links":{"self":[{"href":"https:\/\/www.recom.link\/bhsc\/wp-json\/wp\/v2\/posts\/134634"}],"collection":[{"href":"https:\/\/www.recom.link\/bhsc\/wp-json\/wp\/v2\/posts"}],"about":[{"href":"https:\/\/www.recom.link\/bhsc\/wp-json\/wp\/v2\/types\/post"}],"author":[{"embeddable":true,"href":"https:\/\/www.recom.link\/bhsc\/wp-json\/wp\/v2\/users\/8"}],"replies":[{"embeddable":true,"href":"https:\/\/www.recom.link\/bhsc\/wp-json\/wp\/v2\/comments?post=134634"}],"version-history":[{"count":4,"href":"https:\/\/www.recom.link\/bhsc\/wp-json\/wp\/v2\/posts\/134634\/revisions"}],"predecessor-version":[{"id":134640,"href":"https:\/\/www.recom.link\/bhsc\/wp-json\/wp\/v2\/posts\/134634\/revisions\/134640"}],"wp:featuredmedia":[{"embeddable":true,"href":"https:\/\/www.recom.link\/bhsc\/wp-json\/wp\/v2\/media\/134590"}],"wp:attachment":[{"href":"https:\/\/www.recom.link\/bhsc\/wp-json\/wp\/v2\/media?parent=134634"}],"wp:term":[{"taxonomy":"category","embeddable":true,"href":"https:\/\/www.recom.link\/bhsc\/wp-json\/wp\/v2\/categories?post=134634"},{"taxonomy":"post_tag","embeddable":true,"href":"https:\/\/www.recom.link\/bhsc\/wp-json\/wp\/v2\/tags?post=134634"}],"curies":[{"name":"wp","href":"https:\/\/api.w.org\/{rel}","templated":true}]}}