{"id":133721,"date":"2015-06-08T11:25:04","date_gmt":"2015-06-08T10:25:04","guid":{"rendered":"http:\/\/www.recom.link\/papa-franjo-dan-nakon-posjete-bih-proces-pomirenja-je-naporan-i-tezak-ali-moguc-2\/"},"modified":"2020-04-10T13:04:39","modified_gmt":"2020-04-10T12:04:39","slug":"papa-franjo-dan-nakon-posjete-bih-proces-pomirenja-je-naporan-i-tezak-ali-moguc","status":"publish","type":"post","link":"https:\/\/www.recom.link\/bhsc\/papa-franjo-dan-nakon-posjete-bih-proces-pomirenja-je-naporan-i-tezak-ali-moguc\/","title":{"rendered":"Papa Franjo dan nakon posjete BiH: Proces pomirenja je naporan i te\u017eak, ali mogu\u0107"},"content":{"rendered":"<div>\n<div class=\"b_slika\"><img loading=\"lazy\" decoding=\"async\" class=\"\" src=\"http:\/\/static.klix.ba\/media\/images\/vijesti\/b_150607065.jpg?v=1\" alt=\"Papa Franjo dan nakon posjete BiH: Proces pomirenja je naporan i te\u017eak, ali mogu\u0107\" width=\"437\" height=\"242\" \/><\/div>\n<h5 class=\"b_slika\">Papa Franjo na Ko\u0161evu (Foto: Klix.ba)<\/h5>\n<\/div>\n<div>\n<h3 class=\"uvod\">Papa Franjo je nakon posjete Sarajevu tokom dana\u0161njeg popodnevnog nagovora napravio kratki osvrt na ju\u010dera\u0161nji dan.<\/h3>\n<\/div>\n<div class=\"rel\">\n<div class=\"tekst\">&#8220;Ju\u010der sam bio u Sarajevu, u Bosni i Hercegovini, kao hodo\u010dasnik mira i nade. Sarajevo je grad-simbol. Stolje\u0107ima je bio mjesto su\u017eivota naroda i religija, tako da je prozvan &#8216;Jerusalemom zapada&#8217;. U nedavnoj je pro\u0161losti postao simbol ratnog razaranja. Sada je u tijeku lijepi proces pomirenja i prije svega sam zbog toga oti\u0161ao kako bih podupro miran su\u017eivot razli\u010ditih naroda, to je naporan, te\u017eak, ali i mogu\u0107 put! I dobro im ide&#8221;, kazao je Papa, prenosi BHRT.Papa je zahvalio na toploj dobrodo\u0161lici te je jo\u0161 jednom poslao svoj blagoslov.<\/p>\n<p>&#8220;Zahvaljujem vlastima i svim gra\u0111anima za topao prihvat. Zahvaljujem katoli\u010dkoj zajednici, kojoj sam htio ponijeti ljubav op\u0107e Crkve. Tako\u0111er osobito zahvaljujem svim vjernicima &#8211; pravoslavnim, muslimanima, \u017eidovima i drugim vjerskim manjinama&#8221;, naveo je papa Franjo.<\/p>\n<p>Dodao je kako cijeni nastojanja na suradnji i solidarnosti me\u0111u tim osobama razli\u010ditih vjera, poti\u010du\u0107i ih da nastave rad oko duhovne i moralne obnove dru\u0161tva.<\/p>\n<p>&#8220;Rade zajedno kao istinska bra\u0107a. Neka Gospodin blagoslovi Sarajevo i Bosnu i Hercegovinu&#8221;, rekao je Papa.<\/p>\n<\/div>\n<\/div>\n<div class=\"tekst\"><\/div>\n<div class=\"hover_vijesti\">(<a href=\"http:\/\/www.klix.ba\/vijesti\/bih\/papa-franjo-dan-nakon-posjete-bih-proces-pomirenja-je-naporan-i-tezak-ali-moguc\/150607065\" target=\"_blank\" rel=\"noopener noreferrer\">Izve\u0161taj portala Klix.ba, 07.06.2015. u 20:20<\/a>)<\/div>\n<div class=\"hover_vijesti\"><\/div>\n<div class=\"hover_vijesti\">&#8212;-<\/div>\n<div class=\"hover_vijesti\"><em>Tokom posete Sarajevu, papa Franjo je poslao sna\u017enu poruku mira regionu biv\u0161e SFRJ. Prenosimo izve\u0161taj portala Radio Slobodna Evropa o doga\u0111aju.<\/em><\/div>\n<div class=\"hover_vijesti\"><\/div>\n<div class=\"hover_vijesti\"><\/div>\n<div class=\"hover_vijesti\">\n<h1><a href=\"http:\/\/www.slobodnaevropa.org\/content\/papa-franjo-u-sarajevu-nikad-vise-rata-mir-je-boziji-plan-za-covjecanstvo\/27057277.html\" target=\"_blank\" rel=\"noopener noreferrer\">Papa Franjo u Sarajevu: Nikada vi\u0161e rata, mir je Bo\u017eji plan za \u010dovje\u010danstvo<\/a><\/h1>\n<\/div>\n<div class=\"dateblock\">\n<div class=\"author\"><\/div>\n<div class=\"author\">Pi\u0161e: Gordana Sandi\u0107-Had\u017eihasanovi\u0107<\/div>\n<p class=\"article_date\">06.06.2015.<\/p>\n<\/div>\n<div class=\"hover_vijesti\"><\/div>\n<div class=\"hover_vijesti\">\n<div id=\"ctl00_ctl00_cpAB_cp1_cbcContentBreak\">\n<div class=\"zoomMe\">\n<p><strong><a href=\"http:\/\/www.slobodnaevropa.org\/contentlive\/blog-uzivo-papa-franjo-u-sarajevu\/27056456.html\" target=\"_blank\" rel=\"noopener noreferrer\"><span class=\"firstLetter\">P<\/span>osjeta pape Franje <\/a><\/strong> Sarajevu bila je ustinu jedna vi\u0161esatna lekcija &#8211; iskrena, emotivna, ispri\u010dana jednostavnim i blagim rije\u010dima, lekcija o miru i ljubavi, o skromnosti, o \u017eivotu, su\u017eivotu, dijalogu, o dobroti i oprostu.<\/p>\n<p>Ukratko, papa je odr\u017eao lekciju o tome kako se iskren i blizak odnos s gra\u0111anima mo\u017ee posti\u0107i, a svega toga nedostaje u Bosni i Hercegovini i nema ga dovoljno u pona\u0161anju bh. politi\u010dara.<\/p>\n<p>Tokom nepunih dvanaest sati boravka, papa Franjo je odaslao vi\u0161e univerzalnih i ljudskih poruka, posebno za mir &#8211; u Predsjedni\u0161tvu BiH, na misi na stadionu Ko\u0161evo, u Katedrali Srca Isusova, tokom me\u0111ureligijskog dijaloga sa \u010delnicima \u010detiri vjerske zajednice u BiH, na svim susretima i razgovorima, posebno s mladim ljudima.<\/p>\n<p>Papa je, izme\u0111u ostalog, naglasio da rat podrazumijeva djecu, \u017eene, starije osobe u izbjegli\u010dkim kampovima, napu\u0161tanje domova, uni\u0161tavanje ku\u0107a, \u0161kola, stara\u010dkih domova, a prije svega, rat podrazumijeva razorene \u017eivote.<\/p>\n<p><em>&#8220;Vi to vrlo dobro znate&#8230; kolika razaranja, kolika patnji, kolika bol. Iz ovoga grada uzdi\u017ee se vapaj naroda Bo\u017ejeg: nikada vi\u0161e rata&#8221;<\/em>, istakao je papa pred skoro 70.000 ljudi na misi odr\u017eanoj na stadionu Ko\u0161evo.<\/p>\n<p>U propovijedi je vi\u0161e puta ponovio rije\u010di &#8220;mir i sloboda&#8221;, nagla\u0161avaju\u0107i potrebu za zagovaranjem upravo tih vrijednosti.<\/p>\n<p><em>&#8220;Molimo Gospodina da stvaramo mir, a ne rat i sukobe. Jedino je to put koji nas \u010dini sretnima, koji nas \u010dini bla\u017eenima&#8221;<\/em>, poru\u010dio je papa.<\/p>\n<p><strong><a href=\"http:\/\/www.slobodnaevropa.org\/content\/papa-franjo-u-predsjednistvu-bih-sarajevo-je-jeruzalem-evrope\/27056930.html\" target=\"_blank\" rel=\"noopener noreferrer\">U Predsjedni\u0161tvu BiH je rekao<\/a><\/strong>: <em>&#8220;Do\u0161ao sam kao hodo\u010dasnik mira. Poslije povijesnog posjeta Ivana Pavla II, prije 18 godina, drago mi je da sada mogu vidjeti postignute napretke. Va\u017eno je ne zadovoljiti se postignutim nego u\u010diniti dalje korake za u\u010dvr\u0161\u0107ivanje me\u0111usobnog povjerenja. Prijeko je potreban strpljiv dijalog pun povjerenja tako da pojedinci i zajednice mogu prenositi vlastite vrijednosti.&#8221;<\/em><\/p>\n<p><strong>Mir i oprost<\/strong><\/p>\n<p>U sarajevskoj Katedrali, nakon \u0161to je saslu\u0161ao tri svjedo\u010denja o mu\u010denjima i strahotama tokom ratnih godina koje su do\u017eivjela dva sve\u0107enika i jedna \u010dasna sestra, papa je u emotivno istupu istakao:<\/p>\n<div class=\"box_without_quote\">\n<div class=\"box_without_innerQuote\"><strong><a href=\"http:\/\/www.slobodnaevropa.org\/section\/pope-in-sarajevo\/4501.html\" target=\"_blank\" rel=\"noopener noreferrer\">RSE Specijal: Papa Franjo u Sarajevu<\/a><\/strong><\/div>\n<\/div>\n<p><em>&#8220;Svjedo\u010danstva sve govore, sama za sebe, i to je memorija Va\u0161eg naroda. Nemate pravo zaboraviti povijest &#8211; ne da bi se osvetili, nego da bi bili mirotvorci. U Vama je krv svih onih koji su patili. Nekoliko mi je rije\u010di u srcu, a jedna od njih je OPROST. \u010covjek koji se posvetio Gospodinu, a koji ne zna oprostiti, ni\u010demu ne slu\u017ei.&#8221;<\/em><\/p>\n<p>Tokom ekumenskog i me\u0111ureligijskog susreta, Sveti Otac je naglasio: <em>&#8220;Lideri vjerskih zajednica su odgovorni za o\u010duvanje mira&#8221;<\/em>.<\/p>\n<p>Podr\u017eao je dijalog u okviru Me\u0111urelogijskog vije\u0107a, ali je \u010delnicima vjerskih zajednica direktno rekao da <em>&#8220;dijalog koji postoji me\u0111u njima, ne mo\u017ee ostati samo na toj razini, on se mora spustiti me\u0111u vjernike, me\u0111u gra\u0111ane&#8221;.<\/em><\/p>\n<div class=\"watermark\"><a title=\"Mladi razgovaraju sa papom Franjom\" href=\"http:\/\/gdb.rferl.org\/7A29A6F6-970A-45BF-904B-11EDBDEB97AF_mw1024_s_n.jpg\" rel=\"ibox\"><img decoding=\"async\" class=\"photo\" src=\"http:\/\/gdb.rferl.org\/7A29A6F6-970A-45BF-904B-11EDBDEB97AF_w640_r1_s.jpg\" alt=\"Mladi razgovaraju sa papom Franjom\" border=\"0\" \/><\/a><\/div>\n<h6 class=\"contentImage floatNone\"><span class=\"imageCaption\">Mladi razgovaraju sa papom Franjom<\/span><\/h6>\n<p>Tokom susreta sa oko 4.000 mladih, papa Franjo je izjavio: <em>&#8220;Ne stvarajte i ne gradite zidove, ve\u0107 samo mostove! O miru je lako pri\u010dati i mo\u0107nici ovog svijeta pri\u010daju\u0107i o miru teoretiziraju, a s druge strane prodaju oru\u017eje. Od vas, kao prve postratne generacije, o\u010dekujem integritet i po\u0161tenje, te da stvarate mostove koji \u0107e biti susret jednih sa drugima.&#8221;<\/em><\/p>\n<p><em>&#8220;Mir Vama, to je ono \u0161to vam ostavljam, to je ono na \u010demu trebate da radite, i mir se \u010dini me\u0111u svima nama, muslimanima, katolicima, \u017eidovima i pravoslavcima. \u010cinite da ne bude me\u0111u nama razdora, ve\u0107 bratsko zajedni\u0161tvo i jedinstvo&#8221;<\/em>, kazao je poglavar Rimokatoli\u010dke crkve.<\/p>\n<p><strong>Odu\u0161evljenje papom<\/strong><\/p>\n<p>Papa Franjo je tokom svog jednodnevnog boravka u Sarajevu, izazvao brojne izraze odu\u0161evljenja, a prilika je bilo vi\u0161e: kada se na aerodromu &#8211; mimo protokola &#8211; pozdravio sa svima koji su ga do\u010dekali, rukovao se sa oko 150 mladih u narodnim no\u0161njama, zatim sa radnicima aerodroma, pripadnicima raznih slu\u017ebi.<\/p>\n<p>Mnogi su primjetili kako se u ovom neplaniranom susretu zadr\u017eao vi\u0161e nego s \u010dlanovima zvani\u010dne delegacije.<\/p>\n<p>Do zgrade Predsjedni\u0161tva Bosne i Hercegovine se vozio u Ford Focusu, \u0161to je mnogo manje luksuzan automobil nego ostali u koloni koja se kretala od aerodroma.<\/p>\n<p>Ispred zgrade Predsjedni\u0161tva BiH naklonio se zastavi Bosne i Hercegovine, \u0161to je izazvalo odu\u0161evljenje gra\u0111ana koji su do\u0161li pozdraviti vrhovnog poglavara Katoli\u010dke crkve.<\/p>\n<p>&nbsp;<\/p>\n<div class=\"embedded_content_object\">\n<div id=\"expandSmallde911ca53da74f33a5ccd255f83d5613\" class=\"expandSmall floatLeft\">\n<div class=\"contentImage floatLeft\"><img decoding=\"async\" class=\"photo\" src=\"http:\/\/gdb.rferl.org\/C65060A8-D498-4CC9-8A6E-E23A1EDDE452_w268_r1.jpg\" alt=\"Papa Franjo u Katedrali Srca Isusova\" border=\"0\" \/><\/div>\n<h6 class=\"contentImage floatLeft\"><span class=\"imageCaption\">Papa Franjo u Katedrali Srca Isusova<\/span><\/h6>\n<p>&nbsp;<\/p>\n<\/div>\n<\/div>\n<p>Na putu prema stadionu Ko\u0161evo, iz papamobila je pozdravljao gra\u0111ane, a uspio je poljubiti &#8211; blagosloviti djecu. Tako\u0111e, pri\u0161ao je slijepom mu\u0161karcu u sarajevskoj Katedrali i blagoslovio ga.<\/p>\n<p>Dva puta je odlo\u017eio napisani govor da bi se \u0161to neposrednije obratio prisutnim.<\/p>\n<p><em>&#8220;Stvarajmo mir, a ne rat i sukobe&#8221;,<\/em> ova poruka je najsna\u017enije odjeknula tokom papine posjete Sarajevu.<\/p>\n<p>Bio je ovo dr\u017eavni\u010dki i pastoralni pohod Sarajevu i Bosnu i Hercegovini, koji je oplemenio i nadahnu sve one koji su se u subotu na\u0161li u Sarajevu ili su papinu posjetu pratili putem malih ekrana.<\/p>\n<p>Sarajevo je u subotu imalo najmanje 100.000 stanovnika vi\u0161e i sve je bilo u redu, bez problema ili najmanjeg incidenta.<\/p>\n<p>Radosti je bilo mnogo od 9.00 sati ujutro kada je avion s papom sletio na sarajevski aerodrom.<\/p>\n<p>Kad bi takvih dana u ovoj zemlji i ovom gradu bilo vi\u0161e!!!<\/p>\n<\/div>\n<\/div>\n<\/div>\n<div class=\"hover_vijesti\"><\/div>\n","protected":false},"excerpt":{"rendered":"Papa Franjo na Ko\u0161evu (Foto: Klix.ba) Papa Franjo je nakon posjete Sarajevu tokom dana\u0161njeg popodnevnog nagovora napravio kratki osvrt na&#8230; ","protected":false},"author":8,"featured_media":133716,"comment_status":"open","ping_status":"open","sticky":false,"template":"","format":"standard","meta":{"_acf_changed":false,"footnotes":""},"categories":[1657],"tags":[1041,1882,1821],"class_list":["post-133721","post","type-post","status-publish","format-standard","has-post-thumbnail","hentry","category-memorijalizacija-bhsc","tag-bih","tag-papa-franjo","tag-pomirenje"],"acf":[],"yoast_head":"<!-- This site is optimized with the Yoast SEO plugin v25.6 - https:\/\/yoast.com\/wordpress\/plugins\/seo\/ -->\n<title>Papa Franjo dan nakon posjete BiH: Proces pomirenja je naporan i te\u017eak, ali mogu\u0107 - REKOM ~ KOMRA ~ RECOM<\/title>\n<meta name=\"robots\" content=\"index, follow, max-snippet:-1, max-image-preview:large, max-video-preview:-1\" \/>\n<link rel=\"canonical\" href=\"https:\/\/www.recom.link\/bhsc\/papa-franjo-dan-nakon-posjete-bih-proces-pomirenja-je-naporan-i-tezak-ali-moguc\/\" \/>\n<meta property=\"og:locale\" content=\"en_US\" \/>\n<meta property=\"og:type\" content=\"article\" \/>\n<meta property=\"og:title\" content=\"Papa Franjo dan nakon posjete BiH: Proces pomirenja je naporan i te\u017eak, ali mogu\u0107 - REKOM ~ KOMRA ~ RECOM\" \/>\n<meta property=\"og:description\" content=\"Papa Franjo na Ko\u0161evu (Foto: Klix.ba) Papa Franjo je nakon posjete Sarajevu tokom dana\u0161njeg popodnevnog nagovora napravio kratki osvrt na...\" \/>\n<meta property=\"og:url\" content=\"https:\/\/www.recom.link\/bhsc\/papa-franjo-dan-nakon-posjete-bih-proces-pomirenja-je-naporan-i-tezak-ali-moguc\/\" \/>\n<meta property=\"og:site_name\" content=\"REKOM ~ KOMRA ~ RECOM\" \/>\n<meta property=\"article:publisher\" content=\"https:\/\/www.facebook.com\/ZaREKOM.PerKOMRA.ForRECOM\/\" \/>\n<meta property=\"article:published_time\" content=\"2015-06-08T10:25:04+00:00\" \/>\n<meta property=\"article:modified_time\" content=\"2020-04-10T12:04:39+00:00\" \/>\n<meta property=\"og:image\" content=\"https:\/\/www.recom.link\/wp-content\/uploads\/2015\/06\/papa.jpg\" \/>\n\t<meta property=\"og:image:width\" content=\"283\" \/>\n\t<meta property=\"og:image:height\" content=\"178\" \/>\n\t<meta property=\"og:image:type\" content=\"image\/jpeg\" \/>\n<meta name=\"author\" content=\"Recom Editor\" \/>\n<meta name=\"twitter:card\" content=\"summary_large_image\" \/>\n<meta name=\"twitter:creator\" content=\"@REKOM_KOMRA\" \/>\n<meta name=\"twitter:site\" content=\"@REKOM_KOMRA\" \/>\n<meta name=\"twitter:label1\" content=\"Written by\" \/>\n\t<meta name=\"twitter:data1\" content=\"Recom Editor\" \/>\n\t<meta name=\"twitter:label2\" content=\"Est. reading time\" \/>\n\t<meta name=\"twitter:data2\" content=\"6 minutes\" \/>\n<script type=\"application\/ld+json\" class=\"yoast-schema-graph\">{\"@context\":\"https:\/\/schema.org\",\"@graph\":[{\"@type\":\"WebPage\",\"@id\":\"https:\/\/www.recom.link\/bhsc\/papa-franjo-dan-nakon-posjete-bih-proces-pomirenja-je-naporan-i-tezak-ali-moguc\/\",\"url\":\"https:\/\/www.recom.link\/bhsc\/papa-franjo-dan-nakon-posjete-bih-proces-pomirenja-je-naporan-i-tezak-ali-moguc\/\",\"name\":\"Papa Franjo dan nakon posjete BiH: Proces pomirenja je naporan i te\u017eak, ali mogu\u0107 - REKOM ~ KOMRA ~ RECOM\",\"isPartOf\":{\"@id\":\"https:\/\/www.recom.link\/en\/#website\"},\"primaryImageOfPage\":{\"@id\":\"https:\/\/www.recom.link\/bhsc\/papa-franjo-dan-nakon-posjete-bih-proces-pomirenja-je-naporan-i-tezak-ali-moguc\/#primaryimage\"},\"image\":{\"@id\":\"https:\/\/www.recom.link\/bhsc\/papa-franjo-dan-nakon-posjete-bih-proces-pomirenja-je-naporan-i-tezak-ali-moguc\/#primaryimage\"},\"thumbnailUrl\":\"https:\/\/www.recom.link\/wp-content\/uploads\/2015\/06\/papa.jpg\",\"datePublished\":\"2015-06-08T10:25:04+00:00\",\"dateModified\":\"2020-04-10T12:04:39+00:00\",\"author\":{\"@id\":\"https:\/\/www.recom.link\/en\/#\/schema\/person\/0b0fce47cdf986c8b4194146b69999a3\"},\"breadcrumb\":{\"@id\":\"https:\/\/www.recom.link\/bhsc\/papa-franjo-dan-nakon-posjete-bih-proces-pomirenja-je-naporan-i-tezak-ali-moguc\/#breadcrumb\"},\"inLanguage\":\"bhsc\",\"potentialAction\":[{\"@type\":\"ReadAction\",\"target\":[\"https:\/\/www.recom.link\/bhsc\/papa-franjo-dan-nakon-posjete-bih-proces-pomirenja-je-naporan-i-tezak-ali-moguc\/\"]}]},{\"@type\":\"ImageObject\",\"inLanguage\":\"bhsc\",\"@id\":\"https:\/\/www.recom.link\/bhsc\/papa-franjo-dan-nakon-posjete-bih-proces-pomirenja-je-naporan-i-tezak-ali-moguc\/#primaryimage\",\"url\":\"https:\/\/www.recom.link\/wp-content\/uploads\/2015\/06\/papa.jpg\",\"contentUrl\":\"https:\/\/www.recom.link\/wp-content\/uploads\/2015\/06\/papa.jpg\",\"width\":283,\"height\":178},{\"@type\":\"BreadcrumbList\",\"@id\":\"https:\/\/www.recom.link\/bhsc\/papa-franjo-dan-nakon-posjete-bih-proces-pomirenja-je-naporan-i-tezak-ali-moguc\/#breadcrumb\",\"itemListElement\":[{\"@type\":\"ListItem\",\"position\":1,\"name\":\"Home\",\"item\":\"https:\/\/www.recom.link\/en\/\"},{\"@type\":\"ListItem\",\"position\":2,\"name\":\"Papa Franjo dan nakon posjete BiH: Proces pomirenja je naporan i te\u017eak, ali mogu\u0107\"}]},{\"@type\":\"WebSite\",\"@id\":\"https:\/\/www.recom.link\/en\/#website\",\"url\":\"https:\/\/www.recom.link\/en\/\",\"name\":\"REKOM ~ KOMRA ~ RECOM\",\"description\":\"\",\"potentialAction\":[{\"@type\":\"SearchAction\",\"target\":{\"@type\":\"EntryPoint\",\"urlTemplate\":\"https:\/\/www.recom.link\/en\/?s={search_term_string}\"},\"query-input\":{\"@type\":\"PropertyValueSpecification\",\"valueRequired\":true,\"valueName\":\"search_term_string\"}}],\"inLanguage\":\"bhsc\"},{\"@type\":\"Person\",\"@id\":\"https:\/\/www.recom.link\/en\/#\/schema\/person\/0b0fce47cdf986c8b4194146b69999a3\",\"name\":\"Recom Editor\",\"image\":{\"@type\":\"ImageObject\",\"inLanguage\":\"bhsc\",\"@id\":\"https:\/\/www.recom.link\/en\/#\/schema\/person\/image\/\",\"url\":\"https:\/\/secure.gravatar.com\/avatar\/b345ee03975bccfc62280b0fd1ffd916?s=96&d=mm&r=g\",\"contentUrl\":\"https:\/\/secure.gravatar.com\/avatar\/b345ee03975bccfc62280b0fd1ffd916?s=96&d=mm&r=g\",\"caption\":\"Recom Editor\"},\"url\":\"https:\/\/www.recom.link\/bhsc\/author\/jelanag\/\"}]}<\/script>\n<!-- \/ Yoast SEO plugin. -->","yoast_head_json":{"title":"Papa Franjo dan nakon posjete BiH: Proces pomirenja je naporan i te\u017eak, ali mogu\u0107 - REKOM ~ KOMRA ~ RECOM","robots":{"index":"index","follow":"follow","max-snippet":"max-snippet:-1","max-image-preview":"max-image-preview:large","max-video-preview":"max-video-preview:-1"},"canonical":"https:\/\/www.recom.link\/bhsc\/papa-franjo-dan-nakon-posjete-bih-proces-pomirenja-je-naporan-i-tezak-ali-moguc\/","og_locale":"en_US","og_type":"article","og_title":"Papa Franjo dan nakon posjete BiH: Proces pomirenja je naporan i te\u017eak, ali mogu\u0107 - REKOM ~ KOMRA ~ RECOM","og_description":"Papa Franjo na Ko\u0161evu (Foto: Klix.ba) Papa Franjo je nakon posjete Sarajevu tokom dana\u0161njeg popodnevnog nagovora napravio kratki osvrt na...","og_url":"https:\/\/www.recom.link\/bhsc\/papa-franjo-dan-nakon-posjete-bih-proces-pomirenja-je-naporan-i-tezak-ali-moguc\/","og_site_name":"REKOM ~ KOMRA ~ RECOM","article_publisher":"https:\/\/www.facebook.com\/ZaREKOM.PerKOMRA.ForRECOM\/","article_published_time":"2015-06-08T10:25:04+00:00","article_modified_time":"2020-04-10T12:04:39+00:00","og_image":[{"width":283,"height":178,"url":"https:\/\/www.recom.link\/wp-content\/uploads\/2015\/06\/papa.jpg","type":"image\/jpeg"}],"author":"Recom Editor","twitter_card":"summary_large_image","twitter_creator":"@REKOM_KOMRA","twitter_site":"@REKOM_KOMRA","twitter_misc":{"Written by":"Recom Editor","Est. reading time":"6 minutes"},"schema":{"@context":"https:\/\/schema.org","@graph":[{"@type":"WebPage","@id":"https:\/\/www.recom.link\/bhsc\/papa-franjo-dan-nakon-posjete-bih-proces-pomirenja-je-naporan-i-tezak-ali-moguc\/","url":"https:\/\/www.recom.link\/bhsc\/papa-franjo-dan-nakon-posjete-bih-proces-pomirenja-je-naporan-i-tezak-ali-moguc\/","name":"Papa Franjo dan nakon posjete BiH: Proces pomirenja je naporan i te\u017eak, ali mogu\u0107 - REKOM ~ KOMRA ~ RECOM","isPartOf":{"@id":"https:\/\/www.recom.link\/en\/#website"},"primaryImageOfPage":{"@id":"https:\/\/www.recom.link\/bhsc\/papa-franjo-dan-nakon-posjete-bih-proces-pomirenja-je-naporan-i-tezak-ali-moguc\/#primaryimage"},"image":{"@id":"https:\/\/www.recom.link\/bhsc\/papa-franjo-dan-nakon-posjete-bih-proces-pomirenja-je-naporan-i-tezak-ali-moguc\/#primaryimage"},"thumbnailUrl":"https:\/\/www.recom.link\/wp-content\/uploads\/2015\/06\/papa.jpg","datePublished":"2015-06-08T10:25:04+00:00","dateModified":"2020-04-10T12:04:39+00:00","author":{"@id":"https:\/\/www.recom.link\/en\/#\/schema\/person\/0b0fce47cdf986c8b4194146b69999a3"},"breadcrumb":{"@id":"https:\/\/www.recom.link\/bhsc\/papa-franjo-dan-nakon-posjete-bih-proces-pomirenja-je-naporan-i-tezak-ali-moguc\/#breadcrumb"},"inLanguage":"bhsc","potentialAction":[{"@type":"ReadAction","target":["https:\/\/www.recom.link\/bhsc\/papa-franjo-dan-nakon-posjete-bih-proces-pomirenja-je-naporan-i-tezak-ali-moguc\/"]}]},{"@type":"ImageObject","inLanguage":"bhsc","@id":"https:\/\/www.recom.link\/bhsc\/papa-franjo-dan-nakon-posjete-bih-proces-pomirenja-je-naporan-i-tezak-ali-moguc\/#primaryimage","url":"https:\/\/www.recom.link\/wp-content\/uploads\/2015\/06\/papa.jpg","contentUrl":"https:\/\/www.recom.link\/wp-content\/uploads\/2015\/06\/papa.jpg","width":283,"height":178},{"@type":"BreadcrumbList","@id":"https:\/\/www.recom.link\/bhsc\/papa-franjo-dan-nakon-posjete-bih-proces-pomirenja-je-naporan-i-tezak-ali-moguc\/#breadcrumb","itemListElement":[{"@type":"ListItem","position":1,"name":"Home","item":"https:\/\/www.recom.link\/en\/"},{"@type":"ListItem","position":2,"name":"Papa Franjo dan nakon posjete BiH: Proces pomirenja je naporan i te\u017eak, ali mogu\u0107"}]},{"@type":"WebSite","@id":"https:\/\/www.recom.link\/en\/#website","url":"https:\/\/www.recom.link\/en\/","name":"REKOM ~ KOMRA ~ RECOM","description":"","potentialAction":[{"@type":"SearchAction","target":{"@type":"EntryPoint","urlTemplate":"https:\/\/www.recom.link\/en\/?s={search_term_string}"},"query-input":{"@type":"PropertyValueSpecification","valueRequired":true,"valueName":"search_term_string"}}],"inLanguage":"bhsc"},{"@type":"Person","@id":"https:\/\/www.recom.link\/en\/#\/schema\/person\/0b0fce47cdf986c8b4194146b69999a3","name":"Recom Editor","image":{"@type":"ImageObject","inLanguage":"bhsc","@id":"https:\/\/www.recom.link\/en\/#\/schema\/person\/image\/","url":"https:\/\/secure.gravatar.com\/avatar\/b345ee03975bccfc62280b0fd1ffd916?s=96&d=mm&r=g","contentUrl":"https:\/\/secure.gravatar.com\/avatar\/b345ee03975bccfc62280b0fd1ffd916?s=96&d=mm&r=g","caption":"Recom Editor"},"url":"https:\/\/www.recom.link\/bhsc\/author\/jelanag\/"}]}},"_links":{"self":[{"href":"https:\/\/www.recom.link\/bhsc\/wp-json\/wp\/v2\/posts\/133721"}],"collection":[{"href":"https:\/\/www.recom.link\/bhsc\/wp-json\/wp\/v2\/posts"}],"about":[{"href":"https:\/\/www.recom.link\/bhsc\/wp-json\/wp\/v2\/types\/post"}],"author":[{"embeddable":true,"href":"https:\/\/www.recom.link\/bhsc\/wp-json\/wp\/v2\/users\/8"}],"replies":[{"embeddable":true,"href":"https:\/\/www.recom.link\/bhsc\/wp-json\/wp\/v2\/comments?post=133721"}],"version-history":[{"count":1,"href":"https:\/\/www.recom.link\/bhsc\/wp-json\/wp\/v2\/posts\/133721\/revisions"}],"predecessor-version":[{"id":178862,"href":"https:\/\/www.recom.link\/bhsc\/wp-json\/wp\/v2\/posts\/133721\/revisions\/178862"}],"wp:featuredmedia":[{"embeddable":true,"href":"https:\/\/www.recom.link\/bhsc\/wp-json\/wp\/v2\/media\/133716"}],"wp:attachment":[{"href":"https:\/\/www.recom.link\/bhsc\/wp-json\/wp\/v2\/media?parent=133721"}],"wp:term":[{"taxonomy":"category","embeddable":true,"href":"https:\/\/www.recom.link\/bhsc\/wp-json\/wp\/v2\/categories?post=133721"},{"taxonomy":"post_tag","embeddable":true,"href":"https:\/\/www.recom.link\/bhsc\/wp-json\/wp\/v2\/tags?post=133721"}],"curies":[{"name":"wp","href":"https:\/\/api.w.org\/{rel}","templated":true}]}}