{"id":133518,"date":"2015-05-25T09:34:24","date_gmt":"2015-05-25T08:34:24","guid":{"rendered":"http:\/\/www.recom.link\/secanje-na-masakr-kod-kapije-u-tuzli-2\/"},"modified":"2020-04-12T01:41:19","modified_gmt":"2020-04-12T00:41:19","slug":"secanje-na-masakr-kod-kapije-u-tuzli","status":"publish","type":"post","link":"https:\/\/www.recom.link\/bhsc\/secanje-na-masakr-kod-kapije-u-tuzli\/","title":{"rendered":"Se\u0107anje na masakr kod Kapije u Tuzli"},"content":{"rendered":"<p><a href=\"http:\/\/www.recom.link\/wp-content\/uploads\/2015\/05\/tuzla.jpg\"><img loading=\"lazy\" decoding=\"async\" class=\"alignnone size-medium wp-image-133467\" src=\"http:\/\/www.recom.link\/wp-content\/uploads\/2015\/05\/tuzla-300x158.jpg\" alt=\"tuzla\" width=\"300\" height=\"158\" srcset=\"https:\/\/www.recom.link\/wp-content\/uploads\/2015\/05\/tuzla-300x158.jpg 300w, https:\/\/www.recom.link\/wp-content\/uploads\/2015\/05\/tuzla.jpg 760w\" sizes=\"(max-width: 300px) 100vw, 300px\" \/><\/a><\/p>\n<p>&nbsp;<\/p>\n<p>Kapija je bila poznato mesto susretanja u gradu Tuzli, na \u0161etali\u0161tu u centru grada. Kao i u svakom gradu, kod te centralne ta\u010dke okupljanja mladi su i provodili vreme, stoje\u0107i oko Kapije, gde je tradicionalno po\u010dinjala i zavr\u0161avala se i svaka ve\u010dernja \u0161etnja. U ratnim godinama, takva besplatna gradska zabava pogotovo je postala va\u017enja, budu\u0107i da nikavih drugih sadr\u017eaja nije ni bilo u gradu.<\/p>\n<p>Tako je bilo i 25. maja 1995. godine, poslednje godine ratovanja. Gradska vreva je bila naro\u010dito \u017eiva, u ehu nekada\u0161njih proslava Dana mladosti. Vreme je bilo izuzetno lepo, toplo prole\u0107no, i centar Tuzle oko kapije bio je prepun ljudi. Granata ispaljena iz pravca Ozren planine pala je tik pored Kapije, u 20.55h. Masakrirana je 71 osoba, i ranjeno 150 ljudi. Prosek starosti stradalih je 24 godine. Zlo\u010din na Tuzlanskoj kapiji je jedan od najte\u017eih zlo\u010dina po\u010dinjenih nad civilima u ratu u Bosni i Hercegovini.<\/p>\n<p>Imena poginulih su: Dedovi\u0107 Razija, Brguljak Alma, Hasanovi\u0107 Senada, Rami\u0107 Fahrudin, Marinovic Pera, Musta\u010devi\u0107 Saban, Sarajli\u0107 Edhem, Beganovi\u0107 Adnan, Bakalovi\u0107 Asmir, Du\u0161i\u0107 Suzana, \u0106erimovic Almasa, Dapa Amir, Duzel Amir, Kurtali\u0107 Vesna, Memi\u0107 Edisa, \u0106aji\u0107 Sanja, Reki\u0107 Nedim, Vukovi\u0107 Mustafa, Hujdurovi\u0107 Adnan, Ahmeta\u0161evi\u0107 Edina, Mehinovi\u0107 Amira, Kantor Franc, Slijep\u010devi\u0107 Asim, Kalesi\u0107 Sandro, Hod\u017ei\u0107 Edin, Bori\u0107 Indira, Mehanovi\u0107 Sulejman, Kurba\u0161i\u0107 Damir, Tadi\u0107 Ilinka, Nuhanovi\u0107 Selma, Mehmedovi\u0107 Edin, \u0160i\u0161i\u0107 Nihad, \u010ceki\u0107 Amir, Okanovi\u0107 Indira, Bo\u0161njakovi\u0107 Ilvana, Alispahi\u0107 Admir, Rosi\u0107 Jasenko, Bojki\u0107 Damir, Muji\u0107 Samir, Rahmani Rajif, Jahi\u0107 Almir, Bucuk Lejla, Mujaba\u0161i\u0107 Azur, Vanti\u0107 Azur, Abuismail Suzana, Hasi\u010di\u0107 \u0160emsa, Salamovi\u0107 Senahid, Markovi\u0107 Nenad, Haki\u0107 Hamdija, Stjepanovi\u0107 Petar, Alagi\u0107 Elvis, Atikovi\u0107 Lejla, \u0160i\u0161i\u0107 Armin, Ponjavi\u0107 Rusmir, Hidanovi\u0107 Alem, Dedi\u0107 Zada, Kurbegovi\u0107 Vanja, Stoj\u010di\u0107 Jelena, Hrustanovi\u0107 Hasa, Had\u017ei\u0107 Ago, \u010cau\u0161evi\u0107 Selma, Mujanovi\u0107 Ne\u0161et, Mili\u0107 Adrijana, Cirak Samir, Fatu\u0161i\u0107 Muri, Murselovi\u0107 Elvir, Saimovi\u0107 Adnan, Sarajli\u0107 Jasminka. \u010cetiri osobe nisu identifikovane.<\/p>\n<p>U Srbiji, Inicijativa mladih za ljudska prava danima je sprovodila komemorativne akcije \u0161irom zemlje, i prikupljala potpise u knjigu \u017ealosti zbog ovog zlo\u010dina. Danas \u0107e ta knjiga \u017ealosti biti predata gradona\u010delniku Tuzle.<\/p>\n<p>Za ovaj zlo\u010din pred Sudom BiH 2010. godine izre\u010dena je pravosna\u017ena presuda Novaku \u0110uki\u0107u, koji je po komandnoj odgovornosti osu\u0111en na kaznu zatvora u trajanju od 25 godina.<\/p>\n<p>&nbsp;<\/p>\n","protected":false},"excerpt":{"rendered":"&nbsp; Kapija je bila poznato mesto susretanja u gradu Tuzli, na \u0161etali\u0161tu u centru grada. Kao i u svakom gradu,&#8230; ","protected":false},"author":8,"featured_media":133513,"comment_status":"closed","ping_status":"closed","sticky":false,"template":"","format":"standard","meta":{"_acf_changed":false,"footnotes":""},"categories":[1657],"tags":[1630,1844,1912],"class_list":["post-133518","post","type-post","status-publish","format-standard","has-post-thumbnail","hentry","category-memorijalizacija-bhsc","tag-memorijalizacija","tag-ratni-zlocini","tag-tuzla"],"acf":[],"yoast_head":"<!-- This site is optimized with the Yoast SEO plugin v25.6 - https:\/\/yoast.com\/wordpress\/plugins\/seo\/ -->\n<title>Se\u0107anje na masakr kod Kapije u Tuzli - REKOM ~ KOMRA ~ RECOM<\/title>\n<meta name=\"robots\" content=\"index, follow, max-snippet:-1, max-image-preview:large, max-video-preview:-1\" \/>\n<link rel=\"canonical\" href=\"https:\/\/www.recom.link\/bhsc\/secanje-na-masakr-kod-kapije-u-tuzli\/\" \/>\n<meta property=\"og:locale\" content=\"en_US\" \/>\n<meta property=\"og:type\" content=\"article\" \/>\n<meta property=\"og:title\" content=\"Se\u0107anje na masakr kod Kapije u Tuzli - REKOM ~ KOMRA ~ RECOM\" \/>\n<meta property=\"og:description\" content=\"&nbsp; Kapija je bila poznato mesto susretanja u gradu Tuzli, na \u0161etali\u0161tu u centru grada. Kao i u svakom gradu,...\" \/>\n<meta property=\"og:url\" content=\"https:\/\/www.recom.link\/bhsc\/secanje-na-masakr-kod-kapije-u-tuzli\/\" \/>\n<meta property=\"og:site_name\" content=\"REKOM ~ KOMRA ~ RECOM\" \/>\n<meta property=\"article:publisher\" content=\"https:\/\/www.facebook.com\/ZaREKOM.PerKOMRA.ForRECOM\/\" \/>\n<meta property=\"article:published_time\" content=\"2015-05-25T08:34:24+00:00\" \/>\n<meta property=\"article:modified_time\" content=\"2020-04-12T00:41:19+00:00\" \/>\n<meta property=\"og:image\" content=\"https:\/\/www.recom.link\/wp-content\/uploads\/2015\/05\/KapijaTuzla8.jpg\" \/>\n\t<meta property=\"og:image:width\" content=\"780\" \/>\n\t<meta property=\"og:image:height\" content=\"490\" \/>\n\t<meta property=\"og:image:type\" content=\"image\/jpeg\" \/>\n<meta name=\"author\" content=\"Recom Editor\" \/>\n<meta name=\"twitter:card\" content=\"summary_large_image\" \/>\n<meta name=\"twitter:creator\" content=\"@REKOM_KOMRA\" \/>\n<meta name=\"twitter:site\" content=\"@REKOM_KOMRA\" \/>\n<meta name=\"twitter:label1\" content=\"Written by\" \/>\n\t<meta name=\"twitter:data1\" content=\"Recom Editor\" \/>\n\t<meta name=\"twitter:label2\" content=\"Est. reading time\" \/>\n\t<meta name=\"twitter:data2\" content=\"2 minutes\" \/>\n<script type=\"application\/ld+json\" class=\"yoast-schema-graph\">{\"@context\":\"https:\/\/schema.org\",\"@graph\":[{\"@type\":\"WebPage\",\"@id\":\"https:\/\/www.recom.link\/bhsc\/secanje-na-masakr-kod-kapije-u-tuzli\/\",\"url\":\"https:\/\/www.recom.link\/bhsc\/secanje-na-masakr-kod-kapije-u-tuzli\/\",\"name\":\"Se\u0107anje na masakr kod Kapije u Tuzli - REKOM ~ KOMRA ~ RECOM\",\"isPartOf\":{\"@id\":\"https:\/\/www.recom.link\/en\/#website\"},\"primaryImageOfPage\":{\"@id\":\"https:\/\/www.recom.link\/bhsc\/secanje-na-masakr-kod-kapije-u-tuzli\/#primaryimage\"},\"image\":{\"@id\":\"https:\/\/www.recom.link\/bhsc\/secanje-na-masakr-kod-kapije-u-tuzli\/#primaryimage\"},\"thumbnailUrl\":\"https:\/\/www.recom.link\/wp-content\/uploads\/2015\/05\/KapijaTuzla8.jpg\",\"datePublished\":\"2015-05-25T08:34:24+00:00\",\"dateModified\":\"2020-04-12T00:41:19+00:00\",\"author\":{\"@id\":\"https:\/\/www.recom.link\/en\/#\/schema\/person\/0b0fce47cdf986c8b4194146b69999a3\"},\"breadcrumb\":{\"@id\":\"https:\/\/www.recom.link\/bhsc\/secanje-na-masakr-kod-kapije-u-tuzli\/#breadcrumb\"},\"inLanguage\":\"bhsc\",\"potentialAction\":[{\"@type\":\"ReadAction\",\"target\":[\"https:\/\/www.recom.link\/bhsc\/secanje-na-masakr-kod-kapije-u-tuzli\/\"]}]},{\"@type\":\"ImageObject\",\"inLanguage\":\"bhsc\",\"@id\":\"https:\/\/www.recom.link\/bhsc\/secanje-na-masakr-kod-kapije-u-tuzli\/#primaryimage\",\"url\":\"https:\/\/www.recom.link\/wp-content\/uploads\/2015\/05\/KapijaTuzla8.jpg\",\"contentUrl\":\"https:\/\/www.recom.link\/wp-content\/uploads\/2015\/05\/KapijaTuzla8.jpg\",\"width\":780,\"height\":490},{\"@type\":\"BreadcrumbList\",\"@id\":\"https:\/\/www.recom.link\/bhsc\/secanje-na-masakr-kod-kapije-u-tuzli\/#breadcrumb\",\"itemListElement\":[{\"@type\":\"ListItem\",\"position\":1,\"name\":\"Home\",\"item\":\"https:\/\/www.recom.link\/en\/\"},{\"@type\":\"ListItem\",\"position\":2,\"name\":\"Se\u0107anje na masakr kod Kapije u Tuzli\"}]},{\"@type\":\"WebSite\",\"@id\":\"https:\/\/www.recom.link\/en\/#website\",\"url\":\"https:\/\/www.recom.link\/en\/\",\"name\":\"REKOM ~ KOMRA ~ RECOM\",\"description\":\"\",\"potentialAction\":[{\"@type\":\"SearchAction\",\"target\":{\"@type\":\"EntryPoint\",\"urlTemplate\":\"https:\/\/www.recom.link\/en\/?s={search_term_string}\"},\"query-input\":{\"@type\":\"PropertyValueSpecification\",\"valueRequired\":true,\"valueName\":\"search_term_string\"}}],\"inLanguage\":\"bhsc\"},{\"@type\":\"Person\",\"@id\":\"https:\/\/www.recom.link\/en\/#\/schema\/person\/0b0fce47cdf986c8b4194146b69999a3\",\"name\":\"Recom Editor\",\"image\":{\"@type\":\"ImageObject\",\"inLanguage\":\"bhsc\",\"@id\":\"https:\/\/www.recom.link\/en\/#\/schema\/person\/image\/\",\"url\":\"https:\/\/secure.gravatar.com\/avatar\/b345ee03975bccfc62280b0fd1ffd916?s=96&d=mm&r=g\",\"contentUrl\":\"https:\/\/secure.gravatar.com\/avatar\/b345ee03975bccfc62280b0fd1ffd916?s=96&d=mm&r=g\",\"caption\":\"Recom Editor\"},\"url\":\"https:\/\/www.recom.link\/bhsc\/author\/jelanag\/\"}]}<\/script>\n<!-- \/ Yoast SEO plugin. -->","yoast_head_json":{"title":"Se\u0107anje na masakr kod Kapije u Tuzli - REKOM ~ KOMRA ~ RECOM","robots":{"index":"index","follow":"follow","max-snippet":"max-snippet:-1","max-image-preview":"max-image-preview:large","max-video-preview":"max-video-preview:-1"},"canonical":"https:\/\/www.recom.link\/bhsc\/secanje-na-masakr-kod-kapije-u-tuzli\/","og_locale":"en_US","og_type":"article","og_title":"Se\u0107anje na masakr kod Kapije u Tuzli - REKOM ~ KOMRA ~ RECOM","og_description":"&nbsp; Kapija je bila poznato mesto susretanja u gradu Tuzli, na \u0161etali\u0161tu u centru grada. Kao i u svakom gradu,...","og_url":"https:\/\/www.recom.link\/bhsc\/secanje-na-masakr-kod-kapije-u-tuzli\/","og_site_name":"REKOM ~ KOMRA ~ RECOM","article_publisher":"https:\/\/www.facebook.com\/ZaREKOM.PerKOMRA.ForRECOM\/","article_published_time":"2015-05-25T08:34:24+00:00","article_modified_time":"2020-04-12T00:41:19+00:00","og_image":[{"width":780,"height":490,"url":"https:\/\/www.recom.link\/wp-content\/uploads\/2015\/05\/KapijaTuzla8.jpg","type":"image\/jpeg"}],"author":"Recom Editor","twitter_card":"summary_large_image","twitter_creator":"@REKOM_KOMRA","twitter_site":"@REKOM_KOMRA","twitter_misc":{"Written by":"Recom Editor","Est. reading time":"2 minutes"},"schema":{"@context":"https:\/\/schema.org","@graph":[{"@type":"WebPage","@id":"https:\/\/www.recom.link\/bhsc\/secanje-na-masakr-kod-kapije-u-tuzli\/","url":"https:\/\/www.recom.link\/bhsc\/secanje-na-masakr-kod-kapije-u-tuzli\/","name":"Se\u0107anje na masakr kod Kapije u Tuzli - REKOM ~ KOMRA ~ RECOM","isPartOf":{"@id":"https:\/\/www.recom.link\/en\/#website"},"primaryImageOfPage":{"@id":"https:\/\/www.recom.link\/bhsc\/secanje-na-masakr-kod-kapije-u-tuzli\/#primaryimage"},"image":{"@id":"https:\/\/www.recom.link\/bhsc\/secanje-na-masakr-kod-kapije-u-tuzli\/#primaryimage"},"thumbnailUrl":"https:\/\/www.recom.link\/wp-content\/uploads\/2015\/05\/KapijaTuzla8.jpg","datePublished":"2015-05-25T08:34:24+00:00","dateModified":"2020-04-12T00:41:19+00:00","author":{"@id":"https:\/\/www.recom.link\/en\/#\/schema\/person\/0b0fce47cdf986c8b4194146b69999a3"},"breadcrumb":{"@id":"https:\/\/www.recom.link\/bhsc\/secanje-na-masakr-kod-kapije-u-tuzli\/#breadcrumb"},"inLanguage":"bhsc","potentialAction":[{"@type":"ReadAction","target":["https:\/\/www.recom.link\/bhsc\/secanje-na-masakr-kod-kapije-u-tuzli\/"]}]},{"@type":"ImageObject","inLanguage":"bhsc","@id":"https:\/\/www.recom.link\/bhsc\/secanje-na-masakr-kod-kapije-u-tuzli\/#primaryimage","url":"https:\/\/www.recom.link\/wp-content\/uploads\/2015\/05\/KapijaTuzla8.jpg","contentUrl":"https:\/\/www.recom.link\/wp-content\/uploads\/2015\/05\/KapijaTuzla8.jpg","width":780,"height":490},{"@type":"BreadcrumbList","@id":"https:\/\/www.recom.link\/bhsc\/secanje-na-masakr-kod-kapije-u-tuzli\/#breadcrumb","itemListElement":[{"@type":"ListItem","position":1,"name":"Home","item":"https:\/\/www.recom.link\/en\/"},{"@type":"ListItem","position":2,"name":"Se\u0107anje na masakr kod Kapije u Tuzli"}]},{"@type":"WebSite","@id":"https:\/\/www.recom.link\/en\/#website","url":"https:\/\/www.recom.link\/en\/","name":"REKOM ~ KOMRA ~ RECOM","description":"","potentialAction":[{"@type":"SearchAction","target":{"@type":"EntryPoint","urlTemplate":"https:\/\/www.recom.link\/en\/?s={search_term_string}"},"query-input":{"@type":"PropertyValueSpecification","valueRequired":true,"valueName":"search_term_string"}}],"inLanguage":"bhsc"},{"@type":"Person","@id":"https:\/\/www.recom.link\/en\/#\/schema\/person\/0b0fce47cdf986c8b4194146b69999a3","name":"Recom Editor","image":{"@type":"ImageObject","inLanguage":"bhsc","@id":"https:\/\/www.recom.link\/en\/#\/schema\/person\/image\/","url":"https:\/\/secure.gravatar.com\/avatar\/b345ee03975bccfc62280b0fd1ffd916?s=96&d=mm&r=g","contentUrl":"https:\/\/secure.gravatar.com\/avatar\/b345ee03975bccfc62280b0fd1ffd916?s=96&d=mm&r=g","caption":"Recom Editor"},"url":"https:\/\/www.recom.link\/bhsc\/author\/jelanag\/"}]}},"_links":{"self":[{"href":"https:\/\/www.recom.link\/bhsc\/wp-json\/wp\/v2\/posts\/133518"}],"collection":[{"href":"https:\/\/www.recom.link\/bhsc\/wp-json\/wp\/v2\/posts"}],"about":[{"href":"https:\/\/www.recom.link\/bhsc\/wp-json\/wp\/v2\/types\/post"}],"author":[{"embeddable":true,"href":"https:\/\/www.recom.link\/bhsc\/wp-json\/wp\/v2\/users\/8"}],"replies":[{"embeddable":true,"href":"https:\/\/www.recom.link\/bhsc\/wp-json\/wp\/v2\/comments?post=133518"}],"version-history":[{"count":1,"href":"https:\/\/www.recom.link\/bhsc\/wp-json\/wp\/v2\/posts\/133518\/revisions"}],"predecessor-version":[{"id":135619,"href":"https:\/\/www.recom.link\/bhsc\/wp-json\/wp\/v2\/posts\/133518\/revisions\/135619"}],"wp:featuredmedia":[{"embeddable":true,"href":"https:\/\/www.recom.link\/bhsc\/wp-json\/wp\/v2\/media\/133513"}],"wp:attachment":[{"href":"https:\/\/www.recom.link\/bhsc\/wp-json\/wp\/v2\/media?parent=133518"}],"wp:term":[{"taxonomy":"category","embeddable":true,"href":"https:\/\/www.recom.link\/bhsc\/wp-json\/wp\/v2\/categories?post=133518"},{"taxonomy":"post_tag","embeddable":true,"href":"https:\/\/www.recom.link\/bhsc\/wp-json\/wp\/v2\/tags?post=133518"}],"curies":[{"name":"wp","href":"https:\/\/api.w.org\/{rel}","templated":true}]}}