{"id":133466,"date":"2015-05-21T11:42:02","date_gmt":"2015-05-21T10:42:02","guid":{"rendered":"http:\/\/www.recom.link\/?p=133466"},"modified":"2020-04-12T01:42:17","modified_gmt":"2020-04-12T00:42:17","slug":"obelezavanje-dvadesete-godisnjice-masakra-na-tuzlanskoj-kapiji","status":"publish","type":"post","link":"https:\/\/www.recom.link\/bhsc\/obelezavanje-dvadesete-godisnjice-masakra-na-tuzlanskoj-kapiji\/","title":{"rendered":"Obele\u017eavanje dvadesete godi\u0161njice masakra na Tuzlanskoj kapiji &#8211; u Beogradu, Novom Sadu, Novom Pazaru i Ni\u0161u"},"content":{"rendered":"<p><a href=\"http:\/\/www.recom.link\/wp-content\/uploads\/2015\/05\/tuzla.jpg\"><img loading=\"lazy\" decoding=\"async\" class=\"alignnone size-medium wp-image-133467\" src=\"http:\/\/www.recom.link\/wp-content\/uploads\/2015\/05\/tuzla-300x158.jpg\" alt=\"tuzla\" width=\"300\" height=\"158\" srcset=\"https:\/\/www.recom.link\/wp-content\/uploads\/2015\/05\/tuzla-300x158.jpg 300w, https:\/\/www.recom.link\/wp-content\/uploads\/2015\/05\/tuzla.jpg 760w\" sizes=\"(max-width: 300px) 100vw, 300px\" \/><\/a><\/p>\n<header>\n<div class=\"col-md-12 single-title-container\"><span class=\"date\">\u00a0<\/span><\/div>\n<\/header>\n<p><em>Inicijativa mladih za ljudska prava<\/em> i aktivisti\u010dki pokret <em>Moja inicijativa<\/em> organizuju niz uli\u010dnih akcija u Srbiji povodom dvadesete godi\u0161njice masakra na Tuzlanskoj kapiji. Na uli\u010dnim akcijama aktivisti i aktivistkinje poziva\u0107e gra\u0111ane i gra\u0111anke da se upi\u0161u u knjigu \u017ealosti i iska\u017eu solidarnost sa \u017ertvama ovog zlo\u010dina i njihovim porodicama.<\/p>\n<p>Knjiga \u017ealosti bi\u0107e uru\u010dena gradona\u010delniku Tuzle i porodicama \u017ertava na komemoraciji 25. maja ove godine.<\/p>\n<p>Inicijativa mladih za ljudska prava poziva sve omladinske organizacije, politi\u010dke partije i njihove omladine, kao i predstavnike i predstavnice institucija da se upi\u0161u u knjigu \u017ealosti i na taj na\u010din odaju po\u010dast \u017ertvama ovog zlo\u010dina.<\/p>\n<p>Akcije \u0107e se odr\u017eati na slede\u0107im lokacijama:<\/p>\n<p><strong>Beograd<\/strong><\/p>\n<p>20. maj<\/p>\n<ul>\n<li>11.00 \u2013 13.00h na platou ispred Filozofskog fakulteta<\/li>\n<li>14.00 \u2013 16.00h ispred Pravnog fakulteta<\/li>\n<li>17.00 \u2013 19.00h ispred Fakulteta politi\u010dkih nauka<\/li>\n<\/ul>\n<p>22. maj<\/p>\n<ul>\n<li>16.00 \u2013 20.00h ispred Instituta Servantes u Knez Mihailovoj ulici<\/li>\n<\/ul>\n<p>23. maj<\/p>\n<ul>\n<li>16.00 \u2013 20.00h ispred Instituta Servantes u Knez Mihailovoj ulici<\/li>\n<\/ul>\n<p>24. maj<\/p>\n<ul>\n<li>11.00 \u2013 13.00h na Trgu Republike<\/li>\n<li>14.00 \u2013 16.00 na Trgu Milana Mladenovi\u0107a<\/li>\n<li>17.00 \u2013 19.00h ispred sportskog centra 25. maj<\/li>\n<\/ul>\n<p><strong>Ni\u0161 &#8211;\u00a0<\/strong>21. maj<\/p>\n<ul>\n<li>11.00 \u2013 13.00h na Trgu Kralja Milana ispred hotela Ambasador<\/li>\n<\/ul>\n<p><strong>Novi Pazar &#8211;\u00a0<\/strong>21.maj<\/p>\n<ul>\n<li>17.00 \u2013 20.00h u ulici 28. novembra kod \u0160adrvana<\/li>\n<\/ul>\n<p><strong>Novi Sad &#8211;\u00a0<\/strong>mesto i vreme \u0107e biti dodatno objavljeni<\/p>\n<p>25. maja 1995. godine Vojska Republike Srpske ispalila je sa polo\u017eaja na planini Ozren granatu na tuzlansku Kapiju, mesto okupljanja mladih u Tuzli. U ovom zlo\u010dinu ubijena je 71 mlada osoba. Prosek godina ubijenih bio je 23, a najma\u0111a \u017ertva imala je samo dve godine. Za ovaj zlo\u010din osu\u0111en je Novak \u0110uki\u0107, koji se trenutno nalazi u Srbiji i izbegava izdr\u017eavanje zatvorske kazne.<\/p>\n<p>&nbsp;<\/p>\n<p><span class=\"date\">(Objavljeno na\u00a0<a href=\"http:\/\/www.yihr.rs\/bhs\/obelezavanje-dvadesete-godisnjice-masakra-na-tuzlanskoj-kapiji-u-beogradu-novom-sadu-novom-pazaru-i-nisu\/\" target=\"_blank\" rel=\"noopener noreferrer\">Youth Initiative for Human Rights &#8211; Serbia<\/a>, 20.05.2015.)<\/span><\/p>\n","protected":false},"excerpt":{"rendered":"\u00a0 Inicijativa mladih za ljudska prava i aktivisti\u010dki pokret Moja inicijativa organizuju niz uli\u010dnih akcija u Srbiji povodom dvadesete godi\u0161njice&#8230; ","protected":false},"author":8,"featured_media":133467,"comment_status":"closed","ping_status":"closed","sticky":false,"template":"","format":"standard","meta":{"_acf_changed":false,"footnotes":""},"categories":[1657],"tags":[1630,1844,1037,1912],"class_list":["post-133466","post","type-post","status-publish","format-standard","has-post-thumbnail","hentry","category-memorijalizacija-bhsc","tag-memorijalizacija","tag-ratni-zlocini","tag-srbija","tag-tuzla"],"acf":[],"yoast_head":"<!-- This site is optimized with the Yoast SEO plugin v25.6 - https:\/\/yoast.com\/wordpress\/plugins\/seo\/ -->\n<title>Obele\u017eavanje dvadesete godi\u0161njice masakra na Tuzlanskoj kapiji - u Beogradu, Novom Sadu, Novom Pazaru i Ni\u0161u - REKOM ~ KOMRA ~ RECOM<\/title>\n<meta name=\"robots\" content=\"index, follow, max-snippet:-1, max-image-preview:large, max-video-preview:-1\" \/>\n<link rel=\"canonical\" href=\"https:\/\/www.recom.link\/bhsc\/obelezavanje-dvadesete-godisnjice-masakra-na-tuzlanskoj-kapiji\/\" \/>\n<meta property=\"og:locale\" content=\"en_US\" \/>\n<meta property=\"og:type\" content=\"article\" \/>\n<meta property=\"og:title\" content=\"Obele\u017eavanje dvadesete godi\u0161njice masakra na Tuzlanskoj kapiji - u Beogradu, Novom Sadu, Novom Pazaru i Ni\u0161u - REKOM ~ KOMRA ~ RECOM\" \/>\n<meta property=\"og:description\" content=\"\u00a0 Inicijativa mladih za ljudska prava i aktivisti\u010dki pokret Moja inicijativa organizuju niz uli\u010dnih akcija u Srbiji povodom dvadesete godi\u0161njice...\" \/>\n<meta property=\"og:url\" content=\"https:\/\/www.recom.link\/bhsc\/obelezavanje-dvadesete-godisnjice-masakra-na-tuzlanskoj-kapiji\/\" \/>\n<meta property=\"og:site_name\" content=\"REKOM ~ KOMRA ~ RECOM\" \/>\n<meta property=\"article:publisher\" content=\"https:\/\/www.facebook.com\/ZaREKOM.PerKOMRA.ForRECOM\/\" \/>\n<meta property=\"article:published_time\" content=\"2015-05-21T10:42:02+00:00\" \/>\n<meta property=\"article:modified_time\" content=\"2020-04-12T00:42:17+00:00\" \/>\n<meta property=\"og:image\" content=\"https:\/\/www.recom.link\/wp-content\/uploads\/2015\/05\/tuzla.jpg\" \/>\n\t<meta property=\"og:image:width\" content=\"760\" \/>\n\t<meta property=\"og:image:height\" content=\"400\" \/>\n\t<meta property=\"og:image:type\" content=\"image\/jpeg\" \/>\n<meta name=\"author\" content=\"Recom Editor\" \/>\n<meta name=\"twitter:card\" content=\"summary_large_image\" \/>\n<meta name=\"twitter:creator\" content=\"@REKOM_KOMRA\" \/>\n<meta name=\"twitter:site\" content=\"@REKOM_KOMRA\" \/>\n<meta name=\"twitter:label1\" content=\"Written by\" \/>\n\t<meta name=\"twitter:data1\" content=\"Recom Editor\" \/>\n\t<meta name=\"twitter:label2\" content=\"Est. reading time\" \/>\n\t<meta name=\"twitter:data2\" content=\"1 minute\" \/>\n<script type=\"application\/ld+json\" class=\"yoast-schema-graph\">{\"@context\":\"https:\/\/schema.org\",\"@graph\":[{\"@type\":\"WebPage\",\"@id\":\"https:\/\/www.recom.link\/bhsc\/obelezavanje-dvadesete-godisnjice-masakra-na-tuzlanskoj-kapiji\/\",\"url\":\"https:\/\/www.recom.link\/bhsc\/obelezavanje-dvadesete-godisnjice-masakra-na-tuzlanskoj-kapiji\/\",\"name\":\"Obele\u017eavanje dvadesete godi\u0161njice masakra na Tuzlanskoj kapiji - u Beogradu, Novom Sadu, Novom Pazaru i Ni\u0161u - REKOM ~ KOMRA ~ RECOM\",\"isPartOf\":{\"@id\":\"https:\/\/www.recom.link\/en\/#website\"},\"primaryImageOfPage\":{\"@id\":\"https:\/\/www.recom.link\/bhsc\/obelezavanje-dvadesete-godisnjice-masakra-na-tuzlanskoj-kapiji\/#primaryimage\"},\"image\":{\"@id\":\"https:\/\/www.recom.link\/bhsc\/obelezavanje-dvadesete-godisnjice-masakra-na-tuzlanskoj-kapiji\/#primaryimage\"},\"thumbnailUrl\":\"https:\/\/www.recom.link\/wp-content\/uploads\/2015\/05\/tuzla.jpg\",\"datePublished\":\"2015-05-21T10:42:02+00:00\",\"dateModified\":\"2020-04-12T00:42:17+00:00\",\"author\":{\"@id\":\"https:\/\/www.recom.link\/en\/#\/schema\/person\/0b0fce47cdf986c8b4194146b69999a3\"},\"breadcrumb\":{\"@id\":\"https:\/\/www.recom.link\/bhsc\/obelezavanje-dvadesete-godisnjice-masakra-na-tuzlanskoj-kapiji\/#breadcrumb\"},\"inLanguage\":\"bhsc\",\"potentialAction\":[{\"@type\":\"ReadAction\",\"target\":[\"https:\/\/www.recom.link\/bhsc\/obelezavanje-dvadesete-godisnjice-masakra-na-tuzlanskoj-kapiji\/\"]}]},{\"@type\":\"ImageObject\",\"inLanguage\":\"bhsc\",\"@id\":\"https:\/\/www.recom.link\/bhsc\/obelezavanje-dvadesete-godisnjice-masakra-na-tuzlanskoj-kapiji\/#primaryimage\",\"url\":\"https:\/\/www.recom.link\/wp-content\/uploads\/2015\/05\/tuzla.jpg\",\"contentUrl\":\"https:\/\/www.recom.link\/wp-content\/uploads\/2015\/05\/tuzla.jpg\",\"width\":760,\"height\":400},{\"@type\":\"BreadcrumbList\",\"@id\":\"https:\/\/www.recom.link\/bhsc\/obelezavanje-dvadesete-godisnjice-masakra-na-tuzlanskoj-kapiji\/#breadcrumb\",\"itemListElement\":[{\"@type\":\"ListItem\",\"position\":1,\"name\":\"Home\",\"item\":\"https:\/\/www.recom.link\/en\/\"},{\"@type\":\"ListItem\",\"position\":2,\"name\":\"Obele\u017eavanje dvadesete godi\u0161njice masakra na Tuzlanskoj kapiji &#8211; u Beogradu, Novom Sadu, Novom Pazaru i Ni\u0161u\"}]},{\"@type\":\"WebSite\",\"@id\":\"https:\/\/www.recom.link\/en\/#website\",\"url\":\"https:\/\/www.recom.link\/en\/\",\"name\":\"REKOM ~ KOMRA ~ RECOM\",\"description\":\"\",\"potentialAction\":[{\"@type\":\"SearchAction\",\"target\":{\"@type\":\"EntryPoint\",\"urlTemplate\":\"https:\/\/www.recom.link\/en\/?s={search_term_string}\"},\"query-input\":{\"@type\":\"PropertyValueSpecification\",\"valueRequired\":true,\"valueName\":\"search_term_string\"}}],\"inLanguage\":\"bhsc\"},{\"@type\":\"Person\",\"@id\":\"https:\/\/www.recom.link\/en\/#\/schema\/person\/0b0fce47cdf986c8b4194146b69999a3\",\"name\":\"Recom Editor\",\"image\":{\"@type\":\"ImageObject\",\"inLanguage\":\"bhsc\",\"@id\":\"https:\/\/www.recom.link\/en\/#\/schema\/person\/image\/\",\"url\":\"https:\/\/secure.gravatar.com\/avatar\/b345ee03975bccfc62280b0fd1ffd916?s=96&d=mm&r=g\",\"contentUrl\":\"https:\/\/secure.gravatar.com\/avatar\/b345ee03975bccfc62280b0fd1ffd916?s=96&d=mm&r=g\",\"caption\":\"Recom Editor\"},\"url\":\"https:\/\/www.recom.link\/bhsc\/author\/jelanag\/\"}]}<\/script>\n<!-- \/ Yoast SEO plugin. -->","yoast_head_json":{"title":"Obele\u017eavanje dvadesete godi\u0161njice masakra na Tuzlanskoj kapiji - u Beogradu, Novom Sadu, Novom Pazaru i Ni\u0161u - REKOM ~ KOMRA ~ RECOM","robots":{"index":"index","follow":"follow","max-snippet":"max-snippet:-1","max-image-preview":"max-image-preview:large","max-video-preview":"max-video-preview:-1"},"canonical":"https:\/\/www.recom.link\/bhsc\/obelezavanje-dvadesete-godisnjice-masakra-na-tuzlanskoj-kapiji\/","og_locale":"en_US","og_type":"article","og_title":"Obele\u017eavanje dvadesete godi\u0161njice masakra na Tuzlanskoj kapiji - u Beogradu, Novom Sadu, Novom Pazaru i Ni\u0161u - REKOM ~ KOMRA ~ RECOM","og_description":"\u00a0 Inicijativa mladih za ljudska prava i aktivisti\u010dki pokret Moja inicijativa organizuju niz uli\u010dnih akcija u Srbiji povodom dvadesete godi\u0161njice...","og_url":"https:\/\/www.recom.link\/bhsc\/obelezavanje-dvadesete-godisnjice-masakra-na-tuzlanskoj-kapiji\/","og_site_name":"REKOM ~ KOMRA ~ RECOM","article_publisher":"https:\/\/www.facebook.com\/ZaREKOM.PerKOMRA.ForRECOM\/","article_published_time":"2015-05-21T10:42:02+00:00","article_modified_time":"2020-04-12T00:42:17+00:00","og_image":[{"width":760,"height":400,"url":"https:\/\/www.recom.link\/wp-content\/uploads\/2015\/05\/tuzla.jpg","type":"image\/jpeg"}],"author":"Recom Editor","twitter_card":"summary_large_image","twitter_creator":"@REKOM_KOMRA","twitter_site":"@REKOM_KOMRA","twitter_misc":{"Written by":"Recom Editor","Est. reading time":"1 minute"},"schema":{"@context":"https:\/\/schema.org","@graph":[{"@type":"WebPage","@id":"https:\/\/www.recom.link\/bhsc\/obelezavanje-dvadesete-godisnjice-masakra-na-tuzlanskoj-kapiji\/","url":"https:\/\/www.recom.link\/bhsc\/obelezavanje-dvadesete-godisnjice-masakra-na-tuzlanskoj-kapiji\/","name":"Obele\u017eavanje dvadesete godi\u0161njice masakra na Tuzlanskoj kapiji - u Beogradu, Novom Sadu, Novom Pazaru i Ni\u0161u - REKOM ~ KOMRA ~ RECOM","isPartOf":{"@id":"https:\/\/www.recom.link\/en\/#website"},"primaryImageOfPage":{"@id":"https:\/\/www.recom.link\/bhsc\/obelezavanje-dvadesete-godisnjice-masakra-na-tuzlanskoj-kapiji\/#primaryimage"},"image":{"@id":"https:\/\/www.recom.link\/bhsc\/obelezavanje-dvadesete-godisnjice-masakra-na-tuzlanskoj-kapiji\/#primaryimage"},"thumbnailUrl":"https:\/\/www.recom.link\/wp-content\/uploads\/2015\/05\/tuzla.jpg","datePublished":"2015-05-21T10:42:02+00:00","dateModified":"2020-04-12T00:42:17+00:00","author":{"@id":"https:\/\/www.recom.link\/en\/#\/schema\/person\/0b0fce47cdf986c8b4194146b69999a3"},"breadcrumb":{"@id":"https:\/\/www.recom.link\/bhsc\/obelezavanje-dvadesete-godisnjice-masakra-na-tuzlanskoj-kapiji\/#breadcrumb"},"inLanguage":"bhsc","potentialAction":[{"@type":"ReadAction","target":["https:\/\/www.recom.link\/bhsc\/obelezavanje-dvadesete-godisnjice-masakra-na-tuzlanskoj-kapiji\/"]}]},{"@type":"ImageObject","inLanguage":"bhsc","@id":"https:\/\/www.recom.link\/bhsc\/obelezavanje-dvadesete-godisnjice-masakra-na-tuzlanskoj-kapiji\/#primaryimage","url":"https:\/\/www.recom.link\/wp-content\/uploads\/2015\/05\/tuzla.jpg","contentUrl":"https:\/\/www.recom.link\/wp-content\/uploads\/2015\/05\/tuzla.jpg","width":760,"height":400},{"@type":"BreadcrumbList","@id":"https:\/\/www.recom.link\/bhsc\/obelezavanje-dvadesete-godisnjice-masakra-na-tuzlanskoj-kapiji\/#breadcrumb","itemListElement":[{"@type":"ListItem","position":1,"name":"Home","item":"https:\/\/www.recom.link\/en\/"},{"@type":"ListItem","position":2,"name":"Obele\u017eavanje dvadesete godi\u0161njice masakra na Tuzlanskoj kapiji &#8211; u Beogradu, Novom Sadu, Novom Pazaru i Ni\u0161u"}]},{"@type":"WebSite","@id":"https:\/\/www.recom.link\/en\/#website","url":"https:\/\/www.recom.link\/en\/","name":"REKOM ~ KOMRA ~ RECOM","description":"","potentialAction":[{"@type":"SearchAction","target":{"@type":"EntryPoint","urlTemplate":"https:\/\/www.recom.link\/en\/?s={search_term_string}"},"query-input":{"@type":"PropertyValueSpecification","valueRequired":true,"valueName":"search_term_string"}}],"inLanguage":"bhsc"},{"@type":"Person","@id":"https:\/\/www.recom.link\/en\/#\/schema\/person\/0b0fce47cdf986c8b4194146b69999a3","name":"Recom Editor","image":{"@type":"ImageObject","inLanguage":"bhsc","@id":"https:\/\/www.recom.link\/en\/#\/schema\/person\/image\/","url":"https:\/\/secure.gravatar.com\/avatar\/b345ee03975bccfc62280b0fd1ffd916?s=96&d=mm&r=g","contentUrl":"https:\/\/secure.gravatar.com\/avatar\/b345ee03975bccfc62280b0fd1ffd916?s=96&d=mm&r=g","caption":"Recom Editor"},"url":"https:\/\/www.recom.link\/bhsc\/author\/jelanag\/"}]}},"_links":{"self":[{"href":"https:\/\/www.recom.link\/bhsc\/wp-json\/wp\/v2\/posts\/133466"}],"collection":[{"href":"https:\/\/www.recom.link\/bhsc\/wp-json\/wp\/v2\/posts"}],"about":[{"href":"https:\/\/www.recom.link\/bhsc\/wp-json\/wp\/v2\/types\/post"}],"author":[{"embeddable":true,"href":"https:\/\/www.recom.link\/bhsc\/wp-json\/wp\/v2\/users\/8"}],"replies":[{"embeddable":true,"href":"https:\/\/www.recom.link\/bhsc\/wp-json\/wp\/v2\/comments?post=133466"}],"version-history":[{"count":2,"href":"https:\/\/www.recom.link\/bhsc\/wp-json\/wp\/v2\/posts\/133466\/revisions"}],"predecessor-version":[{"id":178912,"href":"https:\/\/www.recom.link\/bhsc\/wp-json\/wp\/v2\/posts\/133466\/revisions\/178912"}],"wp:featuredmedia":[{"embeddable":true,"href":"https:\/\/www.recom.link\/bhsc\/wp-json\/wp\/v2\/media\/133467"}],"wp:attachment":[{"href":"https:\/\/www.recom.link\/bhsc\/wp-json\/wp\/v2\/media?parent=133466"}],"wp:term":[{"taxonomy":"category","embeddable":true,"href":"https:\/\/www.recom.link\/bhsc\/wp-json\/wp\/v2\/categories?post=133466"},{"taxonomy":"post_tag","embeddable":true,"href":"https:\/\/www.recom.link\/bhsc\/wp-json\/wp\/v2\/tags?post=133466"}],"curies":[{"name":"wp","href":"https:\/\/api.w.org\/{rel}","templated":true}]}}