{"id":124558,"date":"2014-11-15T13:01:52","date_gmt":"2014-11-15T12:01:52","guid":{"rendered":"http:\/\/www.recom.link\/?p=124558"},"modified":"2020-04-12T01:51:39","modified_gmt":"2020-04-12T00:51:39","slug":"rekom-uvod-u-konacnu-pobedu","status":"publish","type":"post","link":"https:\/\/www.recom.link\/bhsc\/rekom-uvod-u-konacnu-pobedu\/","title":{"rendered":"REKOM: Uvod u kona\u010dnu pobedu"},"content":{"rendered":"<p><strong>BEOGRAD &#8211;<\/strong><strong>15. novembar 2014.<\/strong><\/p>\n<p><img loading=\"lazy\" decoding=\"async\" class=\" size-full wp-image-57285 alignleft\" src=\"http:\/\/www.recom.link\/wp-content\/uploads\/2014\/06\/t_RT_Vojvodine_logo.jpg\" alt=\"t_RT_Vojvodine_logo.jpg\" width=\"160\" height=\"101\" \/><\/p>\n<p>&nbsp;<\/p>\n<p>&nbsp;<\/p>\n<p>&nbsp;<\/p>\n<p><strong>Predsednica Fonda za humanitarno pravo i koordinatorka procesa Rekom Nata\u0161a Kandi\u0107 ocenila je danas da su dr\u017eave regiona, 20 godina posle rata, prihvatile krivi\u010dne sankcije kao mehanizam za suo\u010davanje sa pro\u0161lo\u0161\u0107u, dok su organizacije civilnog sektora izgradile drugi mehanizam fokusiran na \u017ertve.<\/strong><\/p>\n<p>Kandi\u0107 je na Desetom forumu o tranzicionoj pravdi u postjugoslovenskim zemljama ukazala da je bilo veoma te\u0161ko i komplikovano inicirati da civilni sektor dobije politi\u010dku podr\u0161ku, odnosno bilo je potrebno dve godine da izaslanici predsednika dr\u017eava razmotre predloge Rekoma.<\/p>\n<p>Prema njenim re\u010dima, zadatak koalicije je da uvek izla\u017eu javnom sramo\u0107enju one koji su po\u010dinili zlo\u010dine.<\/p>\n<p>www.mc.rs<\/p>\n<p>Kandi\u0107 je, me\u0111utim, istakla da su izbori jedna od velikih prepreka za rad Rekoma, jer taman se sa jednim predsednikom postignu dogovori, promeni se garnitura, pa se mora opet po\u010dinjati sve ispo\u010detka.<\/p>\n<p>Javni zagovara\u010d inicijative Rekom Zdravko Grebo rekao je da dana\u0161nji dan predstavlja uvod u kona\u010dnu pobedu i da, iako se \u010duva velikih re\u010di, smatra da su organizacije civilnog dru\u0161tva postigle veliki uspeh.<\/p>\n<p>Od samog po\u010detka je bilo promena, pristupanja i odstupanja organizacija, kako je kome kapric nalagao, ali smo uradili veliki posao, ocenio je on i dodao da je zadatak Rekoma uvek bio jasan.<\/p>\n<p>Sada smo do\u0161li do faze u kojoj moramo da snage i energiju koju imamo predamo u ruke predsednika dr\u017eava, kako bi se cilj ispunio, rekao je Grebo i poru\u010dio da to ne \u010dini bez ikakve rezerve.<\/p>\n<p>Na\u0161 posao nije utvr\u0111ivanje krivi\u010dne odgovornosti, ve\u0107 \u010dinjenica o gubicima. Mi ne govorimo o krivici, ali svako od nas mora da ima \u010distu savest. Ratni zlo\u010dini, uzroci, okolnosti koji su do njih doveli nisu nebitni, ali to nije na\u0161 posao, rekao je Grebo.<\/p>\n<p>Koalicija za osnivanje Regionalne komisije za utvr\u0111ivanje \u010dinjenica o ratnim zlo\u010dinima i drugim te\u0161kim kr\u0161enjima ljudskih prava (REKOM) 26. marta 2011. godine usvojila je svoj Statut kao predlog pravnog akta za njeno osnivanje.<\/p>\n<p>Koalicija je potom zatra\u017eila od predsednika dr\u017eava regiona da imenuju izaslanike i na osnovu njihovih predloga pokrenu postupak za osnivanje te komisije.<\/p>\n<p>Zbog izbora novih \u010dlanova Predsedni\u0161tva Bosne i Hercegovine, javni zagovara\u010di \u0107e po konstituisanju vlasti ponovo razgovarati o imenovanju novih izaslanika i pridru\u017eivanju ovom me\u0111udr\u017eavnom projektu.<\/p>\n","protected":false},"excerpt":{"rendered":"BEOGRAD &#8211;15. novembar 2014. &nbsp; &nbsp; &nbsp; Predsednica Fonda za humanitarno pravo i koordinatorka procesa Rekom Nata\u0161a Kandi\u0107 ocenila je&#8230; ","protected":false},"author":8,"featured_media":0,"comment_status":"open","ping_status":"open","sticky":false,"template":"","format":"standard","meta":{"_acf_changed":false,"footnotes":""},"categories":[426],"tags":[1831,1574],"class_list":["post-124558","post","type-post","status-publish","format-standard","hentry","category-rekom-u-medijima-bhsc","tag-forum-za-tranzicionu-pravdu-bhsc","tag-proces-rekom"],"acf":[],"yoast_head":"<!-- This site is optimized with the Yoast SEO plugin v25.6 - https:\/\/yoast.com\/wordpress\/plugins\/seo\/ -->\n<title>REKOM: Uvod u kona\u010dnu pobedu - REKOM ~ KOMRA ~ RECOM<\/title>\n<meta name=\"robots\" content=\"index, follow, max-snippet:-1, max-image-preview:large, max-video-preview:-1\" \/>\n<link rel=\"canonical\" href=\"https:\/\/www.recom.link\/bhsc\/rekom-uvod-u-konacnu-pobedu\/\" \/>\n<meta property=\"og:locale\" content=\"en_US\" \/>\n<meta property=\"og:type\" content=\"article\" \/>\n<meta property=\"og:title\" content=\"REKOM: Uvod u kona\u010dnu pobedu - REKOM ~ KOMRA ~ RECOM\" \/>\n<meta property=\"og:description\" content=\"BEOGRAD &#8211;15. novembar 2014. &nbsp; &nbsp; &nbsp; Predsednica Fonda za humanitarno pravo i koordinatorka procesa Rekom Nata\u0161a Kandi\u0107 ocenila je...\" \/>\n<meta property=\"og:url\" content=\"https:\/\/www.recom.link\/bhsc\/rekom-uvod-u-konacnu-pobedu\/\" \/>\n<meta property=\"og:site_name\" content=\"REKOM ~ KOMRA ~ RECOM\" \/>\n<meta property=\"article:publisher\" content=\"https:\/\/www.facebook.com\/ZaREKOM.PerKOMRA.ForRECOM\/\" \/>\n<meta property=\"article:published_time\" content=\"2014-11-15T12:01:52+00:00\" \/>\n<meta property=\"article:modified_time\" content=\"2020-04-12T00:51:39+00:00\" \/>\n<meta property=\"og:image\" content=\"http:\/\/www.recom.link\/wp-content\/uploads\/2014\/06\/t_RT_Vojvodine_logo.jpg\" \/>\n<meta name=\"author\" content=\"Recom Editor\" \/>\n<meta name=\"twitter:card\" content=\"summary_large_image\" \/>\n<meta name=\"twitter:creator\" content=\"@REKOM_KOMRA\" \/>\n<meta name=\"twitter:site\" content=\"@REKOM_KOMRA\" \/>\n<meta name=\"twitter:label1\" content=\"Written by\" \/>\n\t<meta name=\"twitter:data1\" content=\"Recom Editor\" \/>\n\t<meta name=\"twitter:label2\" content=\"Est. reading time\" \/>\n\t<meta name=\"twitter:data2\" content=\"2 minutes\" \/>\n<script type=\"application\/ld+json\" class=\"yoast-schema-graph\">{\"@context\":\"https:\/\/schema.org\",\"@graph\":[{\"@type\":\"WebPage\",\"@id\":\"https:\/\/www.recom.link\/bhsc\/rekom-uvod-u-konacnu-pobedu\/\",\"url\":\"https:\/\/www.recom.link\/bhsc\/rekom-uvod-u-konacnu-pobedu\/\",\"name\":\"REKOM: Uvod u kona\u010dnu pobedu - REKOM ~ KOMRA ~ RECOM\",\"isPartOf\":{\"@id\":\"https:\/\/www.recom.link\/en\/#website\"},\"primaryImageOfPage\":{\"@id\":\"https:\/\/www.recom.link\/bhsc\/rekom-uvod-u-konacnu-pobedu\/#primaryimage\"},\"image\":{\"@id\":\"https:\/\/www.recom.link\/bhsc\/rekom-uvod-u-konacnu-pobedu\/#primaryimage\"},\"thumbnailUrl\":\"http:\/\/www.recom.link\/wp-content\/uploads\/2014\/06\/t_RT_Vojvodine_logo.jpg\",\"datePublished\":\"2014-11-15T12:01:52+00:00\",\"dateModified\":\"2020-04-12T00:51:39+00:00\",\"author\":{\"@id\":\"https:\/\/www.recom.link\/en\/#\/schema\/person\/0b0fce47cdf986c8b4194146b69999a3\"},\"breadcrumb\":{\"@id\":\"https:\/\/www.recom.link\/bhsc\/rekom-uvod-u-konacnu-pobedu\/#breadcrumb\"},\"inLanguage\":\"bhsc\",\"potentialAction\":[{\"@type\":\"ReadAction\",\"target\":[\"https:\/\/www.recom.link\/bhsc\/rekom-uvod-u-konacnu-pobedu\/\"]}]},{\"@type\":\"ImageObject\",\"inLanguage\":\"bhsc\",\"@id\":\"https:\/\/www.recom.link\/bhsc\/rekom-uvod-u-konacnu-pobedu\/#primaryimage\",\"url\":\"http:\/\/www.recom.link\/wp-content\/uploads\/2014\/06\/t_RT_Vojvodine_logo.jpg\",\"contentUrl\":\"http:\/\/www.recom.link\/wp-content\/uploads\/2014\/06\/t_RT_Vojvodine_logo.jpg\"},{\"@type\":\"BreadcrumbList\",\"@id\":\"https:\/\/www.recom.link\/bhsc\/rekom-uvod-u-konacnu-pobedu\/#breadcrumb\",\"itemListElement\":[{\"@type\":\"ListItem\",\"position\":1,\"name\":\"Home\",\"item\":\"https:\/\/www.recom.link\/en\/\"},{\"@type\":\"ListItem\",\"position\":2,\"name\":\"REKOM: Uvod u kona\u010dnu pobedu\"}]},{\"@type\":\"WebSite\",\"@id\":\"https:\/\/www.recom.link\/en\/#website\",\"url\":\"https:\/\/www.recom.link\/en\/\",\"name\":\"REKOM ~ KOMRA ~ RECOM\",\"description\":\"\",\"potentialAction\":[{\"@type\":\"SearchAction\",\"target\":{\"@type\":\"EntryPoint\",\"urlTemplate\":\"https:\/\/www.recom.link\/en\/?s={search_term_string}\"},\"query-input\":{\"@type\":\"PropertyValueSpecification\",\"valueRequired\":true,\"valueName\":\"search_term_string\"}}],\"inLanguage\":\"bhsc\"},{\"@type\":\"Person\",\"@id\":\"https:\/\/www.recom.link\/en\/#\/schema\/person\/0b0fce47cdf986c8b4194146b69999a3\",\"name\":\"Recom Editor\",\"image\":{\"@type\":\"ImageObject\",\"inLanguage\":\"bhsc\",\"@id\":\"https:\/\/www.recom.link\/en\/#\/schema\/person\/image\/\",\"url\":\"https:\/\/secure.gravatar.com\/avatar\/b345ee03975bccfc62280b0fd1ffd916?s=96&d=mm&r=g\",\"contentUrl\":\"https:\/\/secure.gravatar.com\/avatar\/b345ee03975bccfc62280b0fd1ffd916?s=96&d=mm&r=g\",\"caption\":\"Recom Editor\"},\"url\":\"https:\/\/www.recom.link\/bhsc\/author\/jelanag\/\"}]}<\/script>\n<!-- \/ Yoast SEO plugin. -->","yoast_head_json":{"title":"REKOM: Uvod u kona\u010dnu pobedu - REKOM ~ KOMRA ~ RECOM","robots":{"index":"index","follow":"follow","max-snippet":"max-snippet:-1","max-image-preview":"max-image-preview:large","max-video-preview":"max-video-preview:-1"},"canonical":"https:\/\/www.recom.link\/bhsc\/rekom-uvod-u-konacnu-pobedu\/","og_locale":"en_US","og_type":"article","og_title":"REKOM: Uvod u kona\u010dnu pobedu - REKOM ~ KOMRA ~ RECOM","og_description":"BEOGRAD &#8211;15. novembar 2014. &nbsp; &nbsp; &nbsp; Predsednica Fonda za humanitarno pravo i koordinatorka procesa Rekom Nata\u0161a Kandi\u0107 ocenila je...","og_url":"https:\/\/www.recom.link\/bhsc\/rekom-uvod-u-konacnu-pobedu\/","og_site_name":"REKOM ~ KOMRA ~ RECOM","article_publisher":"https:\/\/www.facebook.com\/ZaREKOM.PerKOMRA.ForRECOM\/","article_published_time":"2014-11-15T12:01:52+00:00","article_modified_time":"2020-04-12T00:51:39+00:00","og_image":[{"url":"http:\/\/www.recom.link\/wp-content\/uploads\/2014\/06\/t_RT_Vojvodine_logo.jpg","type":"","width":"","height":""}],"author":"Recom Editor","twitter_card":"summary_large_image","twitter_creator":"@REKOM_KOMRA","twitter_site":"@REKOM_KOMRA","twitter_misc":{"Written by":"Recom Editor","Est. reading time":"2 minutes"},"schema":{"@context":"https:\/\/schema.org","@graph":[{"@type":"WebPage","@id":"https:\/\/www.recom.link\/bhsc\/rekom-uvod-u-konacnu-pobedu\/","url":"https:\/\/www.recom.link\/bhsc\/rekom-uvod-u-konacnu-pobedu\/","name":"REKOM: Uvod u kona\u010dnu pobedu - REKOM ~ KOMRA ~ RECOM","isPartOf":{"@id":"https:\/\/www.recom.link\/en\/#website"},"primaryImageOfPage":{"@id":"https:\/\/www.recom.link\/bhsc\/rekom-uvod-u-konacnu-pobedu\/#primaryimage"},"image":{"@id":"https:\/\/www.recom.link\/bhsc\/rekom-uvod-u-konacnu-pobedu\/#primaryimage"},"thumbnailUrl":"http:\/\/www.recom.link\/wp-content\/uploads\/2014\/06\/t_RT_Vojvodine_logo.jpg","datePublished":"2014-11-15T12:01:52+00:00","dateModified":"2020-04-12T00:51:39+00:00","author":{"@id":"https:\/\/www.recom.link\/en\/#\/schema\/person\/0b0fce47cdf986c8b4194146b69999a3"},"breadcrumb":{"@id":"https:\/\/www.recom.link\/bhsc\/rekom-uvod-u-konacnu-pobedu\/#breadcrumb"},"inLanguage":"bhsc","potentialAction":[{"@type":"ReadAction","target":["https:\/\/www.recom.link\/bhsc\/rekom-uvod-u-konacnu-pobedu\/"]}]},{"@type":"ImageObject","inLanguage":"bhsc","@id":"https:\/\/www.recom.link\/bhsc\/rekom-uvod-u-konacnu-pobedu\/#primaryimage","url":"http:\/\/www.recom.link\/wp-content\/uploads\/2014\/06\/t_RT_Vojvodine_logo.jpg","contentUrl":"http:\/\/www.recom.link\/wp-content\/uploads\/2014\/06\/t_RT_Vojvodine_logo.jpg"},{"@type":"BreadcrumbList","@id":"https:\/\/www.recom.link\/bhsc\/rekom-uvod-u-konacnu-pobedu\/#breadcrumb","itemListElement":[{"@type":"ListItem","position":1,"name":"Home","item":"https:\/\/www.recom.link\/en\/"},{"@type":"ListItem","position":2,"name":"REKOM: Uvod u kona\u010dnu pobedu"}]},{"@type":"WebSite","@id":"https:\/\/www.recom.link\/en\/#website","url":"https:\/\/www.recom.link\/en\/","name":"REKOM ~ KOMRA ~ RECOM","description":"","potentialAction":[{"@type":"SearchAction","target":{"@type":"EntryPoint","urlTemplate":"https:\/\/www.recom.link\/en\/?s={search_term_string}"},"query-input":{"@type":"PropertyValueSpecification","valueRequired":true,"valueName":"search_term_string"}}],"inLanguage":"bhsc"},{"@type":"Person","@id":"https:\/\/www.recom.link\/en\/#\/schema\/person\/0b0fce47cdf986c8b4194146b69999a3","name":"Recom Editor","image":{"@type":"ImageObject","inLanguage":"bhsc","@id":"https:\/\/www.recom.link\/en\/#\/schema\/person\/image\/","url":"https:\/\/secure.gravatar.com\/avatar\/b345ee03975bccfc62280b0fd1ffd916?s=96&d=mm&r=g","contentUrl":"https:\/\/secure.gravatar.com\/avatar\/b345ee03975bccfc62280b0fd1ffd916?s=96&d=mm&r=g","caption":"Recom Editor"},"url":"https:\/\/www.recom.link\/bhsc\/author\/jelanag\/"}]}},"_links":{"self":[{"href":"https:\/\/www.recom.link\/bhsc\/wp-json\/wp\/v2\/posts\/124558"}],"collection":[{"href":"https:\/\/www.recom.link\/bhsc\/wp-json\/wp\/v2\/posts"}],"about":[{"href":"https:\/\/www.recom.link\/bhsc\/wp-json\/wp\/v2\/types\/post"}],"author":[{"embeddable":true,"href":"https:\/\/www.recom.link\/bhsc\/wp-json\/wp\/v2\/users\/8"}],"replies":[{"embeddable":true,"href":"https:\/\/www.recom.link\/bhsc\/wp-json\/wp\/v2\/comments?post=124558"}],"version-history":[{"count":3,"href":"https:\/\/www.recom.link\/bhsc\/wp-json\/wp\/v2\/posts\/124558\/revisions"}],"predecessor-version":[{"id":124561,"href":"https:\/\/www.recom.link\/bhsc\/wp-json\/wp\/v2\/posts\/124558\/revisions\/124561"}],"wp:attachment":[{"href":"https:\/\/www.recom.link\/bhsc\/wp-json\/wp\/v2\/media?parent=124558"}],"wp:term":[{"taxonomy":"category","embeddable":true,"href":"https:\/\/www.recom.link\/bhsc\/wp-json\/wp\/v2\/categories?post=124558"},{"taxonomy":"post_tag","embeddable":true,"href":"https:\/\/www.recom.link\/bhsc\/wp-json\/wp\/v2\/tags?post=124558"}],"curies":[{"name":"wp","href":"https:\/\/api.w.org\/{rel}","templated":true}]}}