{"id":122861,"date":"2014-11-16T15:38:38","date_gmt":"2014-11-16T14:38:38","guid":{"rendered":"http:\/\/www.recom.link\/?p=122861"},"modified":"2020-08-13T15:54:06","modified_gmt":"2020-08-13T14:54:06","slug":"munira-subasic","status":"publish","type":"post","link":"https:\/\/www.recom.link\/bhsc\/munira-subasic\/","title":{"rendered":"Munira Suba\u0161i\u0107"},"content":{"rendered":"<p><a href=\"http:\/\/recom.link\/bs\/x-medunarodni-forum-za-tranzicionu-pravdu-u-post-jugoslovenskim-zemljama-3\/\"><strong>Deseti forum za tranzicionu pravdu<\/strong><\/a>\u00a0u postjugoslovenskim zemljama<\/p>\n<p>15-16.11.2014. godine, Beograd, Srbija<\/p>\n<p><strong>Munira Suba\u0161i\u0107,<\/strong>\u00a0predsednica \u201ePokreta majki enklava Srebrenice i \u017depe\u201c.<span id=\"more-122861\"><\/span><\/p>\n<p>\u201eJa sam u genocidu u Srebrenici izgubila dvadeset dva \u010dlana moje u\u017ee familije i mo\u017eda preko stotinu \u0161ire. Pro\u0161le godine ukopala sam samo dvije male ko\u0161\u010dice mog sina Nermina koje su na\u0111ene u dvije masovne grobnice, dvadeset pet kilometara jedna od druge. I mislim da ja nisam takvo dijete rodila, da sam rodila i sa rukama i sa nogama i o\u010dima i glavom i sve. Na\u017ealost, eto. Ali opet imam ni\u0161an me\u0111u 6.500 njegovih drugova, kom\u0161ija, prijatelja, pa sam nekako zadovoljna.\u00a0<strong>Na\u0161la sam bar mali smiraj.\u201d<\/strong><\/p>\n<p>&nbsp;<\/p>\n<p><iframe loading=\"lazy\" title=\"Deseti Forum Za Tranzicionu Pravdu- Svedocenje Subasic, 15.-16. novembar 2014, Beograd\" width=\"500\" height=\"281\" src=\"https:\/\/www.youtube.com\/embed\/jq2cE4O-rvo?feature=oembed\" frameborder=\"0\" allow=\"accelerometer; autoplay; clipboard-write; encrypted-media; gyroscope; picture-in-picture; web-share\" referrerpolicy=\"strict-origin-when-cross-origin\" allowfullscreen><\/iframe><\/p>\n<p>Transkript (PDF):\u00a0<strong><a href=\"http:\/\/recom.link\/wp-content\/uploads\/2014\/11\/Svedo%C4%8Denje-Munira-Suba%C5%A1i%C4%87.pdf\">Svedo\u010denje Munira Suba\u0161i\u0107<\/a><\/strong><\/p>\n","protected":false},"excerpt":{"rendered":"Ja sam u genocidu u Srebrenici izgubila dvadeset dva \u010dlana moje u\u017ee familije i mo\u017eda preko stotinu \u0161ire. Ukopala sam samo dvije male ko\u0161\u010dice mog sina Nermina, na\u0111ene u dvije masovne grobnice.","protected":false},"author":8,"featured_media":123792,"comment_status":"open","ping_status":"open","sticky":false,"template":"","format":"video","meta":{"_acf_changed":false,"footnotes":""},"categories":[1808,437,2361],"tags":[2151,2671,1844,815,2672],"class_list":["post-122861","post","type-post","status-publish","format-video","has-post-thumbnail","hentry","category-glas-zrtava","category-glas-zrtava-bhsc","category-transkript","tag-medjunarodni-forum-za-tranzicionu-pravdu","tag-munira-subasic","tag-ratni-zlocini","tag-srebrenica-1995-bhsc","tag-udruzenje-majke-srebrenice-i-zepe","post_format-post-format-video"],"acf":[],"yoast_head":"<!-- This site is optimized with the Yoast SEO plugin v25.6 - https:\/\/yoast.com\/wordpress\/plugins\/seo\/ -->\n<title>Munira Suba\u0161i\u0107 - REKOM ~ KOMRA ~ RECOM<\/title>\n<meta name=\"description\" content=\"&quot;Ja sam u genocidu u Srebrenici izgubila dvadeset dva \u010dlana moje u\u017ee familije i mo\u017eda preko stotinu \u0161ire. Na\u0161la sam bar mali smiraj.&quot;\" \/>\n<meta name=\"robots\" content=\"index, follow, max-snippet:-1, max-image-preview:large, max-video-preview:-1\" \/>\n<link rel=\"canonical\" href=\"https:\/\/www.recom.link\/en\/munira-subasic\/\" \/>\n<meta property=\"og:locale\" content=\"en_US\" \/>\n<meta property=\"og:type\" content=\"article\" \/>\n<meta property=\"og:title\" content=\"Munira Suba\u0161i\u0107: Telo sina na\u0111eno u dve masovne grobnice\" \/>\n<meta property=\"og:description\" content=\"&quot;Ja sam u genocidu u Srebrenici izgubila dvadeset dva \u010dlana moje u\u017ee familije i mo\u017eda preko stotinu \u0161ire. Na\u0161la sam bar mali smiraj.&quot; #ForumZaTranzicionuPravdu #GlasZrtava #REKOMforumi\" \/>\n<meta property=\"og:url\" content=\"https:\/\/www.recom.link\/en\/munira-subasic\/\" \/>\n<meta property=\"og:site_name\" content=\"REKOM ~ KOMRA ~ RECOM\" \/>\n<meta property=\"article:publisher\" content=\"https:\/\/www.facebook.com\/ZaREKOM.PerKOMRA.ForRECOM\/\" \/>\n<meta property=\"article:published_time\" content=\"2014-11-16T14:38:38+00:00\" \/>\n<meta property=\"article:modified_time\" content=\"2020-08-13T14:54:06+00:00\" \/>\n<meta property=\"og:image\" content=\"https:\/\/www.recom.link\/wp-content\/uploads\/2014\/11\/munira-subasic.jpeg\" \/>\n\t<meta property=\"og:image:width\" content=\"1280\" \/>\n\t<meta property=\"og:image:height\" content=\"852\" \/>\n\t<meta property=\"og:image:type\" content=\"image\/jpeg\" \/>\n<meta name=\"author\" content=\"Recom Editor\" \/>\n<meta name=\"twitter:card\" content=\"summary_large_image\" \/>\n<meta name=\"twitter:title\" content=\"Munira Suba\u0161i\u0107: Telo sina na\u0111eno u dve masovne grobnice\" \/>\n<meta name=\"twitter:description\" content=\"&quot;Ja sam u genocidu u Srebrenici izgubila dvadeset dva \u010dlana moje u\u017ee familije i mo\u017eda preko stotinu \u0161ire. Na\u0161la sam bar mali smiraj.&quot; #ForumZaTranzicionuPravdu #GlasZrtava #REKOMforumi\" \/>\n<meta name=\"twitter:creator\" content=\"@REKOM_KOMRA\" \/>\n<meta name=\"twitter:site\" content=\"@REKOM_KOMRA\" \/>\n<meta name=\"twitter:label1\" content=\"Written by\" \/>\n\t<meta name=\"twitter:data1\" content=\"Recom Editor\" \/>\n\t<meta name=\"twitter:label2\" content=\"Est. reading time\" \/>\n\t<meta name=\"twitter:data2\" content=\"1 minute\" \/>\n<script type=\"application\/ld+json\" class=\"yoast-schema-graph\">{\"@context\":\"https:\/\/schema.org\",\"@graph\":[{\"@type\":\"WebPage\",\"@id\":\"https:\/\/www.recom.link\/en\/munira-subasic\/\",\"url\":\"https:\/\/www.recom.link\/en\/munira-subasic\/\",\"name\":\"Munira Suba\u0161i\u0107 - REKOM ~ KOMRA ~ RECOM\",\"isPartOf\":{\"@id\":\"https:\/\/www.recom.link\/en\/#website\"},\"primaryImageOfPage\":{\"@id\":\"https:\/\/www.recom.link\/en\/munira-subasic\/#primaryimage\"},\"image\":{\"@id\":\"https:\/\/www.recom.link\/en\/munira-subasic\/#primaryimage\"},\"thumbnailUrl\":\"https:\/\/www.recom.link\/wp-content\/uploads\/2014\/11\/munira-subasic.jpeg\",\"datePublished\":\"2014-11-16T14:38:38+00:00\",\"dateModified\":\"2020-08-13T14:54:06+00:00\",\"author\":{\"@id\":\"https:\/\/www.recom.link\/en\/#\/schema\/person\/0b0fce47cdf986c8b4194146b69999a3\"},\"description\":\"\\\"Ja sam u genocidu u Srebrenici izgubila dvadeset dva \u010dlana moje u\u017ee familije i mo\u017eda preko stotinu \u0161ire. Na\u0161la sam bar mali smiraj.\\\"\",\"breadcrumb\":{\"@id\":\"https:\/\/www.recom.link\/en\/munira-subasic\/#breadcrumb\"},\"inLanguage\":\"bhsc\",\"potentialAction\":[{\"@type\":\"ReadAction\",\"target\":[\"https:\/\/www.recom.link\/en\/munira-subasic\/\"]}]},{\"@type\":\"ImageObject\",\"inLanguage\":\"bhsc\",\"@id\":\"https:\/\/www.recom.link\/en\/munira-subasic\/#primaryimage\",\"url\":\"https:\/\/www.recom.link\/wp-content\/uploads\/2014\/11\/munira-subasic.jpeg\",\"contentUrl\":\"https:\/\/www.recom.link\/wp-content\/uploads\/2014\/11\/munira-subasic.jpeg\",\"width\":1280,\"height\":852,\"caption\":\"Munira Suba\u0161i\u0107\"},{\"@type\":\"BreadcrumbList\",\"@id\":\"https:\/\/www.recom.link\/en\/munira-subasic\/#breadcrumb\",\"itemListElement\":[{\"@type\":\"ListItem\",\"position\":1,\"name\":\"Home\",\"item\":\"https:\/\/www.recom.link\/en\/\"},{\"@type\":\"ListItem\",\"position\":2,\"name\":\"Munira Suba\u0161i\u0107\"}]},{\"@type\":\"WebSite\",\"@id\":\"https:\/\/www.recom.link\/en\/#website\",\"url\":\"https:\/\/www.recom.link\/en\/\",\"name\":\"REKOM ~ KOMRA ~ RECOM\",\"description\":\"\",\"potentialAction\":[{\"@type\":\"SearchAction\",\"target\":{\"@type\":\"EntryPoint\",\"urlTemplate\":\"https:\/\/www.recom.link\/en\/?s={search_term_string}\"},\"query-input\":{\"@type\":\"PropertyValueSpecification\",\"valueRequired\":true,\"valueName\":\"search_term_string\"}}],\"inLanguage\":\"bhsc\"},{\"@type\":\"Person\",\"@id\":\"https:\/\/www.recom.link\/en\/#\/schema\/person\/0b0fce47cdf986c8b4194146b69999a3\",\"name\":\"Recom Editor\",\"image\":{\"@type\":\"ImageObject\",\"inLanguage\":\"bhsc\",\"@id\":\"https:\/\/www.recom.link\/en\/#\/schema\/person\/image\/\",\"url\":\"https:\/\/secure.gravatar.com\/avatar\/b345ee03975bccfc62280b0fd1ffd916?s=96&d=mm&r=g\",\"contentUrl\":\"https:\/\/secure.gravatar.com\/avatar\/b345ee03975bccfc62280b0fd1ffd916?s=96&d=mm&r=g\",\"caption\":\"Recom Editor\"},\"url\":\"https:\/\/www.recom.link\/bhsc\/author\/jelanag\/\"}]}<\/script>\n<!-- \/ Yoast SEO plugin. -->","yoast_head_json":{"title":"Munira Suba\u0161i\u0107 - REKOM ~ KOMRA ~ RECOM","description":"\"Ja sam u genocidu u Srebrenici izgubila dvadeset dva \u010dlana moje u\u017ee familije i mo\u017eda preko stotinu \u0161ire. Na\u0161la sam bar mali smiraj.\"","robots":{"index":"index","follow":"follow","max-snippet":"max-snippet:-1","max-image-preview":"max-image-preview:large","max-video-preview":"max-video-preview:-1"},"canonical":"https:\/\/www.recom.link\/en\/munira-subasic\/","og_locale":"en_US","og_type":"article","og_title":"Munira Suba\u0161i\u0107: Telo sina na\u0111eno u dve masovne grobnice","og_description":"\"Ja sam u genocidu u Srebrenici izgubila dvadeset dva \u010dlana moje u\u017ee familije i mo\u017eda preko stotinu \u0161ire. Na\u0161la sam bar mali smiraj.\" #ForumZaTranzicionuPravdu #GlasZrtava #REKOMforumi","og_url":"https:\/\/www.recom.link\/en\/munira-subasic\/","og_site_name":"REKOM ~ KOMRA ~ RECOM","article_publisher":"https:\/\/www.facebook.com\/ZaREKOM.PerKOMRA.ForRECOM\/","article_published_time":"2014-11-16T14:38:38+00:00","article_modified_time":"2020-08-13T14:54:06+00:00","og_image":[{"width":1280,"height":852,"url":"https:\/\/www.recom.link\/wp-content\/uploads\/2014\/11\/munira-subasic.jpeg","type":"image\/jpeg"}],"author":"Recom Editor","twitter_card":"summary_large_image","twitter_title":"Munira Suba\u0161i\u0107: Telo sina na\u0111eno u dve masovne grobnice","twitter_description":"\"Ja sam u genocidu u Srebrenici izgubila dvadeset dva \u010dlana moje u\u017ee familije i mo\u017eda preko stotinu \u0161ire. Na\u0161la sam bar mali smiraj.\" #ForumZaTranzicionuPravdu #GlasZrtava #REKOMforumi","twitter_creator":"@REKOM_KOMRA","twitter_site":"@REKOM_KOMRA","twitter_misc":{"Written by":"Recom Editor","Est. reading time":"1 minute"},"schema":{"@context":"https:\/\/schema.org","@graph":[{"@type":"WebPage","@id":"https:\/\/www.recom.link\/en\/munira-subasic\/","url":"https:\/\/www.recom.link\/en\/munira-subasic\/","name":"Munira Suba\u0161i\u0107 - REKOM ~ KOMRA ~ RECOM","isPartOf":{"@id":"https:\/\/www.recom.link\/en\/#website"},"primaryImageOfPage":{"@id":"https:\/\/www.recom.link\/en\/munira-subasic\/#primaryimage"},"image":{"@id":"https:\/\/www.recom.link\/en\/munira-subasic\/#primaryimage"},"thumbnailUrl":"https:\/\/www.recom.link\/wp-content\/uploads\/2014\/11\/munira-subasic.jpeg","datePublished":"2014-11-16T14:38:38+00:00","dateModified":"2020-08-13T14:54:06+00:00","author":{"@id":"https:\/\/www.recom.link\/en\/#\/schema\/person\/0b0fce47cdf986c8b4194146b69999a3"},"description":"\"Ja sam u genocidu u Srebrenici izgubila dvadeset dva \u010dlana moje u\u017ee familije i mo\u017eda preko stotinu \u0161ire. Na\u0161la sam bar mali smiraj.\"","breadcrumb":{"@id":"https:\/\/www.recom.link\/en\/munira-subasic\/#breadcrumb"},"inLanguage":"bhsc","potentialAction":[{"@type":"ReadAction","target":["https:\/\/www.recom.link\/en\/munira-subasic\/"]}]},{"@type":"ImageObject","inLanguage":"bhsc","@id":"https:\/\/www.recom.link\/en\/munira-subasic\/#primaryimage","url":"https:\/\/www.recom.link\/wp-content\/uploads\/2014\/11\/munira-subasic.jpeg","contentUrl":"https:\/\/www.recom.link\/wp-content\/uploads\/2014\/11\/munira-subasic.jpeg","width":1280,"height":852,"caption":"Munira Suba\u0161i\u0107"},{"@type":"BreadcrumbList","@id":"https:\/\/www.recom.link\/en\/munira-subasic\/#breadcrumb","itemListElement":[{"@type":"ListItem","position":1,"name":"Home","item":"https:\/\/www.recom.link\/en\/"},{"@type":"ListItem","position":2,"name":"Munira Suba\u0161i\u0107"}]},{"@type":"WebSite","@id":"https:\/\/www.recom.link\/en\/#website","url":"https:\/\/www.recom.link\/en\/","name":"REKOM ~ KOMRA ~ RECOM","description":"","potentialAction":[{"@type":"SearchAction","target":{"@type":"EntryPoint","urlTemplate":"https:\/\/www.recom.link\/en\/?s={search_term_string}"},"query-input":{"@type":"PropertyValueSpecification","valueRequired":true,"valueName":"search_term_string"}}],"inLanguage":"bhsc"},{"@type":"Person","@id":"https:\/\/www.recom.link\/en\/#\/schema\/person\/0b0fce47cdf986c8b4194146b69999a3","name":"Recom Editor","image":{"@type":"ImageObject","inLanguage":"bhsc","@id":"https:\/\/www.recom.link\/en\/#\/schema\/person\/image\/","url":"https:\/\/secure.gravatar.com\/avatar\/b345ee03975bccfc62280b0fd1ffd916?s=96&d=mm&r=g","contentUrl":"https:\/\/secure.gravatar.com\/avatar\/b345ee03975bccfc62280b0fd1ffd916?s=96&d=mm&r=g","caption":"Recom Editor"},"url":"https:\/\/www.recom.link\/bhsc\/author\/jelanag\/"}]}},"_links":{"self":[{"href":"https:\/\/www.recom.link\/bhsc\/wp-json\/wp\/v2\/posts\/122861"}],"collection":[{"href":"https:\/\/www.recom.link\/bhsc\/wp-json\/wp\/v2\/posts"}],"about":[{"href":"https:\/\/www.recom.link\/bhsc\/wp-json\/wp\/v2\/types\/post"}],"author":[{"embeddable":true,"href":"https:\/\/www.recom.link\/bhsc\/wp-json\/wp\/v2\/users\/8"}],"replies":[{"embeddable":true,"href":"https:\/\/www.recom.link\/bhsc\/wp-json\/wp\/v2\/comments?post=122861"}],"version-history":[{"count":11,"href":"https:\/\/www.recom.link\/bhsc\/wp-json\/wp\/v2\/posts\/122861\/revisions"}],"predecessor-version":[{"id":183896,"href":"https:\/\/www.recom.link\/bhsc\/wp-json\/wp\/v2\/posts\/122861\/revisions\/183896"}],"wp:featuredmedia":[{"embeddable":true,"href":"https:\/\/www.recom.link\/bhsc\/wp-json\/wp\/v2\/media\/123792"}],"wp:attachment":[{"href":"https:\/\/www.recom.link\/bhsc\/wp-json\/wp\/v2\/media?parent=122861"}],"wp:term":[{"taxonomy":"category","embeddable":true,"href":"https:\/\/www.recom.link\/bhsc\/wp-json\/wp\/v2\/categories?post=122861"},{"taxonomy":"post_tag","embeddable":true,"href":"https:\/\/www.recom.link\/bhsc\/wp-json\/wp\/v2\/tags?post=122861"}],"curies":[{"name":"wp","href":"https:\/\/api.w.org\/{rel}","templated":true}]}}