{"id":109519,"date":"2018-07-12T00:00:00","date_gmt":"2018-07-11T23:00:00","guid":{"rendered":"http:\/\/www.recom.link\/?p=109519"},"modified":"2020-04-04T23:57:58","modified_gmt":"2020-04-04T22:57:58","slug":"zasto-rekom-5","status":"publish","type":"post","link":"https:\/\/www.recom.link\/bhsc\/zasto-rekom-5\/","title":{"rendered":"Za\u0161to REKOM?"},"content":{"rendered":"<p>Mirko Klarin<!--more--><\/p>\n<p>Da li nam, zaista, treba takozvana Regionalna komisija za utvr\u0111ivanje \u010dinjenica o ratnim zlo\u010dinima i drugim te\u0161kim povredama ljudskih prava po\u010dinjenim na teritoriji nekada\u0161nje SFRJ?<\/p>\n<p>Zar u regionu danas nema va\u017enijih i pre\u010dih problema kojima bi trebalo da se bave razne dr\u017eavne komisije? Da pomenemo samo neke: nezaposlenost, siroma\u0161tvo, iseljavanje mladih, odliv mozgova, dramati\u010dno stanje u obrazovanju, zdravstvu, pravosu\u0111u\u2026 I za\u0161to bi se \u2013 umesto aktuelnim \u017eivotnim pitanjima koja se ti\u010du budu\u0107nosti regiona i dobrobiti njegovih ljudi \u2013 bavili onim \u0161to je bilo i pro\u0161lo i \u0161to se ne mo\u017ee menjati? Za\u0161to bi dopustili da nam se krvava balkanska pro\u0161lost prepre\u010di na putu ka blistavoj evropskoj \u00a0budu\u0107nosti?<\/p>\n<p>Uostalom, \u00a0utvr\u0111ivanjem \u010dinjenica o ratnim zlo\u010dinima se u protekle dve i po decenije bavio Ha\u0161ki tribunal. On je, istina, istra\u017eio tek vrh ledenog brega zlo\u010dina po\u010dinjenih u region tokom Devedesetih i procesuirao je ograni\u010deni broj po\u010dinilaca, budu\u0107i da ga je mandat obavezivao da se bavi samo najodgovornijima za najte\u017ea kr\u0161enja me\u0111unarodnog humanitarnog prava, pa su \u201csitne ribe\u201d provukle kroz njegovu mre\u017eu.<\/p>\n<p>Me\u0111utim, \u010dinjenice koje je Tribunal utvrdio u svojim presudama se u regionu uglavnom zanemaruju ili se prihvataju vrlo selektivno. Presu\u0111ene \u010dinjenice koje se ne uklapaju u dominiraju\u0107e narative o tome \u0161ta se dogodilo i ko je za to odgovoran se ignori\u0161u ili osporavaju, i njima se manipuli\u0161e kako bi se dokazala tribunalova pristrasnost. Budu\u0107i da sve sukobljene strane vide sebe prvenstveno kao \u017ertve zlo\u010dina koje su po\u010dinili drugi, za njih je veoma te\u0161ko da prihvate neprijatne \u010dinjenice i priznaju da je i njihova strana \u010dinila zverstva.<\/p>\n<p>Postoje, ne samo na Zapadnom Balkanu ve\u0107 i u takozvanoj me\u0111unarodnoj zajednici, politi\u010dki faktori koji smatraju da bi region bio danas bolji a ljudi u njemu sre\u0107niji da Tribunal nije osnovan i da se nije bavio istragama i utvr\u0111ivanjem \u010dinjenica o nekim od najte\u017eih zlo\u010dina po\u010dinjenih u Evropi nakon Drugog svetskog rata. I tvrde kako je, umesto toga, trebalo svu tu prljav\u0161tinu jednostavnoi pomesti pod tepih a kosture zatvoriti u podrume i plakare.<\/p>\n<p>Jednom smo to uradili, ali nam se kasnije razbilo o glavu. U ime svetle budu\u0107nosti pod zastavom \u201cbratstva i jedinstva\u201d, nakon Drugog svetskog rata smo svesno propustili da utvrdimo \u010dinjenice o tome \u0161ta je ko, kome i kako uradio pod okriljem borbe protiv okupatora, na koje smo svalili krivicu za sva po\u010dinjena zverstva.<\/p>\n<p>Zapravo, u prvih nekoliko decenija izgledalo je da \u201cpolitika zaborava\u201d i \u201cdru\u0161tvo bez memorije\u201d funkcioni\u0161e i da smo uspe\u0161no izbegli da nam se krvava pro\u0161lost me\u0161a u svetlu budu\u0107nost. A onda su nas u drugoj polovini osamdesetih, neodgovorni politi\u010dari, nesposobni da se suo\u010de sa politi\u010dkom i ekonomskom krizom ali \u010dvrsto re\u0161eni da sa\u010duvaju vlast, poveli putem koji \u2013 kako ga je jo\u0161 revolucionarne 1848. godine opisao austrijski pesnik Franz Grillparzer \u2013 od humanizma, preko nacionalizma vodi do bestijalizma<em>\u00a0(Von der Humanit\u00e4t, durch Nationalit\u00e4t, zur Bestialitat).<\/em>\u00a0Da bi u tome uspeli, po\u010deli su da ispod tepiha izvla\u010de prljav\u0161tine krvave pro\u0161losti i vade kosture iz ormara i podruma, raspiruju\u0107i iskonske strahove i \u017ee\u0111 za osvetom.<\/p>\n<p>Bilo je lako manipulisati mitovima o zlodelima koja su \u201cna\u0161ima\u201d naneli \u201cnjihovi\u201d, o stradalni\u0161tvu, \u017ertvovanju i \u201cdugovima\u201d koje treba naplatiti\u2026 budu\u0107i da nisu postojale nikakve utvr\u0111ene i presu\u0111ene \u010dinjenice o tome ko je kome \u0161ta u\u010dinio pod okriljem Drugog svetskog rata, \u010dinjenice koje mi mogle pobuditi razumnu sumnju u te mitove. Mitove koji, na \u017ealost, opstaju do danas.<\/p>\n<p>Ako ni\u0161ta drugo, \u010dinjenice koje su u proteklih 25 godina utvr\u0111ene u presudama Ha\u0161kog tribunala i one koje \u0107e, nadamo se, jednog dana utvrditi REKOM, ote\u017ea\u0107e nekim budu\u0107im \u201cspasiocima\u201d nacija da, manipuli\u0161u\u0107i odgovorno\u0161\u0107u za zlo\u010dine po\u010dinjene tokom Devedesetih, ponovo povedu svoje naivne podanike na put bestijalizma.<\/p>\n<p><em>Mirko Klarin,\u00a0novinar, inicijator ideje za osnivanje me\u0111unarodnog krivi\u010dnog suda koji je trebao da utvrdi odgovornost i pre samog izbijanja ratova, urednik agencije SENSE, koja je pratila celokupno delovanje suda u Hagu.<\/em><\/p>\n<p>(Objavljeno na\u00a0<a href=\"http:\/\/europeanwesternbalkans.rs\/zasto-rekom\/\" target=\"_blank\" rel=\"noopener noreferrer\">europeanwesternbalkans.rs\u00a0<\/a>12.7.2018.)<\/p>\n","protected":false},"excerpt":{"rendered":"Mirko Klarin","protected":false},"author":116,"featured_media":167363,"comment_status":"closed","ping_status":"closed","sticky":false,"template":"","format":"standard","meta":{"_acf_changed":false,"footnotes":""},"categories":[1707],"tags":[1823,2113],"class_list":["post-109519","post","type-post","status-publish","format-standard","has-post-thumbnail","hentry","category-pomirenje","tag-mirko-klarin","tag-recom-bhsc"],"acf":[],"yoast_head":"<!-- This site is optimized with the Yoast SEO plugin v25.6 - https:\/\/yoast.com\/wordpress\/plugins\/seo\/ -->\n<title>Za\u0161to REKOM? - REKOM ~ KOMRA ~ RECOM<\/title>\n<meta name=\"robots\" content=\"index, follow, max-snippet:-1, max-image-preview:large, max-video-preview:-1\" \/>\n<link rel=\"canonical\" href=\"https:\/\/www.recom.link\/bhsc\/zasto-rekom-5\/\" \/>\n<meta property=\"og:locale\" content=\"en_US\" \/>\n<meta property=\"og:type\" content=\"article\" \/>\n<meta property=\"og:title\" content=\"Za\u0161to REKOM? - REKOM ~ KOMRA ~ RECOM\" \/>\n<meta property=\"og:description\" content=\"Mirko Klarin\" \/>\n<meta property=\"og:url\" content=\"https:\/\/www.recom.link\/bhsc\/zasto-rekom-5\/\" \/>\n<meta property=\"og:site_name\" content=\"REKOM ~ KOMRA ~ RECOM\" \/>\n<meta property=\"article:publisher\" content=\"https:\/\/www.facebook.com\/ZaREKOM.PerKOMRA.ForRECOM\/\" \/>\n<meta property=\"article:published_time\" content=\"2018-07-11T23:00:00+00:00\" \/>\n<meta property=\"article:modified_time\" content=\"2020-04-04T22:57:58+00:00\" \/>\n<meta property=\"og:image\" content=\"https:\/\/www.recom.link\/wp-content\/uploads\/2018\/07\/mirko-klarin-6.jpg\" \/>\n\t<meta property=\"og:image:width\" content=\"1021\" \/>\n\t<meta property=\"og:image:height\" content=\"580\" \/>\n\t<meta property=\"og:image:type\" content=\"image\/jpeg\" \/>\n<meta name=\"author\" content=\"mihajlo\" \/>\n<meta name=\"twitter:card\" content=\"summary_large_image\" \/>\n<meta name=\"twitter:creator\" content=\"@REKOM_KOMRA\" \/>\n<meta name=\"twitter:site\" content=\"@REKOM_KOMRA\" \/>\n<meta name=\"twitter:label1\" content=\"Written by\" \/>\n\t<meta name=\"twitter:data1\" content=\"mihajlo\" \/>\n\t<meta name=\"twitter:label2\" content=\"Est. reading time\" \/>\n\t<meta name=\"twitter:data2\" content=\"4 minutes\" \/>\n<script type=\"application\/ld+json\" class=\"yoast-schema-graph\">{\"@context\":\"https:\/\/schema.org\",\"@graph\":[{\"@type\":\"WebPage\",\"@id\":\"https:\/\/www.recom.link\/bhsc\/zasto-rekom-5\/\",\"url\":\"https:\/\/www.recom.link\/bhsc\/zasto-rekom-5\/\",\"name\":\"Za\u0161to REKOM? - REKOM ~ KOMRA ~ RECOM\",\"isPartOf\":{\"@id\":\"https:\/\/www.recom.link\/en\/#website\"},\"primaryImageOfPage\":{\"@id\":\"https:\/\/www.recom.link\/bhsc\/zasto-rekom-5\/#primaryimage\"},\"image\":{\"@id\":\"https:\/\/www.recom.link\/bhsc\/zasto-rekom-5\/#primaryimage\"},\"thumbnailUrl\":\"https:\/\/www.recom.link\/wp-content\/uploads\/2018\/07\/mirko-klarin-6.jpg\",\"datePublished\":\"2018-07-11T23:00:00+00:00\",\"dateModified\":\"2020-04-04T22:57:58+00:00\",\"author\":{\"@id\":\"https:\/\/www.recom.link\/en\/#\/schema\/person\/c0862c436fe4eedec04aac0a2fb07530\"},\"breadcrumb\":{\"@id\":\"https:\/\/www.recom.link\/bhsc\/zasto-rekom-5\/#breadcrumb\"},\"inLanguage\":\"bhsc\",\"potentialAction\":[{\"@type\":\"ReadAction\",\"target\":[\"https:\/\/www.recom.link\/bhsc\/zasto-rekom-5\/\"]}]},{\"@type\":\"ImageObject\",\"inLanguage\":\"bhsc\",\"@id\":\"https:\/\/www.recom.link\/bhsc\/zasto-rekom-5\/#primaryimage\",\"url\":\"https:\/\/www.recom.link\/wp-content\/uploads\/2018\/07\/mirko-klarin-6.jpg\",\"contentUrl\":\"https:\/\/www.recom.link\/wp-content\/uploads\/2018\/07\/mirko-klarin-6.jpg\",\"width\":1021,\"height\":580},{\"@type\":\"BreadcrumbList\",\"@id\":\"https:\/\/www.recom.link\/bhsc\/zasto-rekom-5\/#breadcrumb\",\"itemListElement\":[{\"@type\":\"ListItem\",\"position\":1,\"name\":\"Home\",\"item\":\"https:\/\/www.recom.link\/en\/\"},{\"@type\":\"ListItem\",\"position\":2,\"name\":\"Za\u0161to REKOM?\"}]},{\"@type\":\"WebSite\",\"@id\":\"https:\/\/www.recom.link\/en\/#website\",\"url\":\"https:\/\/www.recom.link\/en\/\",\"name\":\"REKOM ~ KOMRA ~ RECOM\",\"description\":\"\",\"potentialAction\":[{\"@type\":\"SearchAction\",\"target\":{\"@type\":\"EntryPoint\",\"urlTemplate\":\"https:\/\/www.recom.link\/en\/?s={search_term_string}\"},\"query-input\":{\"@type\":\"PropertyValueSpecification\",\"valueRequired\":true,\"valueName\":\"search_term_string\"}}],\"inLanguage\":\"bhsc\"},{\"@type\":\"Person\",\"@id\":\"https:\/\/www.recom.link\/en\/#\/schema\/person\/c0862c436fe4eedec04aac0a2fb07530\",\"name\":\"mihajlo\",\"image\":{\"@type\":\"ImageObject\",\"inLanguage\":\"bhsc\",\"@id\":\"https:\/\/www.recom.link\/en\/#\/schema\/person\/image\/\",\"url\":\"https:\/\/secure.gravatar.com\/avatar\/fdf797cd3492e4836264e464108a55ee?s=96&d=mm&r=g\",\"contentUrl\":\"https:\/\/secure.gravatar.com\/avatar\/fdf797cd3492e4836264e464108a55ee?s=96&d=mm&r=g\",\"caption\":\"mihajlo\"},\"url\":\"https:\/\/www.recom.link\/bhsc\/author\/mihajlo\/\"}]}<\/script>\n<!-- \/ Yoast SEO plugin. -->","yoast_head_json":{"title":"Za\u0161to REKOM? - REKOM ~ KOMRA ~ RECOM","robots":{"index":"index","follow":"follow","max-snippet":"max-snippet:-1","max-image-preview":"max-image-preview:large","max-video-preview":"max-video-preview:-1"},"canonical":"https:\/\/www.recom.link\/bhsc\/zasto-rekom-5\/","og_locale":"en_US","og_type":"article","og_title":"Za\u0161to REKOM? - REKOM ~ KOMRA ~ RECOM","og_description":"Mirko Klarin","og_url":"https:\/\/www.recom.link\/bhsc\/zasto-rekom-5\/","og_site_name":"REKOM ~ KOMRA ~ RECOM","article_publisher":"https:\/\/www.facebook.com\/ZaREKOM.PerKOMRA.ForRECOM\/","article_published_time":"2018-07-11T23:00:00+00:00","article_modified_time":"2020-04-04T22:57:58+00:00","og_image":[{"width":1021,"height":580,"url":"https:\/\/www.recom.link\/wp-content\/uploads\/2018\/07\/mirko-klarin-6.jpg","type":"image\/jpeg"}],"author":"mihajlo","twitter_card":"summary_large_image","twitter_creator":"@REKOM_KOMRA","twitter_site":"@REKOM_KOMRA","twitter_misc":{"Written by":"mihajlo","Est. reading time":"4 minutes"},"schema":{"@context":"https:\/\/schema.org","@graph":[{"@type":"WebPage","@id":"https:\/\/www.recom.link\/bhsc\/zasto-rekom-5\/","url":"https:\/\/www.recom.link\/bhsc\/zasto-rekom-5\/","name":"Za\u0161to REKOM? - REKOM ~ KOMRA ~ RECOM","isPartOf":{"@id":"https:\/\/www.recom.link\/en\/#website"},"primaryImageOfPage":{"@id":"https:\/\/www.recom.link\/bhsc\/zasto-rekom-5\/#primaryimage"},"image":{"@id":"https:\/\/www.recom.link\/bhsc\/zasto-rekom-5\/#primaryimage"},"thumbnailUrl":"https:\/\/www.recom.link\/wp-content\/uploads\/2018\/07\/mirko-klarin-6.jpg","datePublished":"2018-07-11T23:00:00+00:00","dateModified":"2020-04-04T22:57:58+00:00","author":{"@id":"https:\/\/www.recom.link\/en\/#\/schema\/person\/c0862c436fe4eedec04aac0a2fb07530"},"breadcrumb":{"@id":"https:\/\/www.recom.link\/bhsc\/zasto-rekom-5\/#breadcrumb"},"inLanguage":"bhsc","potentialAction":[{"@type":"ReadAction","target":["https:\/\/www.recom.link\/bhsc\/zasto-rekom-5\/"]}]},{"@type":"ImageObject","inLanguage":"bhsc","@id":"https:\/\/www.recom.link\/bhsc\/zasto-rekom-5\/#primaryimage","url":"https:\/\/www.recom.link\/wp-content\/uploads\/2018\/07\/mirko-klarin-6.jpg","contentUrl":"https:\/\/www.recom.link\/wp-content\/uploads\/2018\/07\/mirko-klarin-6.jpg","width":1021,"height":580},{"@type":"BreadcrumbList","@id":"https:\/\/www.recom.link\/bhsc\/zasto-rekom-5\/#breadcrumb","itemListElement":[{"@type":"ListItem","position":1,"name":"Home","item":"https:\/\/www.recom.link\/en\/"},{"@type":"ListItem","position":2,"name":"Za\u0161to REKOM?"}]},{"@type":"WebSite","@id":"https:\/\/www.recom.link\/en\/#website","url":"https:\/\/www.recom.link\/en\/","name":"REKOM ~ KOMRA ~ RECOM","description":"","potentialAction":[{"@type":"SearchAction","target":{"@type":"EntryPoint","urlTemplate":"https:\/\/www.recom.link\/en\/?s={search_term_string}"},"query-input":{"@type":"PropertyValueSpecification","valueRequired":true,"valueName":"search_term_string"}}],"inLanguage":"bhsc"},{"@type":"Person","@id":"https:\/\/www.recom.link\/en\/#\/schema\/person\/c0862c436fe4eedec04aac0a2fb07530","name":"mihajlo","image":{"@type":"ImageObject","inLanguage":"bhsc","@id":"https:\/\/www.recom.link\/en\/#\/schema\/person\/image\/","url":"https:\/\/secure.gravatar.com\/avatar\/fdf797cd3492e4836264e464108a55ee?s=96&d=mm&r=g","contentUrl":"https:\/\/secure.gravatar.com\/avatar\/fdf797cd3492e4836264e464108a55ee?s=96&d=mm&r=g","caption":"mihajlo"},"url":"https:\/\/www.recom.link\/bhsc\/author\/mihajlo\/"}]}},"_links":{"self":[{"href":"https:\/\/www.recom.link\/bhsc\/wp-json\/wp\/v2\/posts\/109519"}],"collection":[{"href":"https:\/\/www.recom.link\/bhsc\/wp-json\/wp\/v2\/posts"}],"about":[{"href":"https:\/\/www.recom.link\/bhsc\/wp-json\/wp\/v2\/types\/post"}],"author":[{"embeddable":true,"href":"https:\/\/www.recom.link\/bhsc\/wp-json\/wp\/v2\/users\/116"}],"replies":[{"embeddable":true,"href":"https:\/\/www.recom.link\/bhsc\/wp-json\/wp\/v2\/comments?post=109519"}],"version-history":[{"count":3,"href":"https:\/\/www.recom.link\/bhsc\/wp-json\/wp\/v2\/posts\/109519\/revisions"}],"predecessor-version":[{"id":145653,"href":"https:\/\/www.recom.link\/bhsc\/wp-json\/wp\/v2\/posts\/109519\/revisions\/145653"}],"wp:featuredmedia":[{"embeddable":true,"href":"https:\/\/www.recom.link\/bhsc\/wp-json\/wp\/v2\/media\/167363"}],"wp:attachment":[{"href":"https:\/\/www.recom.link\/bhsc\/wp-json\/wp\/v2\/media?parent=109519"}],"wp:term":[{"taxonomy":"category","embeddable":true,"href":"https:\/\/www.recom.link\/bhsc\/wp-json\/wp\/v2\/categories?post=109519"},{"taxonomy":"post_tag","embeddable":true,"href":"https:\/\/www.recom.link\/bhsc\/wp-json\/wp\/v2\/tags?post=109519"}],"curies":[{"name":"wp","href":"https:\/\/api.w.org\/{rel}","templated":true}]}}